{"id":402687,"date":"2025-09-19T15:56:10","date_gmt":"2025-09-19T15:56:10","guid":{"rendered":"https:\/\/www.europesays.com\/fr\/402687\/"},"modified":"2025-09-19T15:56:10","modified_gmt":"2025-09-19T15:56:10","slug":"ago-le-vrai-roi-des-rois","status":"publish","type":"post","link":"https:\/\/www.europesays.com\/fr\/402687\/","title":{"rendered":"Ago le vrai roi des rois\u2026"},"content":{"rendered":"<p>Il y a en ce moment une tentative de Liberty Media, une vraie m\u00e9connaissance de la comp\u00e9tition moto, pour que seuls soient retenus dans les tables de marbre les titres 500 et MotoGP. C&rsquo;est une vraie honte. Une profanation. Et bien entendu, silence total de la FIM. Donc Nieto (13 titres) n&rsquo;a pas exist\u00e9, Ago n&rsquo;a eu que neuf titres, pas quinze, tout \u00e7a est d&rsquo;une foutaise absolue. Et on en verra d&rsquo;autres, en ce moment les amerlos adorent choquer partout, certains diront que ce sont les temps modernes, Chaplin leur a r\u00e9pondu d&rsquo;avance. Avec GPOne (https:\/\/www.gpone.com\/it\/2025\/09\/18\/motogp\/agostini-bagnaia-ha-trovato-un-marquez-furibondo-e-ha-perso-la-grinta.html) ou <a href=\"https:\/\/www.gpone.com\/it\/2025\/09\/18\/motogp\/agostini-bagnaia-ha-trovato-un-marquez-furibondo-e-ha-perso-la-grinta.html\" target=\"_blank\" rel=\"nofollow noopener\"><strong>suivez le le lien ici<\/strong>\u00a0\u00a0<\/a>Ago ne parle pas de \u00e7a. Il \u00e9voque sa victoire \u00e0 Daytona en 1974, son premier d\u00e9placement aux USA, premi\u00e8re fois avec un moteur deux temps, premi\u00e8re fois sur la Yamaha TZ 700, premi\u00e8re fois sur un circuit comportant des virages relev\u00e9s. Roberts lui avait deux jours avant la course qu&rsquo;en moto, il y a l&rsquo;Am\u00e9rique qui est le vrai monde et l&rsquo;Europe qui est un figurant. Ago le bat \u00e0 Daytona et lui dit \u00ab <strong>alors l\u00e0 j&rsquo;ai battu le monde ?<\/strong> \u00bb Roberts a r\u00e9pondu \u00e0 Ago qu&rsquo;il n&rsquo;\u00e9tait pas humain. J&rsquo;adore cette histoire mais racont\u00e9e par \u00ab Mino \u00bb, c&rsquo;est g\u00e9ant. J&rsquo;ai donc traduit cette partie de l&rsquo;interview pour ceux qui n&rsquo;entravent pas un mot d&rsquo;italien. Il parle aussi de son \u00e9tonnement de voir Marquez aussi bon et aussi vite et Bagnaia, qu&rsquo;il esp\u00e9rait voir se battre, qui s&rsquo;effondre sans raisons. Giacomo confirme quand m\u00eame que c&rsquo;est le moral qui d\u00e9cide si tu gagnes ou non. Il explique aussi que lorsqu&rsquo;il \u00e9tait titr\u00e9 avant la fin de saison et ne roulait pas les derniers GP c&rsquo;\u00e9tait sur ordre du Comte Agusta, lui, son bonheur c&rsquo;\u00e9tait la course. Ago n&rsquo;est pas humain, dixit Roberts, mais il est exceptionnel, profitez en&#8230; Et bien s\u00fbr, il est quinze fois champion du monde, que\u00a0\u00e7a plaise \u00e0 Liberty ou pas\u2026 \u00a0<\/p>\n","protected":false},"excerpt":{"rendered":"Il y a en ce moment une tentative de Liberty Media, une vraie m\u00e9connaissance de la comp\u00e9tition moto,&hellip;\n","protected":false},"author":2,"featured_media":402688,"comment_status":"","ping_status":"","sticky":false,"template":"","format":"standard","meta":{"footnotes":""},"categories":[1413],"tags":[17,43628,1011,27,2173,1457,1456,1458,53401,60],"class_list":{"0":"post-402687","1":"post","2":"type-post","3":"status-publish","4":"format-standard","5":"has-post-thumbnail","7":"category-moto","8":"tag-17","9":"tag-agostini","10":"tag-fr","11":"tag-france","12":"tag-interview","13":"tag-moto","14":"tag-motocycle","15":"tag-motogp","16":"tag-roi-des-rois","17":"tag-sports"},"share_on_mastodon":{"url":"https:\/\/pubeurope.com\/@fr\/115231784155431889","error":""},"_links":{"self":[{"href":"https:\/\/www.europesays.com\/fr\/wp-json\/wp\/v2\/posts\/402687","targetHints":{"allow":["GET"]}}],"collection":[{"href":"https:\/\/www.europesays.com\/fr\/wp-json\/wp\/v2\/posts"}],"about":[{"href":"https:\/\/www.europesays.com\/fr\/wp-json\/wp\/v2\/types\/post"}],"author":[{"embeddable":true,"href":"https:\/\/www.europesays.com\/fr\/wp-json\/wp\/v2\/users\/2"}],"replies":[{"embeddable":true,"href":"https:\/\/www.europesays.com\/fr\/wp-json\/wp\/v2\/comments?post=402687"}],"version-history":[{"count":0,"href":"https:\/\/www.europesays.com\/fr\/wp-json\/wp\/v2\/posts\/402687\/revisions"}],"wp:featuredmedia":[{"embeddable":true,"href":"https:\/\/www.europesays.com\/fr\/wp-json\/wp\/v2\/media\/402688"}],"wp:attachment":[{"href":"https:\/\/www.europesays.com\/fr\/wp-json\/wp\/v2\/media?parent=402687"}],"wp:term":[{"taxonomy":"category","embeddable":true,"href":"https:\/\/www.europesays.com\/fr\/wp-json\/wp\/v2\/categories?post=402687"},{"taxonomy":"post_tag","embeddable":true,"href":"https:\/\/www.europesays.com\/fr\/wp-json\/wp\/v2\/tags?post=402687"}],"curies":[{"name":"wp","href":"https:\/\/api.w.org\/{rel}","templated":true}]}}