{"id":402689,"date":"2025-09-19T15:57:13","date_gmt":"2025-09-19T15:57:13","guid":{"rendered":"https:\/\/www.europesays.com\/fr\/402689\/"},"modified":"2025-09-19T15:57:13","modified_gmt":"2025-09-19T15:57:13","slug":"le-mercedes-eactros-600-officie-desormais-en-formule-1","status":"publish","type":"post","link":"https:\/\/www.europesays.com\/fr\/402689\/","title":{"rendered":"Le Mercedes eActros 600 officie d\u00e9sormais en Formule 1"},"content":{"rendered":"<p>                <img width=\"1200\" height=\"800\" src=\"https:\/\/www.europesays.com\/fr\/wp-content\/uploads\/2025\/09\/Mercedes-F1-Team-eactros-600.jpg\" class=\"attachment-post-thumbnail size-post-thumbnail wp-post-image\" alt=\"Mercedes F1 Team eactros 600\" decoding=\"async\" fetchpriority=\"high\"  \/>                <\/p>\n<p><strong>Pour la premi\u00e8re fois dans l\u2019histoire de la F1, une \u00e9curie a r\u00e9alis\u00e9 un d\u00e9placement international en utilisant un <a href=\"https:\/\/mobiwisy.fr\/categorie\/services\/camion-electrique\" target=\"_blank\" rel=\"noopener\">camion 100 % \u00e9lectrique<\/a>.<\/strong><\/p>\n<p>Qu\u2019est-ce qui pollue le plus en <a href=\"https:\/\/mobiwisy.fr\/services\/camion-electrique\/mercedes-amene-ses-f1-a-silverstone-en-camion-electrique\" target=\"_blank\" rel=\"noopener\">Formule 1<\/a> : les monoplaces comme les pensent les anti ou l\u2019ensemble du circus mondial de la logistique ? Chaque \u00e9quipe mobilise entre 40 et 50 poids lourds lors des courses europ\u00e9ennes pour transporter monoplaces, pi\u00e8ces, \u00e9quipements techniques et structures d\u2019accueil. Selon le rapport de durabilit\u00e9 de la discipline, la logistique repr\u00e9sente pr\u00e8s de la moiti\u00e9 (45 %) de l\u2019empreinte carbone totale du championnat. La FIA et la F1 se sont fix\u00e9 l\u2019objectif de neutralit\u00e9 carbone d\u2019ici 2030 : un d\u00e9fi qui passe in\u00e9vitablement par l\u2019\u00e9lectrification et les carburants alternatifs.<\/p>\n<p>Partant de ce constat, le <a href=\"https:\/\/www.mercedesamgf1.com\/\" target=\"_blank\" rel=\"noopener\">Mercedes-AMG PETRONAS Formula One Team<\/a> a \u00e9crit une nouvelle page dans l\u2019histoire de la Formule 1 en \u00e9tant modernisant son parc de transport. Un <a href=\"https:\/\/mobiwisy.fr\/services\/camion-electrique\/mercedes-eactros-600-un-client-revele-la-consommation-du-camion-electrique\" target=\"_blank\" rel=\"noopener\">eActros 600<\/a> a ainsi reli\u00e9 la base de Brackley (Royaume-Uni) au circuit de Zandvoort (Pays-Bas), soit 673 kilom\u00e8tres parcourus sans \u00e9missions directes de CO\u2082, \u00e0 l\u2019occasion du Grand Prix des Pays-Bas 2025, fin ao\u00fbt.<\/p>\n<p><img loading=\"lazy\" decoding=\"async\" width=\"1202\" height=\"800\" src=\"https:\/\/www.europesays.com\/fr\/wp-content\/uploads\/2025\/09\/Mercedes-F1-Team-eactros-600-2.jpg\" alt=\"Mercedes F1 Team eactros 600 2\" class=\"wp-image-122435\"  \/>673 km de distance, mais combien effectu\u00e9 sur un bateau ou un train pour traverser la Manche ? @Mercedes<\/p>\n<p class=\"cross-article__title\">\n        Cet article pourraitvous int\u00e9resser :    <\/p>\n<p>            <img decoding=\"async\" src=\"https:\/\/www.europesays.com\/fr\/wp-content\/uploads\/2025\/09\/TRUCKFLY-BY-MICHELIN-GPS-1200x675.jpg\"   alt=\"\"\/><\/p>\n<p>            <a href=\"https:\/\/mobiwisy.fr\/services\/guidage\/michelin-lance-truckfly-le-premier-gps-dedie-aux-poids-lourds\" target=\"_blank\" rel=\"noopener\"><br \/>\n                Michelin lance TruckFly, le premier GPS d\u00e9di\u00e9 aux poids lourds            <\/a><\/p>\n<p><strong>La F1 pour vitrine technologique<\/strong><\/p>\n<p>\u00c9lu Camion International de l\u2019Ann\u00e9e 2025, l\u2019<a href=\"https:\/\/mobiwisy.fr\/services\/camion-electrique\/lidl-recoit-en-italie-son-premier-mercedes-eactros-600-electrique\" target=\"_blank\" rel=\"noopener\">eActros 600<\/a> est \u00e9quip\u00e9 d\u2019une batterie de 600 kWh, con\u00e7ue pour parcourir jusqu\u2019\u00e0 1,2 million de kilom\u00e8tres sur dix ans. Il peut tracter 40 tonnes, r\u00e9pondant ainsi aux besoins d\u2019une \u00e9quipe de Formule 1. Sa puissance atteint 400 kW en continu (544 ch), avec des pointes \u00e0 600 kW (816 ch)\u2026 avec un couple capable de faire tourner la jante dans les pneus !<\/p>\n<p>C\u00f4t\u00e9 recharge, le poids lourd s\u2019appuie sur le syst\u00e8me MCS (Megawatt Charging System) : de 20 % \u00e0 80 % en 25 minutes seulement. Sur le trajet Brackley-Zandvoort, les donn\u00e9es ont confirm\u00e9 que le camion aurait pu r\u00e9aliser la distance compl\u00e8te avec une seule charge.<\/p>\n<p>L\u2019\u00e9lectrification ne remplacera pas, mais compl\u00e8tera, les efforts d\u00e9j\u00e0 engag\u00e9s par l\u2019\u00e9curie. Depuis 2022, <a href=\"https:\/\/mobiwisy.fr\/energie\/batterie\/logistique-mercedes-f1-team-veut-reduire-ses-emissions-de-co2-de-200-tonnes-par-an\" target=\"_blank\" rel=\"noopener\">Mercedes-AMG PETRONAS F1<\/a> utilise le biocarburant HVO100 pour ses camions et g\u00e9n\u00e9rateurs, \u00e9vitant plus de <a href=\"https:\/\/mobiwisy.fr\/services\/livraison\/logistique-de-mercedes-en-f1-500-tonnes-de-co2-en-2024\" target=\"_blank\" rel=\"noopener\">500 tonnes de CO\u2082 en une saison<\/a>. En combinant biocarburants \u00e9lectricit\u00e9 et bient\u00f4t hydrog\u00e8ne (Mercedes m\u00e8ne le d\u00e9veloppement d\u2019un <a href=\"https:\/\/mobiwisy.fr\/services\/camion-electrique\/une-nouvelle-grosse-commande-pour-le-mercedes-eactros-600\" target=\"_blank\" rel=\"noopener\">Actros<\/a> avec cette \u00e9nergie), l\u2019\u00e9curie explore plusieurs leviers pour r\u00e9duire son empreinte carbone.<\/p>\n<p><strong>\u00c0 LIRE AUSSI : <a href=\"https:\/\/mobiwisy.fr\/services\/camion-electrique\/retrofit-renault-trucks-electrise-ses-vieux-diesels\" target=\"_blank\" rel=\"noopener\">R\u00e9trofit : Renault Trucks \u00e9lectrise ses vieux diesels<\/a><\/strong><\/p>\n","protected":false},"excerpt":{"rendered":"Pour la premi\u00e8re fois dans l\u2019histoire de la F1, une \u00e9curie a r\u00e9alis\u00e9 un d\u00e9placement international en utilisant&hellip;\n","protected":false},"author":2,"featured_media":402690,"comment_status":"","ping_status":"","sticky":false,"template":"","format":"standard","meta":{"footnotes":""},"categories":[1412],"tags":[36261,1451,1452,1453,1454,1455,1011,27,4320,60],"class_list":{"0":"post-402689","1":"post","2":"type-post","3":"status-publish","4":"format-standard","5":"has-post-thumbnail","7":"category-f1","8":"tag-eactros","9":"tag-f1","10":"tag-formula-1","11":"tag-formula1","12":"tag-formule-1","13":"tag-formule1","14":"tag-fr","15":"tag-france","16":"tag-mercedes","17":"tag-sports"},"share_on_mastodon":{"url":"https:\/\/pubeurope.com\/@fr\/115231788406692671","error":""},"_links":{"self":[{"href":"https:\/\/www.europesays.com\/fr\/wp-json\/wp\/v2\/posts\/402689","targetHints":{"allow":["GET"]}}],"collection":[{"href":"https:\/\/www.europesays.com\/fr\/wp-json\/wp\/v2\/posts"}],"about":[{"href":"https:\/\/www.europesays.com\/fr\/wp-json\/wp\/v2\/types\/post"}],"author":[{"embeddable":true,"href":"https:\/\/www.europesays.com\/fr\/wp-json\/wp\/v2\/users\/2"}],"replies":[{"embeddable":true,"href":"https:\/\/www.europesays.com\/fr\/wp-json\/wp\/v2\/comments?post=402689"}],"version-history":[{"count":0,"href":"https:\/\/www.europesays.com\/fr\/wp-json\/wp\/v2\/posts\/402689\/revisions"}],"wp:featuredmedia":[{"embeddable":true,"href":"https:\/\/www.europesays.com\/fr\/wp-json\/wp\/v2\/media\/402690"}],"wp:attachment":[{"href":"https:\/\/www.europesays.com\/fr\/wp-json\/wp\/v2\/media?parent=402689"}],"wp:term":[{"taxonomy":"category","embeddable":true,"href":"https:\/\/www.europesays.com\/fr\/wp-json\/wp\/v2\/categories?post=402689"},{"taxonomy":"post_tag","embeddable":true,"href":"https:\/\/www.europesays.com\/fr\/wp-json\/wp\/v2\/tags?post=402689"}],"curies":[{"name":"wp","href":"https:\/\/api.w.org\/{rel}","templated":true}]}}