{"id":402691,"date":"2025-09-19T15:58:10","date_gmt":"2025-09-19T15:58:10","guid":{"rendered":"https:\/\/www.europesays.com\/fr\/402691\/"},"modified":"2025-09-19T15:58:10","modified_gmt":"2025-09-19T15:58:10","slug":"cyclisme-championnat-des-flandres-jonathan-milan-le-plus-rapide-et-champion-des-flandres","status":"publish","type":"post","link":"https:\/\/www.europesays.com\/fr\/402691\/","title":{"rendered":"Cyclisme. Championnat des Flandres &#8211; Jonathan Milan le plus rapide et champion des Flandres !"},"content":{"rendered":"<p>Consid\u00e9r\u00e9 comme l&rsquo;un des grands rendez-vous de la saison pour les hommes les plus rapides du peloton et s&rsquo;apparentant \u00e0 un v\u00e9ritable championnat du monde des sprinteurs, le\u00a0<strong><a href=\"https:\/\/www.cyclismactu.net\/..\/news-cyclisme-route-championnat-des-flandres-profil-favoris-kampioenschap-van-vlaanderen-2025-90207.html\" target=\"_blank\" rel=\"noopener\">Championnat des Flandres<\/a>\u00a0<\/strong>a de nouveau offert un sprint royal ce vendredi 19 septembre ! Avec un superbe plateau de sprinteurs au d\u00e9part, rien ne pouvait emp\u00eacher les meilleurs d&rsquo;entre eux de se jouer la gagne \u00e0 l&rsquo;issue des 12 tours du traditionnel circuit local \u00e0\u00a0Koolskamp. Et quelques minutes seulement apr\u00e8s la victoire de <strong><a href=\"https:\/\/www.cyclismactu.net\/..\/news-cyclisme-route-tour-de-luxembourg-mattias-skjelmose-3e-etape-et-jaune-gregoire-a-craque-90225.html\" target=\"_blank\" rel=\"noopener\">Mattias Skjelmose<\/a><\/strong>\u00a0au Luxembourg, c&rsquo;est son co\u00e9quipier <strong>Jonathan Milan<\/strong> qui a \u00e0 son tour lev\u00e9 les bras sur cette 109e \u00e9dition pour offrir \u00e0 la formation <strong>Lidl-Trek<\/strong> un tr\u00e8s beau doubl\u00e9 ! L&rsquo;Italien devance sur la ligne <strong>Dylan Groenewegen<\/strong> (Jayco-AlUla) et le Belge <strong>Tim Merlier<\/strong> (Soudal-QuickStep).<\/p>\n<p>Vid\u00e9o &#8211; Le maillot vert du Tour de France a fait parler la poudre Lire la suite de l&rsquo;article&#13;<\/p>\n<p>\u00a0<\/p>\n<p>&#13;<br \/>\nKooij se rate&#8230; Milan, Groenewegen et Merlier en tierc\u00e9 gagant&#13;<\/p>\n<p>Pour cette \u00e9preuve qui faisait \u00e9galement office de derni\u00e8re manche de la\u00a0<strong>Coupe de Belgique<\/strong>\u00a0(Lotto Belgium Cup), on attendait donc un affrontement spectaculaire entre trois des meilleurs sprinteurs du monde :\u00a0<strong>Tim Merlier<\/strong>\u00a0(Soudal Quick-Step),\u00a0<strong>Jonathan Milan<\/strong>\u00a0(Lidl-Trek) et\u00a0<strong><a href=\"https:\/\/www.cyclismactu.net\/..\/news-transfert-route-cinq-nouvelles-recrues-dont-olav-kooij-chez-decathlon-ag2r-mondiale-90032.html\" target=\"_blank\" rel=\"noopener\">Olav Kooij<\/a><\/strong>\u00a0(Visma | Lease a Bike) ! Mais c&rsquo;est finalement <strong>Dylan Groenewegen<\/strong>, parfaitement d\u00e9pos\u00e9 par son train de la <strong>Jayco AlUla<\/strong>, qui a lanc\u00e9 le sprint en t\u00eate dans la derni\u00e8re ligne droite.<\/p>\n<p>&#13;<\/p>\n<p>Le N\u00e9erlandais a offert une tr\u00e8s belle r\u00e9sistance \u00e0 <strong>Milan<\/strong>, mais c&rsquo;est bien ce dernier,\u00a0id\u00e9alement cal\u00e9 dans sa roue, qui a eu le dernier mot sur la ligne apr\u00e8s avoir fait parler sa puissance dans les derniers m\u00e8tres. Le podium est donc compl\u00e9t\u00e9 par le champion d&rsquo;Europe et tenant du titre <strong>Tim Merlier<\/strong>, qui n&rsquo;est pas parvenu \u00e0 conserver sa couronne, un exploit jamais r\u00e9alis\u00e9 ici-m\u00eame au 21e si\u00e8cle. Olav Kooij n&rsquo;a lui m\u00eame pas int\u00e9gr\u00e9 le top 10, au contraire de <strong>Jason Tesson<\/strong> (TotalEnergie), 8e sur la ligne et premier Fran\u00e7ais.<\/p>\n<p>Championnat des Flandres &#8211; Classement g\u00e9n\u00e9ral<\/p>\n","protected":false},"excerpt":{"rendered":"Consid\u00e9r\u00e9 comme l&rsquo;un des grands rendez-vous de la saison pour les hommes les plus rapides du peloton et&hellip;\n","protected":false},"author":2,"featured_media":402692,"comment_status":"","ping_status":"","sticky":false,"template":"","format":"standard","meta":{"footnotes":""},"categories":[1411],"tags":[53402,1154,207,211,1011,27,209,60,210,212,208,213],"class_list":{"0":"post-402691","1":"post","2":"type-post","3":"status-publish","4":"format-standard","5":"has-post-thumbnail","7":"category-cyclisme","8":"tag-championnat-des-flandres","9":"tag-cycling","10":"tag-cyclisme","11":"tag-ffc","12":"tag-fr","13":"tag-france","14":"tag-route","15":"tag-sports","16":"tag-tour-de-france","17":"tag-uci","18":"tag-velo","19":"tag-world-tour"},"share_on_mastodon":{"url":"https:\/\/pubeurope.com\/@fr\/115231791801314944","error":""},"_links":{"self":[{"href":"https:\/\/www.europesays.com\/fr\/wp-json\/wp\/v2\/posts\/402691","targetHints":{"allow":["GET"]}}],"collection":[{"href":"https:\/\/www.europesays.com\/fr\/wp-json\/wp\/v2\/posts"}],"about":[{"href":"https:\/\/www.europesays.com\/fr\/wp-json\/wp\/v2\/types\/post"}],"author":[{"embeddable":true,"href":"https:\/\/www.europesays.com\/fr\/wp-json\/wp\/v2\/users\/2"}],"replies":[{"embeddable":true,"href":"https:\/\/www.europesays.com\/fr\/wp-json\/wp\/v2\/comments?post=402691"}],"version-history":[{"count":0,"href":"https:\/\/www.europesays.com\/fr\/wp-json\/wp\/v2\/posts\/402691\/revisions"}],"wp:featuredmedia":[{"embeddable":true,"href":"https:\/\/www.europesays.com\/fr\/wp-json\/wp\/v2\/media\/402692"}],"wp:attachment":[{"href":"https:\/\/www.europesays.com\/fr\/wp-json\/wp\/v2\/media?parent=402691"}],"wp:term":[{"taxonomy":"category","embeddable":true,"href":"https:\/\/www.europesays.com\/fr\/wp-json\/wp\/v2\/categories?post=402691"},{"taxonomy":"post_tag","embeddable":true,"href":"https:\/\/www.europesays.com\/fr\/wp-json\/wp\/v2\/tags?post=402691"}],"curies":[{"name":"wp","href":"https:\/\/api.w.org\/{rel}","templated":true}]}}