{"id":402701,"date":"2025-09-19T16:03:11","date_gmt":"2025-09-19T16:03:11","guid":{"rendered":"https:\/\/www.europesays.com\/fr\/402701\/"},"modified":"2025-09-19T16:03:11","modified_gmt":"2025-09-19T16:03:11","slug":"lemission-danne-sophie-lapix-sur-m6-change-dhoraire-et-de-nom","status":"publish","type":"post","link":"https:\/\/www.europesays.com\/fr\/402701\/","title":{"rendered":"l\u2019\u00e9mission d\u2019Anne-Sophie Lapix sur M6 change d\u2019horaire et de nom"},"content":{"rendered":"<p>    Anne-Sophie Lapix.<br \/>\n                Francois ROELANTS\/RTL.<\/p>\n<p>Deux semaines apr\u00e8s son lancement, le magazine dominical anim\u00e9 par l\u2019ancienne pr\u00e9sentatrice du journal de France 2 a droit \u00e0 deux changements.<\/p>\n<p class=\"fig-paragraph\">Cette rentr\u00e9e \u00e9tait toute particuli\u00e8re pour\u00a0<a href=\"https:\/\/www.lefigaro.fr\/tag\/anne-sophie-lapix\" target=\"_blank\" rel=\"noopener\" data-gtm-custom-categorie=\"navigation\" data-gtm-custom-action=\"crossclick\" data-gtm-custom-label=\"Contextuel\" data-gtm-event=\"customEventSPE\"><strong>Anne-Sophie Lapix<\/strong><\/a> . Apr\u00e8s huit ans de bons et loyaux services, la journaliste avait \u00e9t\u00e9 pri\u00e9e de quitter le 20 heures de\u00a0<a href=\"https:\/\/tvmag.lefigaro.fr\/programme-tv\/chaine\/4\/tous-les-programmes-de-france-2\" target=\"_blank\" rel=\"noopener\" data-gtm-custom-categorie=\"navigation\" data-gtm-custom-action=\"crossclick\" data-gtm-custom-label=\"Contextuel\" data-gtm-event=\"customEventSPE\">France 2<\/a>. Depuis, elle a rebondi au sein du groupe\u00a0<a href=\"https:\/\/tvmag.lefigaro.fr\/programme-tv\/chaine\/118\/tous-les-programmes-de-m6\" target=\"_blank\" rel=\"sponsored noopener\" data-gtm-custom-categorie=\"navigation\" data-gtm-custom-action=\"crossclick\" data-gtm-custom-label=\"Contextuel\" data-gtm-event=\"customEventSPE\">M6<\/a>\u00a0o\u00f9 elle a d\u00e9j\u00e0 pr\u00e9sent\u00e9 deux num\u00e9ros de sa nouvelle \u00e9mission\u00a0<a href=\"https:\/\/tvmag.lefigaro.fr\/programme-tv\/programme\/le-2020-anne-sophie-lapix-f1937874797\" target=\"_blank\" rel=\"sponsored noopener\" data-gtm-custom-categorie=\"navigation\" data-gtm-custom-action=\"crossclick\" data-gtm-custom-label=\"Contextuel\" data-gtm-event=\"customEventSPE\">\u00abLe 20.20\u00bb<\/a>\u00a0le dimanche. Cependant, comme l\u2019annonce la Six, ce programme va conna\u00eetre deux changements.<\/p>\n<p class=\"fig-paragraph\">Dor\u00e9navant, \u00abLe 20.20\u00bb devient \u00abLe 20.10\u00bb. Il change par cons\u00e9quent d\u2019horaire, grimpant de dix minutes dans la grille de M6, \u00e0 20h10 donc, chaque dimanche. Sur son compte Instagram, Anne-Sophie Lapix a d\u00e9j\u00e0 soulign\u00e9 ces modifications. Dans une story publi\u00e9e ce vendredi 19 septembre, la journaliste a d\u00e9voil\u00e9 le nouveau logo de son \u00e9mission &#8211; le m\u00eame qu\u2019avant, \u00e0 l\u2019exception de l\u2019apparition d\u2019un 10 au lieu d\u2019un 20 &#8211; en demandant \u00e0 ses abonn\u00e9s\u00a0: \u00abIl n\u2019y a rien qui vous \u00e9tonne\u00a0?\u00bb En fond de post, la chanson qu\u2019elle a choisie les questionne \u00e9galement\u00a0: \u00abAre you ready\u00a0?\u00bb<\/p>\n<p class=\"fig-body-link\">\n            \u00c0 lire aussi<br \/>\n        <a class=\"fig-body-link__link\" href=\"http:\/\/tvmag.lefigaro.fr\/programme-tv\/actu-tele\/vous-etiez-le-toutou-de-jacques-chirac-anne-sophie-lapix-piquante-face-a-dominique-de-villepin-sur-m6-20250915\" target=\"_blank\" data-fig-type=\"Article\" rel=\"noopener\" data-gtm-custom-categorie=\"navigation\" data-gtm-custom-action=\"crossclick\" data-gtm-custom-label=\"Contextuel\" data-gtm-event=\"customEventSPE\" data-fig-domain=\"TVMAG\">\u00abVous \u00e9tiez le toutou de Jacques Chirac\u00a0?\u00bb\u00a0: Anne-Sophie Lapix, piquante face \u00e0 Dominique de Villepin sur M6<br \/>\n    <\/a>\n<\/p>\n<p>                                    <a class=\"fig-a11y-skip a11y-hidden\" href=\"#fig-a11y-skip-main-inarticle\"><br \/>\n        Passer la publicit\u00e9<br \/>\n    <\/a><\/p>\n<p class=\"fig-paragraph\">Pour les deux premiers num\u00e9ros de son magazine dominical, Anne-Sophie Lapix a re\u00e7u deux invit\u00e9s de marque, deux hommes aux profils tr\u00e8s diff\u00e9rents\u00a0:\u00a0<a href=\"https:\/\/www.lefigaro.fr\/tag\/kylian-mbappe\" target=\"_blank\" rel=\"noopener\" data-gtm-custom-categorie=\"navigation\" data-gtm-custom-action=\"crossclick\" data-gtm-custom-label=\"Contextuel\" data-gtm-event=\"customEventSPE\">Kylian Mbapp\u00e9<\/a>\u00a0et\u00a0<a href=\"https:\/\/www.lefigaro.fr\/tag\/dominique-de-villepin\" target=\"_blank\" rel=\"noopener\" data-gtm-custom-categorie=\"navigation\" data-gtm-custom-action=\"crossclick\" data-gtm-custom-label=\"Contextuel\" data-gtm-event=\"customEventSPE\">Dominique de Villepin<\/a>. Ses premiers pas \u00e0 l\u2019antenne de M6 avaient attir\u00e9 1,37 million de t\u00e9l\u00e9spectateurs, soit 7,6 % de part d\u2019audience. Au sein du groupe M6, la femme de t\u00e9l\u00e9vision \u00e9volue \u00e9galement quotidiennement sur RTL, o\u00f9 elle anime la tranche 18h\/20h de la station.<\/p>\n<p class=\"fig-paragraph\">Le 21 ao\u00fbt dernier, la pr\u00e9sentatrice s\u2019\u00e9tait confi\u00e9e sur son d\u00e9part de France T\u00e9l\u00e9visions et cette nouvelle aventure aupr\u00e8s du\u00a0<a href=\"http:\/\/tvmag.lefigaro.fr\/programme-tv\/actu-tele\/anne-sophie-lapix-c-etait-le-bon-moment-pour-me-lancer-dans-autre-chose-20250821\" target=\"_blank\" data-fig-type=\"Article\" rel=\"noopener\" data-gtm-custom-categorie=\"navigation\" data-gtm-custom-action=\"crossclick\" data-gtm-custom-label=\"Contextuel\" data-gtm-event=\"customEventSPE\" data-fig-domain=\"TVMAG\">TV Magazine<\/a>, dont elle faisait la couverture. \u00abC\u2019est vrai que je n\u2019ai pas d\u00e9cid\u00e9 de partir du \u201c20 heures\u201d et, sur le moment, ce n\u2019est jamais agr\u00e9able d\u2019\u00eatre \u00e9cart\u00e9e, avait-elle confi\u00e9. Mais je suis finalement heureuse de passer \u00e0 un nouvel exercice. Avec le recul, je me rends compte que c\u2019est le bon moment pour me lancer dans autre chose. C\u2019est vivifiant\u00a0!\u00bb<\/p>\n","protected":false},"excerpt":{"rendered":"Anne-Sophie Lapix. Francois ROELANTS\/RTL. Deux semaines apr\u00e8s son lancement, le magazine dominical anim\u00e9 par l\u2019ancienne pr\u00e9sentatrice du journal&hellip;\n","protected":false},"author":2,"featured_media":402702,"comment_status":"","ping_status":"","sticky":false,"template":"","format":"standard","meta":{"footnotes":""},"categories":[1356],"tags":[21313,58,59,1011,27,494,252,1364],"class_list":{"0":"post-402701","1":"post","2":"type-post","3":"status-publish","4":"format-standard","5":"has-post-thumbnail","7":"category-television","8":"tag-anne-sophie-lapix","9":"tag-divertissement","10":"tag-entertainment","11":"tag-fr","12":"tag-france","13":"tag-m6","14":"tag-television","15":"tag-tv"},"share_on_mastodon":{"url":"https:\/\/pubeurope.com\/@fr\/115231811381274523","error":""},"_links":{"self":[{"href":"https:\/\/www.europesays.com\/fr\/wp-json\/wp\/v2\/posts\/402701","targetHints":{"allow":["GET"]}}],"collection":[{"href":"https:\/\/www.europesays.com\/fr\/wp-json\/wp\/v2\/posts"}],"about":[{"href":"https:\/\/www.europesays.com\/fr\/wp-json\/wp\/v2\/types\/post"}],"author":[{"embeddable":true,"href":"https:\/\/www.europesays.com\/fr\/wp-json\/wp\/v2\/users\/2"}],"replies":[{"embeddable":true,"href":"https:\/\/www.europesays.com\/fr\/wp-json\/wp\/v2\/comments?post=402701"}],"version-history":[{"count":0,"href":"https:\/\/www.europesays.com\/fr\/wp-json\/wp\/v2\/posts\/402701\/revisions"}],"wp:featuredmedia":[{"embeddable":true,"href":"https:\/\/www.europesays.com\/fr\/wp-json\/wp\/v2\/media\/402702"}],"wp:attachment":[{"href":"https:\/\/www.europesays.com\/fr\/wp-json\/wp\/v2\/media?parent=402701"}],"wp:term":[{"taxonomy":"category","embeddable":true,"href":"https:\/\/www.europesays.com\/fr\/wp-json\/wp\/v2\/categories?post=402701"},{"taxonomy":"post_tag","embeddable":true,"href":"https:\/\/www.europesays.com\/fr\/wp-json\/wp\/v2\/tags?post=402701"}],"curies":[{"name":"wp","href":"https:\/\/api.w.org\/{rel}","templated":true}]}}