{"id":402713,"date":"2025-09-19T16:09:20","date_gmt":"2025-09-19T16:09:20","guid":{"rendered":"https:\/\/www.europesays.com\/fr\/402713\/"},"modified":"2025-09-19T16:09:20","modified_gmt":"2025-09-19T16:09:20","slug":"linkedin-va-bientot-siphonner-toutes-vos-donnees-personnelles-pour-son-ia-voici-comment-lempecher","status":"publish","type":"post","link":"https:\/\/www.europesays.com\/fr\/402713\/","title":{"rendered":"LinkedIn va bient\u00f4t siphonner toutes vos donn\u00e9es personnelles pour son IA : voici comment l&#8217;emp\u00eacher"},"content":{"rendered":"<p>Dans quelques semaines, LinkedIn va activer par d\u00e9faut l\u2019acc\u00e8s \u00e0 vos donn\u00e9es pour \u00ab entra\u00eener des mod\u00e8les d\u2019IA de cr\u00e9ation de contenu \u00bb. Une option permet de d\u00e9sactiver le processus.<\/p>\n<p><a target=\"_blank\" href=\"https:\/\/images.frandroid.com\/wp-content\/uploads\/2025\/01\/linkedin-headquarters-mountain-view-scaled-1.jpg\" class=\"article-content__figure\" rel=\"nofollow noopener\"><img fetchpriority=\"high\" decoding=\"async\" loading=\"eager\" width=\"1200\" height=\"800\" src=\"https:\/\/www.europesays.com\/fr\/wp-content\/uploads\/2025\/09\/linkedin-headquarters-mountain-view-scaled-1.jpg\" alt=\"\" class=\"wp-image-2487373 wp-image wp-image\"  \/><\/a><\/p>\n<p>Le r\u00e9pit aura seulement \u00e9t\u00e9 d\u2019une petite ann\u00e9e pour les utilisateurs europ\u00e9ens de LinkedIn. <\/p>\n<p>En 2024, le r\u00e9seau social professionnel activait, en effet, <a href=\"https:\/\/www.frandroid.com\/culture-tech\/2342728_pas-de-panique-linkedin-na-pas-siphonne-vos-donnees-pour-entrainer-son-ia-si-vous-habitez-en-europe\" rel=\"nofollow noopener\" target=\"_blank\">l\u2019entrainement de son IA sur les donn\u00e9es des utilisateurs<\/a> par d\u00e9faut partout dans le monde, sauf en Europe, prot\u00e9g\u00e9 par le RGPD.<\/p>\n<p>La plateforme annonce d\u00e9sormais une \u00ab Mise \u00e0 jour de nos conditions g\u00e9n\u00e9rales et utilisation des donn\u00e9es \u00bb et cette fois, l\u2019Europe est concern\u00e9.<\/p>\n<blockquote class=\"wp-block-quote is-layout-flow wp-block-quote-is-layout-flow\">\n<p>Pour les membres r\u00e9sidant dans les Pays d\u00e9sign\u00e9s (EEE et Suisse) ainsi qu\u2019au Royaume-Uni, nous proc\u00e9derons \u00e0 une mise \u00e0 jour de notre Avis de confidentialit\u00e9 r\u00e9gional europ\u00e9en \u00e0 compter du 3 novembre 2025, afin d\u2019y int\u00e9grer des informations sur la mani\u00e8re dont LinkedIn utilise et partage vos donn\u00e9es pour l\u2019entra\u00eenement des mod\u00e8les d\u2019IA g\u00e9n\u00e9rative de contenu, ainsi que sur les options dont vous disposez pour vous opposer \u00e0 cet usage.<\/p>\n<\/blockquote>\n<p>Comment emp\u00eacher LinkedIn d\u2019utiliser vos donn\u00e9es<\/p>\n<p>Si vous ne souhaitez pas que LinkedIn utilise vos donn\u00e9es personnelles pour entrainer son IA, la plateforme met en place un param\u00e8tre d\u00e9di\u00e9.<\/p>\n<p>Le param\u00e8tre est assez simple et il est activ\u00e9 par d\u00e9faut : \u00ab Utiliser mes donn\u00e9es pour entra\u00eener des mod\u00e8les d\u2019IA de cr\u00e9ation de contenu \u00bb. D\u00e9sactiver l\u2019option devrait en principe emp\u00eacher LinkedIn d\u2019utiliser les donn\u00e9es du compte pour entrainer son IA.<\/p>\n<p><a target=\"_blank\" href=\"https:\/\/images.frandroid.com\/wp-content\/uploads\/2025\/09\/capture-decran-2025-09-19-a-141414.jpg\" class=\"article-content__figure\" rel=\"nofollow noopener\"><img loading=\"lazy\" decoding=\"async\" width=\"1200\" height=\"567\" src=\"https:\/\/www.europesays.com\/fr\/wp-content\/uploads\/2025\/09\/capture-decran-2025-09-19-a-141414-1200x567.jpg\" alt=\"\" class=\"wp-image-2801563 wp-image\"  \/><\/a>Screenshot<\/p>\n<p>\u00c9videmment, rien ne permet de vraiment le garantir. On a vu les acteurs de la tech <a href=\"https:\/\/www.frandroid.com\/culture-tech\/intelligence-artificielle\/2786783_warner-bros-sattaque-a-midjourney-pour-violation-de-droits-dauteurs-le-debut-dune-importante-bataille\" rel=\"nofollow noopener\" target=\"_blank\">entrainer leurs IA impun\u00e9ment sur les donn\u00e9es disponibles sur le web<\/a>. <\/p>\n<p>Impossible de savoir d\u00e9finitivement si l\u2019option pr\u00e9vue par Linkedin bloquera r\u00e9ellement le r\u00e9seau social. L\u2019autre solution serait alors de supprimer purement et simplement le compte, l\u00e0 aussi en esp\u00e9rant que la plateforme supprime r\u00e9ellement vos donn\u00e9es de ses serveurs, comme le pr\u00e9voit la l\u00e9gislation.<\/p>\n","protected":false},"excerpt":{"rendered":"Dans quelques semaines, LinkedIn va activer par d\u00e9faut l\u2019acc\u00e8s \u00e0 vos donn\u00e9es pour \u00ab entra\u00eener des mod\u00e8les d\u2019IA&hellip;\n","protected":false},"author":2,"featured_media":402714,"comment_status":"","ping_status":"","sticky":false,"template":"","format":"standard","meta":{"footnotes":""},"categories":[7],"tags":[270,1011,27,18391,43,40,41,39,42,44],"class_list":{"0":"post-402713","1":"post","2":"type-post","3":"status-publish","4":"format-standard","5":"has-post-thumbnail","7":"category-sciences-et-technologies","8":"tag-breaking","9":"tag-fr","10":"tag-france","11":"tag-linkedin","12":"tag-science","13":"tag-science-and-technology","14":"tag-sciences","15":"tag-sciences-et-technologies","16":"tag-technologies","17":"tag-technology"},"share_on_mastodon":{"url":"https:\/\/pubeurope.com\/@fr\/115231835479956445","error":""},"_links":{"self":[{"href":"https:\/\/www.europesays.com\/fr\/wp-json\/wp\/v2\/posts\/402713","targetHints":{"allow":["GET"]}}],"collection":[{"href":"https:\/\/www.europesays.com\/fr\/wp-json\/wp\/v2\/posts"}],"about":[{"href":"https:\/\/www.europesays.com\/fr\/wp-json\/wp\/v2\/types\/post"}],"author":[{"embeddable":true,"href":"https:\/\/www.europesays.com\/fr\/wp-json\/wp\/v2\/users\/2"}],"replies":[{"embeddable":true,"href":"https:\/\/www.europesays.com\/fr\/wp-json\/wp\/v2\/comments?post=402713"}],"version-history":[{"count":0,"href":"https:\/\/www.europesays.com\/fr\/wp-json\/wp\/v2\/posts\/402713\/revisions"}],"wp:featuredmedia":[{"embeddable":true,"href":"https:\/\/www.europesays.com\/fr\/wp-json\/wp\/v2\/media\/402714"}],"wp:attachment":[{"href":"https:\/\/www.europesays.com\/fr\/wp-json\/wp\/v2\/media?parent=402713"}],"wp:term":[{"taxonomy":"category","embeddable":true,"href":"https:\/\/www.europesays.com\/fr\/wp-json\/wp\/v2\/categories?post=402713"},{"taxonomy":"post_tag","embeddable":true,"href":"https:\/\/www.europesays.com\/fr\/wp-json\/wp\/v2\/tags?post=402713"}],"curies":[{"name":"wp","href":"https:\/\/api.w.org\/{rel}","templated":true}]}}