{"id":402722,"date":"2025-09-19T16:14:10","date_gmt":"2025-09-19T16:14:10","guid":{"rendered":"https:\/\/www.europesays.com\/fr\/402722\/"},"modified":"2025-09-19T16:14:10","modified_gmt":"2025-09-19T16:14:10","slug":"deux-lyceens-de-saint-chamond-interpelles","status":"publish","type":"post","link":"https:\/\/www.europesays.com\/fr\/402722\/","title":{"rendered":"deux lyc\u00e9ens de Saint-Chamond interpell\u00e9s"},"content":{"rendered":"<p>C\u2019est seulement quelques jours apr\u00e8s la rentr\u00e9e, le 4\u00a0septembre, que la police est appel\u00e9e au lyc\u00e9e Claude-Lebois, par la direction de l\u2019\u00e9tablissement. \u00ab\u00a0Les faits se sont produits \u00e0 l\u2019ext\u00e9rieur de l\u2019enceinte, sur la voie publique, pr\u00e9cise Patrice Mallet, le proviseur. Deux \u00e9l\u00e8ves ont perdu connaissance et l\u2019un d\u2019eux a \u00e9t\u00e9 transport\u00e9 \u00e0 l\u2019h\u00f4pital. Les secours ont \u00e9t\u00e9 efficaces et remarquables.\u00a0\u00bb<\/p>\n<p>La brigade des stups du&#8230;<\/p>\n","protected":false},"excerpt":{"rendered":"C\u2019est seulement quelques jours apr\u00e8s la rentr\u00e9e, le 4\u00a0septembre, que la police est appel\u00e9e au lyc\u00e9e Claude-Lebois, par&hellip;\n","protected":false},"author":2,"featured_media":402723,"comment_status":"","ping_status":"","sticky":false,"template":"","format":"standard","meta":{"footnotes":""},"categories":[9653],"tags":[1111,11,2430,3599,271,272,7539,1057,1777,674,274,107,1011,27,3367,12,25,9669,9670,4001],"class_list":{"0":"post-402722","1":"post","2":"type-post","3":"status-publish","4":"format-standard","5":"has-post-thumbnail","7":"category-saint-etienne","8":"tag-actu","9":"tag-actualites","10":"tag-auvergne-rhone-alpes","11":"tag-college-lycee","12":"tag-crime","13":"tag-delit-et-contravention","14":"tag-edition-loire-sud","15":"tag-education","16":"tag-eu","17":"tag-europe","18":"tag-faits-divers-justice","19":"tag-fil-info","20":"tag-fr","21":"tag-france","22":"tag-loire","23":"tag-news","24":"tag-republique-francaise","25":"tag-saint-chamond","26":"tag-saint-chamond-ville","27":"tag-saint-etienne"},"share_on_mastodon":{"url":"https:\/\/pubeurope.com\/@fr\/115231854688869946","error":""},"_links":{"self":[{"href":"https:\/\/www.europesays.com\/fr\/wp-json\/wp\/v2\/posts\/402722","targetHints":{"allow":["GET"]}}],"collection":[{"href":"https:\/\/www.europesays.com\/fr\/wp-json\/wp\/v2\/posts"}],"about":[{"href":"https:\/\/www.europesays.com\/fr\/wp-json\/wp\/v2\/types\/post"}],"author":[{"embeddable":true,"href":"https:\/\/www.europesays.com\/fr\/wp-json\/wp\/v2\/users\/2"}],"replies":[{"embeddable":true,"href":"https:\/\/www.europesays.com\/fr\/wp-json\/wp\/v2\/comments?post=402722"}],"version-history":[{"count":0,"href":"https:\/\/www.europesays.com\/fr\/wp-json\/wp\/v2\/posts\/402722\/revisions"}],"wp:featuredmedia":[{"embeddable":true,"href":"https:\/\/www.europesays.com\/fr\/wp-json\/wp\/v2\/media\/402723"}],"wp:attachment":[{"href":"https:\/\/www.europesays.com\/fr\/wp-json\/wp\/v2\/media?parent=402722"}],"wp:term":[{"taxonomy":"category","embeddable":true,"href":"https:\/\/www.europesays.com\/fr\/wp-json\/wp\/v2\/categories?post=402722"},{"taxonomy":"post_tag","embeddable":true,"href":"https:\/\/www.europesays.com\/fr\/wp-json\/wp\/v2\/tags?post=402722"}],"curies":[{"name":"wp","href":"https:\/\/api.w.org\/{rel}","templated":true}]}}