{"id":402724,"date":"2025-09-19T16:15:13","date_gmt":"2025-09-19T16:15:13","guid":{"rendered":"https:\/\/www.europesays.com\/fr\/402724\/"},"modified":"2025-09-19T16:15:13","modified_gmt":"2025-09-19T16:15:13","slug":"football-les-supporters-dol-lyonnes-interdits-de-deplacement-a-saint-etienne","status":"publish","type":"post","link":"https:\/\/www.europesays.com\/fr\/402724\/","title":{"rendered":"Football. Les supporters d\u2019OL Lyonnes interdits de d\u00e9placement \u00e0 Saint-Etienne"},"content":{"rendered":"<p>Les supporters d\u2019OL Lyonnes n\u2019auront pas le droit de se rendre au stade Salif-Kaita et aux alentours de Geoffroy-Guichard avant le derby entre les Fenottes et l\u2019AS Saint-Etienne, ce dimanche. La pr\u00e9f\u00e8te de la Loire a publi\u00e9, vendredi 19\u00a0septembre, un d\u00e9cret en ce sens.<\/p>\n<p>Cette d\u00e9cision est notamment motiv\u00e9e par la rencontre entre l\u2019ASSE et Reims, en Ligue 1, quelques heures apr\u00e8s le derby. La pr\u00e9fecture pointe la pr\u00e9sence \u00e0 venir de supporters des Verts autour du stade Geoffroy-Guichard \u00e0 partir de 16h. \u00ab\u00a0Une trentaine de <a href=\"https:\/\/www.leprogres.fr\/sport\/2024\/12\/10\/deplacement-interdit-pour-les-supporters-de-l-ol-a-paris\" target=\"_blank\" rel=\"noopener\">supporters de l\u2019OL<\/a> a annonc\u00e9 vouloir se d\u00e9placer \u00e0 Saint-Etienne pour soutenir l\u2019\u00e9quipe f\u00e9minine de l\u2019OL\u00a0\u00bb, justifie \u00e9galement le d\u00e9cret qui pr\u00e9cise que \u00ab\u00a0soutenir l\u2019\u00e9quipe f\u00e9minine n\u2019alt\u00e8re pas le risque de troubles \u00e0 l\u2019ordre public\u00a0\u00bb.<\/p>\n","protected":false},"excerpt":{"rendered":"Les supporters d\u2019OL Lyonnes n\u2019auront pas le droit de se rendre au stade Salif-Kaita et aux alentours de&hellip;\n","protected":false},"author":2,"featured_media":402725,"comment_status":"","ping_status":"","sticky":false,"template":"","format":"standard","meta":{"footnotes":""},"categories":[9653],"tags":[1111,11,26756,2430,2757,1777,674,63,1011,27,2428,2756,12,23153,25,2429,4001,517],"class_list":{"0":"post-402724","1":"post","2":"type-post","3":"status-publish","4":"format-standard","5":"has-post-thumbnail","7":"category-saint-etienne","8":"tag-actu","9":"tag-actualites","10":"tag-asse-feminine-as-saint-etienne-football","11":"tag-auvergne-rhone-alpes","12":"tag-edition-lyon-villeurbanne","13":"tag-eu","14":"tag-europe","15":"tag-football","16":"tag-fr","17":"tag-france","18":"tag-lyon","19":"tag-lyon-bassin","20":"tag-news","21":"tag-ol-lyonnes-olympique-lyonnais-feminin","22":"tag-republique-francaise","23":"tag-rhone","24":"tag-saint-etienne","25":"tag-sport"},"share_on_mastodon":{"url":"https:\/\/pubeurope.com\/@fr\/115231858617294893","error":""},"_links":{"self":[{"href":"https:\/\/www.europesays.com\/fr\/wp-json\/wp\/v2\/posts\/402724","targetHints":{"allow":["GET"]}}],"collection":[{"href":"https:\/\/www.europesays.com\/fr\/wp-json\/wp\/v2\/posts"}],"about":[{"href":"https:\/\/www.europesays.com\/fr\/wp-json\/wp\/v2\/types\/post"}],"author":[{"embeddable":true,"href":"https:\/\/www.europesays.com\/fr\/wp-json\/wp\/v2\/users\/2"}],"replies":[{"embeddable":true,"href":"https:\/\/www.europesays.com\/fr\/wp-json\/wp\/v2\/comments?post=402724"}],"version-history":[{"count":0,"href":"https:\/\/www.europesays.com\/fr\/wp-json\/wp\/v2\/posts\/402724\/revisions"}],"wp:featuredmedia":[{"embeddable":true,"href":"https:\/\/www.europesays.com\/fr\/wp-json\/wp\/v2\/media\/402725"}],"wp:attachment":[{"href":"https:\/\/www.europesays.com\/fr\/wp-json\/wp\/v2\/media?parent=402724"}],"wp:term":[{"taxonomy":"category","embeddable":true,"href":"https:\/\/www.europesays.com\/fr\/wp-json\/wp\/v2\/categories?post=402724"},{"taxonomy":"post_tag","embeddable":true,"href":"https:\/\/www.europesays.com\/fr\/wp-json\/wp\/v2\/tags?post=402724"}],"curies":[{"name":"wp","href":"https:\/\/api.w.org\/{rel}","templated":true}]}}