{"id":402726,"date":"2025-09-19T16:16:13","date_gmt":"2025-09-19T16:16:13","guid":{"rendered":"https:\/\/www.europesays.com\/fr\/402726\/"},"modified":"2025-09-19T16:16:13","modified_gmt":"2025-09-19T16:16:13","slug":"ludres-exposition-de-lartiste-le-d","status":"publish","type":"post","link":"https:\/\/www.europesays.com\/fr\/402726\/","title":{"rendered":"Ludres. Exposition de l\u2019artiste Le D."},"content":{"rendered":"<p>Ce samedi 20\u00a0septembre, \u00e0 l\u2019occasion des Journ\u00e9es europ\u00e9ennes du patrimoine, l\u2019art urbain et la valorisation des d\u00e9chets seront mis \u00e0 l\u2019honneur dans la M\u00e9tropole du Grand Nancy, dans le cadre du projet \u00ab\u00a0Nos d\u00e9chets valent de l\u2019Art\u00a0\u00bb, organis\u00e9 par Veolia.<\/p>\n<p>Le travail de l\u2019artiste Le D., connu pour transformer des d\u00e9chets en v\u00e9ritables \u0153uvres d\u2019art, sera plac\u00e9 au c\u0153ur d\u2019une exposition originale et engag\u00e9e, \u00e0 la rencontre des m\u00e9tiers qui font l\u2019\u00e9conomie circulaire dans le Grand Est. Cette exposition est visible en parall\u00e8lement aux portes ouvertes de L\u2019unit\u00e9 de valorisation \u00e9nerg\u00e9tique Val\u2019ERgie.<\/p>\n<p class=\"note\">Samedi 20\u00a0septembre de 10\u00a0h \u00e0 17\u00a0h (visites guid\u00e9es sur inscription en ligne sur www.grandnancy.eu). Val\u2019ERgie &#8211; Unit\u00e9 de valorisation \u00e9nerg\u00e9tique des d\u00e9chets 226, rue Victor Grignard.<\/p>\n","protected":false},"excerpt":{"rendered":"Ce samedi 20\u00a0septembre, \u00e0 l\u2019occasion des Journ\u00e9es europ\u00e9ennes du patrimoine, l\u2019art urbain et la valorisation des d\u00e9chets seront&hellip;\n","protected":false},"author":2,"featured_media":402727,"comment_status":"","ping_status":"","sticky":false,"template":"","format":"standard","meta":{"footnotes":""},"categories":[9635],"tags":[1111,11,1687,1704,1777,674,2271,1011,27,775,11413,9649,1702,12,25],"class_list":{"0":"post-402726","1":"post","2":"type-post","3":"status-publish","4":"format-standard","5":"has-post-thumbnail","7":"category-nancy","8":"tag-actu","9":"tag-actualites","10":"tag-culture-loisirs","11":"tag-edition-nancy-et-agglomeration","12":"tag-eu","13":"tag-europe","14":"tag-exposition-arts-plastiques","15":"tag-fr","16":"tag-france","17":"tag-grand-est","18":"tag-ludres","19":"tag-metropole-du-grand-nancy-54b2","20":"tag-nancy","21":"tag-news","22":"tag-republique-francaise"},"share_on_mastodon":{"url":"https:\/\/pubeurope.com\/@fr\/115231862482245187","error":""},"_links":{"self":[{"href":"https:\/\/www.europesays.com\/fr\/wp-json\/wp\/v2\/posts\/402726","targetHints":{"allow":["GET"]}}],"collection":[{"href":"https:\/\/www.europesays.com\/fr\/wp-json\/wp\/v2\/posts"}],"about":[{"href":"https:\/\/www.europesays.com\/fr\/wp-json\/wp\/v2\/types\/post"}],"author":[{"embeddable":true,"href":"https:\/\/www.europesays.com\/fr\/wp-json\/wp\/v2\/users\/2"}],"replies":[{"embeddable":true,"href":"https:\/\/www.europesays.com\/fr\/wp-json\/wp\/v2\/comments?post=402726"}],"version-history":[{"count":0,"href":"https:\/\/www.europesays.com\/fr\/wp-json\/wp\/v2\/posts\/402726\/revisions"}],"wp:featuredmedia":[{"embeddable":true,"href":"https:\/\/www.europesays.com\/fr\/wp-json\/wp\/v2\/media\/402727"}],"wp:attachment":[{"href":"https:\/\/www.europesays.com\/fr\/wp-json\/wp\/v2\/media?parent=402726"}],"wp:term":[{"taxonomy":"category","embeddable":true,"href":"https:\/\/www.europesays.com\/fr\/wp-json\/wp\/v2\/categories?post=402726"},{"taxonomy":"post_tag","embeddable":true,"href":"https:\/\/www.europesays.com\/fr\/wp-json\/wp\/v2\/tags?post=402726"}],"curies":[{"name":"wp","href":"https:\/\/api.w.org\/{rel}","templated":true}]}}