{"id":402728,"date":"2025-09-19T16:18:18","date_gmt":"2025-09-19T16:18:18","guid":{"rendered":"https:\/\/www.europesays.com\/fr\/402728\/"},"modified":"2025-09-19T16:18:18","modified_gmt":"2025-09-19T16:18:18","slug":"lecole-darchitecture-ouvre-ses-portes","status":"publish","type":"post","link":"https:\/\/www.europesays.com\/fr\/402728\/","title":{"rendered":"l\u2019\u00e9cole d\u2019architecture ouvre ses portes"},"content":{"rendered":"<p>L\u2019\u00e9cole d\u2019architecture de Nancy participe \u00e0 la 42e \u00e9dition des Journ\u00e9es du patrimoine et propose deux rendez-vous au public\u00a0:<\/p>\n<p> \u25b6 \u2002 Samedi 20\u00a0septembre, <strong> de 10\u00a0h \u00e0 12\u00a0h<\/strong> , les \u00e9tudiants dessineront sur la <strong>place Simone-Veil <\/strong> \u00e0 Nancy autour du pavillon les Ram\u2019eaux (con\u00e7u par les \u00e9l\u00e8ves architectes) et c\u00e9l\u00e9breront la f\u00eate du dessin d\u2019architecture en invitant les passants \u00e0 s\u2019initier aussi au dessin d\u2019observation.<\/p>\n<p><strong> \u25b6 \u2002 De 14\u00a0h \u00e0 18\u00a0h<\/strong> \u00a0 <strong> 2, rue Bastien-Lepage<\/strong> , visites comment\u00e9es du b\u00e2timent de l\u2019\u00e9cole labellis\u00e9 Architecture contemporaine remarquable et sign\u00e9 par l\u2019architecte Livio Vacchini, projection vid\u00e9o, exposition de maquettes, ateliers d\u2019exp\u00e9rimentation pour le jeune public.<\/p>\n","protected":false},"excerpt":{"rendered":"L\u2019\u00e9cole d\u2019architecture de Nancy participe \u00e0 la 42e \u00e9dition des Journ\u00e9es du patrimoine et propose deux rendez-vous au&hellip;\n","protected":false},"author":2,"featured_media":402729,"comment_status":"","ping_status":"","sticky":false,"template":"","format":"standard","meta":{"footnotes":""},"categories":[9635],"tags":[1111,11,1687,1704,1777,674,1011,27,775,1702,1703,12,2661,25],"class_list":{"0":"post-402728","1":"post","2":"type-post","3":"status-publish","4":"format-standard","5":"has-post-thumbnail","7":"category-nancy","8":"tag-actu","9":"tag-actualites","10":"tag-culture-loisirs","11":"tag-edition-nancy-et-agglomeration","12":"tag-eu","13":"tag-europe","14":"tag-fr","15":"tag-france","16":"tag-grand-est","17":"tag-nancy","18":"tag-nancy-ville-54b","19":"tag-news","20":"tag-patrimoine-culturel","21":"tag-republique-francaise"},"share_on_mastodon":{"url":"https:\/\/pubeurope.com\/@fr\/115231870470189729","error":""},"_links":{"self":[{"href":"https:\/\/www.europesays.com\/fr\/wp-json\/wp\/v2\/posts\/402728","targetHints":{"allow":["GET"]}}],"collection":[{"href":"https:\/\/www.europesays.com\/fr\/wp-json\/wp\/v2\/posts"}],"about":[{"href":"https:\/\/www.europesays.com\/fr\/wp-json\/wp\/v2\/types\/post"}],"author":[{"embeddable":true,"href":"https:\/\/www.europesays.com\/fr\/wp-json\/wp\/v2\/users\/2"}],"replies":[{"embeddable":true,"href":"https:\/\/www.europesays.com\/fr\/wp-json\/wp\/v2\/comments?post=402728"}],"version-history":[{"count":0,"href":"https:\/\/www.europesays.com\/fr\/wp-json\/wp\/v2\/posts\/402728\/revisions"}],"wp:featuredmedia":[{"embeddable":true,"href":"https:\/\/www.europesays.com\/fr\/wp-json\/wp\/v2\/media\/402729"}],"wp:attachment":[{"href":"https:\/\/www.europesays.com\/fr\/wp-json\/wp\/v2\/media?parent=402728"}],"wp:term":[{"taxonomy":"category","embeddable":true,"href":"https:\/\/www.europesays.com\/fr\/wp-json\/wp\/v2\/categories?post=402728"},{"taxonomy":"post_tag","embeddable":true,"href":"https:\/\/www.europesays.com\/fr\/wp-json\/wp\/v2\/tags?post=402728"}],"curies":[{"name":"wp","href":"https:\/\/api.w.org\/{rel}","templated":true}]}}