{"id":402733,"date":"2025-09-19T16:21:13","date_gmt":"2025-09-19T16:21:13","guid":{"rendered":"https:\/\/www.europesays.com\/fr\/402733\/"},"modified":"2025-09-19T16:21:13","modified_gmt":"2025-09-19T16:21:13","slug":"la-tres-violente-agression-dun-groupe-didentitaire-a-montpellier-ce-18-septembre","status":"publish","type":"post","link":"https:\/\/www.europesays.com\/fr\/402733\/","title":{"rendered":"la tr\u00e8s violente agression d&rsquo;un groupe d&rsquo;identitaire \u00e0 Montpellier ce 18 septembre"},"content":{"rendered":"<p>            Par<br \/>\n        <strong><br \/>\n            <a href=\"https:\/\/actu.fr\/auteur\/g-martin\" title=\"Consulter tous les articles de Gil Martin\" target=\"_blank\" rel=\"noopener\">Gil Martin<\/a><br \/>\n        <\/strong><\/p>\n<p>        Publi\u00e9 le<\/p>\n<p>            19 sept. 2025 \u00e0 17h31        <\/p>\n<p>Ce jeudi 18 septembre, la <strong>sinistre \u00e9pop\u00e9e<\/strong> dans les rues de Montpellier <strong>d\u2019un groupe d\u2019extr\u00eame-droite d\u2019une trentaine de jeunes<\/strong> tous de noirs v\u00eatus et les visages dissimul\u00e9s (pour bon nombre d\u2019entre eux) aurait pu avoir des cons\u00e9quences plus graves encore que le bilan final n\u2019en fait \u00e9tat, avec <strong>trois personnes bless\u00e9es<\/strong> (dont deux conduites aux urgences d\u2019apr\u00e8s nos informations, l\u2019une pour de multiples fractures au visage) dans une agression d\u2019une violence inou\u00efe <strong>sur la place des Beaux-Arts<\/strong>.<\/p>\n<p class=\" wall-content\">\n<p>Provocation pendant la manif<\/p>\n<p class=\" wall-content\">La promenade sanglante de ces jeunes (voire tr\u00e8s jeunes) <strong>identitaires<\/strong> cornaqu\u00e9s par des individus plus exp\u00e9riment\u00e9s qu\u2019eux, dont un certain <strong>Tristan V<\/strong>, membre du groupe Jeunes d\u2019Oc et ex du service d\u2019ordre de <strong>G\u00e9n\u00e9ration Identitaire<\/strong> avant que ce groupe ne soit dissous, a v\u00e9ritablement commenc\u00e9 jeudi vers 13h30, <a href=\"https:\/\/actu.fr\/occitanie\/montpellier_34172\/suivez-cette-journee-de-mobilisation-du-18-septembre-a-montpellier_63177527.html\" target=\"_blank\" rel=\"noopener\">quand la meute a remont\u00e9 l\u2019Esplanade direction la Com\u00e9die<\/a> pour une \u00ab\u00a0op\u00e9ration drapeau\u00a0\u00bb <strong>en narguant et insultant<\/strong> les manifestants qui ont particip\u00e9 \u00e0 la mobilisation nationale de ce 18 septembre.<\/p>\n<p>    <img   decoding=\"async\" loading=\"lazy\" src=\"https:\/\/www.europesays.com\/fr\/wp-content\/uploads\/2025\/09\/photo-identitaires-comedie-960x640.png\" alt=\"Le groupe de jeunes identitaires remontant l'esplanade jeudi vers 13h30, deux heures avant leur sordide agression sur la place des Beaux-Arts \" width=\"960\" height=\"640\"\/><br \/>\n    Le groupe de jeunes identitaires remontant l\u2019esplanade jeudi vers 13h30, deux heures avant leur sordide agression sur la place des Beaux-Arts (\u00a9Gil Martin\/M\u00e9tropolitain)Les identitaires exfiltr\u00e9s par les CRS<\/p>\n<p class=\" wall-content\">Talonn\u00e9s par des centaines de personnes criant des slogans antifascistes, ils ont pris position sur la fontaine des Trois gr\u00e2ces, crachant leur m\u00e9pris sur la foule avant que <a href=\"https:\/\/actu.fr\/occitanie\/montpellier_34172\/suivez-cette-journee-de-mobilisation-du-18-septembre-a-montpellier_63177527.html\" target=\"_blank\" rel=\"noopener\"><strong>les CRS<\/strong> ne viennent intelligemment <strong>s\u2019interposer<\/strong>\u00a0<\/a>entre les deux groupes, exfiltrant vers 13h50 les identitaires \u00e0 travers les barrages qui fermaient l\u2019acc\u00e8s \u00e0 l\u2019\u00c9cusson. L\u2019occasion d\u2019assister \u00e0 une sc\u00e8ne stup\u00e9fiante : alors qu\u2019ils sont somm\u00e9s de franchir le barrage, certains extr\u00e9mistes, <strong>sous le nez des forces de l\u2019ordre \u00e9trangement passives<\/strong>, se permettront de prendre leur temps, haranguant une derni\u00e8re fois la foule avant de se diriger \u00ab\u00a0tranquillou\u00a0\u00bb vers les CRS\u2026 On a connu les forces de l\u2019ordre plus autoritaires.<\/p>\n<p>    <img   decoding=\"async\" loading=\"lazy\" src=\"https:\/\/www.europesays.com\/fr\/wp-content\/uploads\/2025\/09\/photo-id-crs-960x640.jpg\" alt=\"Des identitaires, pourtant exfiltr\u00e9s de la Com\u00e9die par les CRS, ont quand m\u00eame pris leur temps avant de franchir le barrage\" width=\"960\" height=\"640\"\/><br \/>\n    Des identitaires, pourtant exfiltr\u00e9s de la Com\u00e9die par les CRS, ont quand m\u00eame pris leur temps avant de franchir le barrage, ajoutant quelques insultes (\u00a9G.M\/M\u00e9tropolitain)Vid\u00e9os : en ce moment sur Actu<br \/>\n    <a href=\"https:\/\/www.google.com\/maps\/embed?pb=!1m18!1m12!1m3!1d2888.554987863644!2d3.8786740755554874!3d43.61580655484946!2m3!1f0!2f0!3f0!3m2!1i1024!2i768!4f13.1!3m3!1m2!1s0x12b6af0c1bdef3b5%3A0x955c87477affe5f6!2sPl.%20des%20Beaux%20Arts%2C%2034000%20Montpellier!5e0!3m2!1sfr!2sfr!4v1758323741035!5m2!1sfr!2sfr\" title=\"Ouvrie le lien\" target=\"_blank\" rel=\"noopener\">Cliquez ici pour visualiser le contenu<\/a><\/p>\n<p>Un groupe dangereux pas surveill\u00e9 ?<\/p>\n<p class=\" wall-content\">Que s\u2019est-il pass\u00e9 ensuite ? Myst\u00e8re\u2026 Ont-ils \u00e9t\u00e9 suivis par la police afin de surveiller leurs agissements ? Ces jeunes \u00e9taient clairement sur le <strong>sentier de la guerre<\/strong>, affichant leurs couleurs. Mais \u00e0 cette heure, la police d\u00e9ment avoir mobilis\u00e9 des agents pour surveiller ces jeunes aux abois qui se sont donc <strong>retrouv\u00e9s libres<\/strong> comme l\u2019air. Ils ont fini par ressortir de l\u2019\u00c9cusson pour appara\u00eetre <strong>vers 15h30<\/strong> sur la place des Beaux-Arts.<\/p>\n<p>Votre r\u00e9gion, votre actu !<\/p>\n<p>Recevez chaque jour les infos qui comptent pour vous.<\/p>\n<p>\t<a href=\"https:\/\/actu.fr\/newsletter\" class=\"ac-btn ac-btn--corner ac-btn--medium ac-btn--blue800\" target=\"_blank\" rel=\"noopener\">S&rsquo;incrire<\/a><br \/>\nIls ont eu leur \u00ab\u00a0baston\u00a0\u00bb<\/p>\n<p class=\" wall-content\">C\u2019est sur cette place, devant les caf\u00e9s, qu\u2019ils finiront <strong>par d\u00e9clencher la fameuse \u00ab baston \u00bb<\/strong> dont la vid\u00e9o montre bien toute la violence\u2026 Trois personnes (M\u00e9tropolitain tente de confirmer cette information, mais personne, police ou pr\u00e9fecture, ne semble au courant) finiront bless\u00e9es dans cette <strong>rixe effrayante<\/strong> au cours de laquelle la victime<strong> la plus s\u00e9rieusement touch\u00e9e<\/strong> a \u00e9t\u00e9 molest\u00e9e par une vingtaine d\u2019individus.<\/p>\n<p>Aucune interpellations\u2026<\/p>\n<p class=\" wall-content\">Parmi les agresseurs, des t\u00e9moins ont rep\u00e9r\u00e9 des <strong>supporters du MHSC<\/strong> affili\u00e9s \u00e0 la Butte Paillade, o\u00f9 la mont\u00e9e en puissance des extr\u00e9mistes (qui repr\u00e9senteraient aujourd\u2019hui pr\u00e8s d\u2019un tiers des supporters) poserait d\u2019ailleurs de s\u00e9rieux probl\u00e8mes aux habitu\u00e9s de la Butte. Apr\u00e8s la baston, o\u00f9 ce groupe d\u2019une trentaine de jeunes hommes a courageusement laiss\u00e9 trois personnes \u00e0 terre, une <strong>unit\u00e9 de gendarmerie<\/strong> positionn\u00e9e sur les Beaux-Arts en renfort pour la manif a pu intervenir, <strong>s\u00e9curisant<\/strong> notamment le p\u00e9rim\u00e8tre. La police est aussi arriv\u00e9e sur les lieux selon des t\u00e9moignages, un peu confus, mais le mal \u00e9tait fait. Les policiers auraient n\u00e9anmoins cours\u00e9 les agresseurs, assurent des t\u00e9moins, mais visiblement sans r\u00e9sultat car la pr\u00e9fecture confirme <strong>qu\u2019il n\u2019y a pas eu d\u2019interpellations<\/strong>\u2026<\/p>\n<p>Vers un d\u00e9p\u00f4t de plainte<\/p>\n<p class=\" wall-content\">Il reste n\u00e9anmoins les nombreux t\u00e9moignages, les images des cam\u00e9ras de surveillance et les photos et vid\u00e9os des Montpelli\u00e9rains qui \u00e9taient sur les terrasses. Cette agression a cr\u00e9\u00e9 <strong>un v\u00e9ritable \u00e9moi<\/strong> sur cette place tr\u00e8s familiale et un <strong>collectif de t\u00e9moins<\/strong> travaille actuellement \u00e0 collecter tous les t\u00e9moignages et les documents en vue <strong>de d\u00e9poser plainte<\/strong>.<\/p>\n<p class=\" wall-content\">Personnalisez votre actualit\u00e9 en ajoutant vos villes et m\u00e9dias en favori avec <a href=\"https:\/\/moncompte.actu.fr\" title=\"D\u00e9couvez Mon Actu\" rel=\"nofollow noopener\" data-trk=\"{&quot;cta&quot;:{&quot;action&quot;:&quot;https:\\\/\\\/moncompte.actu.fr&quot;,&quot;category&quot;:&quot;mon compte&quot;,&quot;from&quot;:&quot;article footer&quot;,&quot;name&quot;:&quot;Mon actu&quot;,&quot;type&quot;:&quot;cta&quot;}}\" target=\"_blank\">Mon Actu<\/a>.<\/p>\n","protected":false},"excerpt":{"rendered":"Par Gil Martin Publi\u00e9 le 19 sept. 2025 \u00e0 17h31 Ce jeudi 18 septembre, la sinistre \u00e9pop\u00e9e dans&hellip;\n","protected":false},"author":2,"featured_media":402734,"comment_status":"","ping_status":"","sticky":false,"template":"","format":"standard","meta":{"footnotes":""},"categories":[9599],"tags":[1111,11,1777,674,1011,27,52713,2208,12,2680,25,104],"class_list":{"0":"post-402733","1":"post","2":"type-post","3":"status-publish","4":"format-standard","5":"has-post-thumbnail","7":"category-montpellier","8":"tag-actu","9":"tag-actualites","10":"tag-eu","11":"tag-europe","12":"tag-fr","13":"tag-france","14":"tag-greve-du-18-septembre","15":"tag-montpellier","16":"tag-news","17":"tag-occitanie","18":"tag-republique-francaise","19":"tag-societe"},"share_on_mastodon":{"url":"https:\/\/pubeurope.com\/@fr\/115231882458425244","error":""},"_links":{"self":[{"href":"https:\/\/www.europesays.com\/fr\/wp-json\/wp\/v2\/posts\/402733","targetHints":{"allow":["GET"]}}],"collection":[{"href":"https:\/\/www.europesays.com\/fr\/wp-json\/wp\/v2\/posts"}],"about":[{"href":"https:\/\/www.europesays.com\/fr\/wp-json\/wp\/v2\/types\/post"}],"author":[{"embeddable":true,"href":"https:\/\/www.europesays.com\/fr\/wp-json\/wp\/v2\/users\/2"}],"replies":[{"embeddable":true,"href":"https:\/\/www.europesays.com\/fr\/wp-json\/wp\/v2\/comments?post=402733"}],"version-history":[{"count":0,"href":"https:\/\/www.europesays.com\/fr\/wp-json\/wp\/v2\/posts\/402733\/revisions"}],"wp:featuredmedia":[{"embeddable":true,"href":"https:\/\/www.europesays.com\/fr\/wp-json\/wp\/v2\/media\/402734"}],"wp:attachment":[{"href":"https:\/\/www.europesays.com\/fr\/wp-json\/wp\/v2\/media?parent=402733"}],"wp:term":[{"taxonomy":"category","embeddable":true,"href":"https:\/\/www.europesays.com\/fr\/wp-json\/wp\/v2\/categories?post=402733"},{"taxonomy":"post_tag","embeddable":true,"href":"https:\/\/www.europesays.com\/fr\/wp-json\/wp\/v2\/tags?post=402733"}],"curies":[{"name":"wp","href":"https:\/\/api.w.org\/{rel}","templated":true}]}}