{"id":402737,"date":"2025-09-19T16:23:09","date_gmt":"2025-09-19T16:23:09","guid":{"rendered":"https:\/\/www.europesays.com\/fr\/402737\/"},"modified":"2025-09-19T16:23:09","modified_gmt":"2025-09-19T16:23:09","slug":"pourquoi-le-robec-a-pris-une-couleur-laiteuse-pendant-plusieurs-heures","status":"publish","type":"post","link":"https:\/\/www.europesays.com\/fr\/402737\/","title":{"rendered":"pourquoi le Robec a pris une couleur laiteuse pendant plusieurs heures\u00a0?"},"content":{"rendered":"<p>            Par<br \/>\n        <strong><br \/>\n            <a href=\"https:\/\/actu.fr\/auteur\/thomas-rideau\" title=\"Consulter tous les articles de Thomas Rideau\" target=\"_blank\" rel=\"noopener\">Thomas Rideau<\/a><br \/>\n        <\/strong><\/p>\n<p>        Publi\u00e9 le<\/p>\n<p>            19 sept. 2025 \u00e0 17h41        <\/p>\n<p>La<strong> couleur de l\u2019eau<\/strong> du Robec a interpell\u00e9 des passants ce jeudi 18\u00a0septembre 2025. Entre Darn\u00e9tal et <a href=\"https:\/\/actu.fr\/normandie\/rouen_76540\" target=\"_blank\" rel=\"noopener\">Rouen (Seine-Maritime)<\/a>,<strong> la rivi\u00e8re<\/strong> qui plonge sous la capitale normande a rev\u00eatu une dr\u00f4le de couleur laiteuse durant plusieurs heures.<\/p>\n<p>L\u2019OFB intervient<\/p>\n<p class=\" wall-content\"><strong>De la pollution\u2009?<\/strong> Un ph\u00e9nom\u00e8ne naturel\u2009? Est-ce que la rivi\u00e8re \u00e9tait dans \u00ab\u2009un \u00e9tat pitoyable\u2009\u00bb, comme se d\u00e9sole une lectrice de 76actu\u2009? Elle a en tout cas n\u00e9cessit\u00e9 une intervention de<strong> l\u2019Office fran\u00e7ais de la biodiversit\u00e9 (OFB)<\/strong> de la Seine-Maritime.<\/p>\n<p class=\" wall-content\">Des agents se sont rendus sur place, jeudi 18\u00a0septembre. En effet, rien de naturel dans cette coloration. \u00ab<strong>\u2009Une entreprise de travaux publics<\/strong> \u00e9tait en train de creuser \u00e0 proximit\u00e9 dans une couche de marne pour r\u00e9aliser des travaux et a d\u00fb pomper pour \u00e9vacuer l\u2019eau\u2009\u00bb, annonce la pr\u00e9fecture \u00e0\u00a076actu.<\/p>\n<p>\u00ab\u2009De fines particules de marne\u2009\u00bb<\/p>\n<p class=\" wall-content\">\u00ab\u2009La couleur laiteuse est due \u00e0 de <strong>fines particules<\/strong> de marne en suspension\u2009\u00bb, pr\u00e9cisent les services de l\u2019\u00c9tat. Pour rappel, la marne est un m\u00e9lange de roches que l\u2019on trouve r\u00e9guli\u00e8rement dans les sols. Mais la pr\u00e9fecture se veut rassurante\u2009: \u00ab\u2009Il n\u2019y a pas de pollution en l\u2019\u00e9tat, pas d\u2019impact sur le milieu.\u2009\u00bb<\/p>\n<p class=\" wall-content\">Notons tout de m\u00eame que l\u2019OFB a r\u00e9alis\u00e9 <strong>\u00ab\u2009une sensibilisation\u2009\u00bb<\/strong> aupr\u00e8s de l\u2019entreprise pour mettre en place des \u00ab\u2009dispositifs de filtration ou de d\u00e9cantation avant rejet dans le milieu naturel\u2009\u00bb.<\/p>\n<p>Suivez l\u2019actualit\u00e9 de Rouen <a href=\"https:\/\/www.whatsapp.com\/channel\/0029VaKfnf99hXF2ddApFB1D\" target=\"_blank\" rel=\"noopener\">sur notre cha\u00eene WhatsApp<\/a> et <a href=\"https:\/\/www.tiktok.com\/@76actu.fr?lang=fr\" target=\"_blank\" rel=\"noopener\">sur notre compte TikTok<\/a><\/p>\n<p class=\" wall-content\">Personnalisez votre actualit\u00e9 en ajoutant vos villes et m\u00e9dias en favori avec <a href=\"https:\/\/moncompte.actu.fr\" title=\"D\u00e9couvez Mon Actu\" rel=\"nofollow noopener\" data-trk=\"{&quot;cta&quot;:{&quot;action&quot;:&quot;https:\\\/\\\/moncompte.actu.fr&quot;,&quot;category&quot;:&quot;mon compte&quot;,&quot;from&quot;:&quot;article footer&quot;,&quot;name&quot;:&quot;Mon actu&quot;,&quot;type&quot;:&quot;cta&quot;}}\" target=\"_blank\">Mon Actu<\/a>.<\/p>\n<p>                    <script async src=\"\/\/www.tiktok.com\/embed.js\"><\/script><\/p>\n","protected":false},"excerpt":{"rendered":"Par Thomas Rideau Publi\u00e9 le 19 sept. 2025 \u00e0 17h41 La couleur de l\u2019eau du Robec a interpell\u00e9&hellip;\n","protected":false},"author":2,"featured_media":402738,"comment_status":"","ping_status":"","sticky":false,"template":"","format":"standard","meta":{"footnotes":""},"categories":[9587],"tags":[1111,11,1777,674,1011,27,12,5161,52,1800,25,9590],"class_list":{"0":"post-402737","1":"post","2":"type-post","3":"status-publish","4":"format-standard","5":"has-post-thumbnail","7":"category-rouen","8":"tag-actu","9":"tag-actualites","10":"tag-eu","11":"tag-europe","12":"tag-fr","13":"tag-france","14":"tag-news","15":"tag-normandie","16":"tag-planete","17":"tag-pollution","18":"tag-republique-francaise","19":"tag-rouen"},"share_on_mastodon":{"url":"https:\/\/pubeurope.com\/@fr\/115231890023224023","error":""},"_links":{"self":[{"href":"https:\/\/www.europesays.com\/fr\/wp-json\/wp\/v2\/posts\/402737","targetHints":{"allow":["GET"]}}],"collection":[{"href":"https:\/\/www.europesays.com\/fr\/wp-json\/wp\/v2\/posts"}],"about":[{"href":"https:\/\/www.europesays.com\/fr\/wp-json\/wp\/v2\/types\/post"}],"author":[{"embeddable":true,"href":"https:\/\/www.europesays.com\/fr\/wp-json\/wp\/v2\/users\/2"}],"replies":[{"embeddable":true,"href":"https:\/\/www.europesays.com\/fr\/wp-json\/wp\/v2\/comments?post=402737"}],"version-history":[{"count":0,"href":"https:\/\/www.europesays.com\/fr\/wp-json\/wp\/v2\/posts\/402737\/revisions"}],"wp:featuredmedia":[{"embeddable":true,"href":"https:\/\/www.europesays.com\/fr\/wp-json\/wp\/v2\/media\/402738"}],"wp:attachment":[{"href":"https:\/\/www.europesays.com\/fr\/wp-json\/wp\/v2\/media?parent=402737"}],"wp:term":[{"taxonomy":"category","embeddable":true,"href":"https:\/\/www.europesays.com\/fr\/wp-json\/wp\/v2\/categories?post=402737"},{"taxonomy":"post_tag","embeddable":true,"href":"https:\/\/www.europesays.com\/fr\/wp-json\/wp\/v2\/tags?post=402737"}],"curies":[{"name":"wp","href":"https:\/\/api.w.org\/{rel}","templated":true}]}}