{"id":402743,"date":"2025-09-19T16:27:11","date_gmt":"2025-09-19T16:27:11","guid":{"rendered":"https:\/\/www.europesays.com\/fr\/402743\/"},"modified":"2025-09-19T16:27:11","modified_gmt":"2025-09-19T16:27:11","slug":"ces-parents-deleves-appellent-a-la-mobilisation-pour-achever-un-chantier-de-lecole","status":"publish","type":"post","link":"https:\/\/www.europesays.com\/fr\/402743\/","title":{"rendered":"ces parents d&rsquo;\u00e9l\u00e8ves appellent \u00e0 la mobilisation pour achever un chantier de l&rsquo;\u00e9cole"},"content":{"rendered":"<p>            Par<br \/>\n        <strong><br \/>\n            <a href=\"https:\/\/actu.fr\/auteur\/brian-legoff\" title=\"Consulter tous les articles de Brian Le Goff\" target=\"_blank\" rel=\"noopener\">Brian Le Goff<\/a><br \/>\n        <\/strong><\/p>\n<p>        Publi\u00e9 le<\/p>\n<p>            19 sept. 2025 \u00e0 17h41        <\/p>\n<p>Le <strong>temps<\/strong> \u00e9tait <strong>venu<\/strong> pour l\u2019<a href=\"https:\/\/actu.fr\/tag\/ecoles\" target=\"_blank\" rel=\"noopener\">\u00e9cole<\/a> priv\u00e9e du Sacr\u00e9-Coeur, \u00e0 <a href=\"https:\/\/actu.fr\/bretagne\/orgeres_35208\" target=\"_blank\" rel=\"noopener\">Org\u00e8res<\/a>, pr\u00e8s de Rennes, de <strong>repenser<\/strong> ses <strong>espaces ext\u00e9rieurs<\/strong>. Imagin\u00e9 d\u00e9but 2024, ce <strong>projet a r\u00e9uni<\/strong> les <strong>enfants<\/strong> \u2013 via les \u00e9cod\u00e9l\u00e9gu\u00e9s \u2013 l<strong>\u2019\u00e9quipe \u00e9ducative et les parents d\u2019\u00e9l\u00e8ves<\/strong> int\u00e9gr\u00e9s \u00e0 l\u2019organe de gestion de l\u2019\u00e9cole.<\/p>\n<blockquote class=\"ac-article-quote wall-content\">\n<p>Le but \u00e9tait de gagner de la place au sein des deux cours de l&rsquo;\u00e9cole, car on a ouvert deux classes ces derni\u00e8res ann\u00e9es face \u00e0 un effectif en constante augmentation. Il y avait le souci de la chaleur avec des cours qui \u00e9taient majoritairement goudronn\u00e9es et la question \u00e9tait de d\u00e9simperm\u00e9abiliser les sols, v\u00e9g\u00e9taliser et recr\u00e9er diff\u00e9rents espaces. \u00c0 un endroit, les racines d&rsquo;arbres soulevaient les enrob\u00e9s et cela devenait dangereux pour les enfants.<\/p>\n<p>    <strong>Nad\u00e8ge Dumast<\/strong><br \/>\n        Parent de deux \u00e9l\u00e8ves de 6 et 3 ans, membre de APEl et OGEC, deux associations qui g\u00e8rent l&rsquo;\u00e9cole    <\/p><\/blockquote>\n<p class=\" wall-content\">Les organes de gestion de l\u2019\u00e9cole ont ainsi fait appel \u00e0 un cabinet d\u2019architectes pour \u00e9tudier les futurs espaces de l\u2019\u00e9cole. \u00ab\u2009On a constat\u00e9 que l\u2019on perdait de la place, notamment en raison de plusieurs portails install\u00e9s, m\u00eame sur la voie d\u2019acc\u00e8s des secours. Ils ont ainsi \u00e9t\u00e9 d\u00e9mont\u00e9s durant la phase de travaux.\u2009\u00bb<\/p>\n<p>    <img   decoding=\"async\" loading=\"lazy\" src=\"https:\/\/www.europesays.com\/fr\/wp-content\/uploads\/2025\/09\/ecole-orgeres-privee-sacre-coeur-appel-aux-dons-pres-de-rennes-960x640.jpg\" alt=\"v\" width=\"960\" height=\"640\"\/><br \/>\n    La cour d\u2019\u00e9cole avant travaux. (\u00a9 Transmis \u00e0 actu Rennes)100\u2009000\u00a0euros investis<\/p>\n<p class=\" wall-content\">En effet, durant ce dernier \u00e9t\u00e9, gr\u00e2ce aux fonds propres de l\u2019\u00e9cole et \u00e0 un emprunt, la <strong>plus importante tranche des travaux, d\u2019une valeur de 100\u2009000\u00a0euros, a \u00e9t\u00e9 r\u00e9alis\u00e9e<\/strong>.<\/p>\n<blockquote class=\"ac-article-quote wall-content\">\n<p>Mais cela limite radicalement nos capacit\u00e9s pour les prochaines ann\u00e9es. On fonctionne sans subvention des collectivit\u00e9s. Nous avons sollicit\u00e9 l&rsquo;agence de l&rsquo;eau, mais nous n&rsquo;\u00e9tions pas \u00e9ligibles.<\/p>\n<p>    <strong>Nad\u00e8ge Dumast<\/strong>\n            <\/p><\/blockquote>\n<p class=\" wall-content\">Si la <strong>d\u00e9simperm\u00e9abilisation<\/strong> des sols, l\u2019installation de <strong>plantations<\/strong>, le gros \u0153uvre, comme la<strong> mise en place de gradins<\/strong> pour faire cours \u00e0 l\u2019ext\u00e9rieur, etc. ont \u00e9t\u00e9 faits, les installations de jeux, comme d\u2019autres projets, ne rentraient pas dans l\u2019enveloppe dont disposait l\u2019\u00e9cole. <strong>\u00ab\u2009On a pu financer qu\u2019un toboggan.\u2009\u00bb<\/strong><\/p>\n<p>Votre r\u00e9gion, votre actu !<\/p>\n<p>Recevez chaque jour les infos qui comptent pour vous.<\/p>\n<p>\t<a href=\"https:\/\/actu.fr\/newsletter\" class=\"ac-btn ac-btn--corner ac-btn--medium ac-btn--blue800\" target=\"_blank\" rel=\"noopener\">S&rsquo;incrire<\/a><br \/>\n<a class=\"jo-module-caroussel__img-container\" href=\"https:\/\/static.actu.fr\/uploads\/2025\/09\/ecole-privee-orgeres.jpg\" title=\"Agrandir la photo La cour d\u2019\u00e9cole juste apr\u00e8s la fin de la r\u00e9alisation du gros \u0153uvre. (\u00a9 Transmis \u00e0 actu Rennes)\" data-idx=\"1\" target=\"_blank\" rel=\"noopener\"><br \/>\n    <img decoding=\"async\" class=\"jo-module-caroussel__img\" loading=\"lazy\" src=\"https:\/\/www.europesays.com\/fr\/wp-content\/uploads\/2025\/09\/ecole-privee-orgeres-640x427.jpg\" alt=\"La cour d\u2019\u00e9cole juste apr\u00e8s la fin de la r\u00e9alisation du gros \u0153uvre. (\u00a9 Transmis \u00e0 actu Rennes)\" width=\"640\" height=\"427\"\/><\/a><a class=\"jo-module-caroussel__img-container\" href=\"https:\/\/static.actu.fr\/uploads\/2025\/09\/ecole-privee-orgeres-coyur.jpg\" title=\"Agrandir la photo La cour d\u2019\u00e9cole juste apr\u00e8s la fin de la r\u00e9alisation du gros \u0153uvre. (\u00a9 Transmis \u00e0 actu Rennes)\" data-idx=\"2\" target=\"_blank\" rel=\"noopener\"><br \/>\n    <img decoding=\"async\" class=\"jo-module-caroussel__img\" loading=\"lazy\" src=\"https:\/\/www.europesays.com\/fr\/wp-content\/uploads\/2025\/09\/ecole-privee-orgeres-coyur-640x427.jpg\" alt=\"La cour d\u2019\u00e9cole juste apr\u00e8s la fin de la r\u00e9alisation du gros \u0153uvre. (\u00a9 Transmis \u00e0 actu Rennes)\" width=\"640\" height=\"427\"\/><\/a><\/p>\n<p class=\" wall-content\">Dans ces conditions, les parents d\u2019\u00e9l\u00e8ves ont d\u00e9cid\u00e9 de lancer une lev\u00e9e de fonds pour offrir \u00e0 tous les enfants de l\u2019\u00e9cole davantage de jeux et mat\u00e9riels pour profiter pleinement des r\u00e9cr\u00e9ations. \u00ab\u2009On aimerait pouvoir mettre \u00e0 disposition des enfants<strong> une cabane, des v\u00e9los, un mur d\u2019escalade, un billodr\u00f4me, des paniers de basket\u2026<\/strong> Voire un <strong>parcours en bois<\/strong> pour travailler la motricit\u00e9, comme ils le souhaitent.\u2009\u00bb<\/p>\n<p>Une campagne de financement lanc\u00e9e avec une vid\u00e9o des enfants<\/p>\n<p class=\" wall-content\">Pour retenir l\u2019attention d\u2019une plus large population, les parents d\u2019\u00e9l\u00e8ves ont ainsi fait t\u00e9moigner les enfants dans une vid\u00e9o nomm\u00e9e <strong>\u00ab\u2009La Cour de nos r\u00eaves\u2009\u00bb<\/strong>, o\u00f9 les enfants parlaient de leur ancienne cour et de l\u2019espoir qu\u2019ils avaient pour la nouvelle.<\/p>\n<p class=\" wall-content\">\n<p class=\" wall-content\">Lanc\u00e9e en juin dernier, la lev\u00e9e de fonds \u2013 qui doit se terminer au 30\u00a0septembre \u2013 est <strong>proche du premier objectif\u2009: 10\u2009000\u00a0euros.<\/strong> \u00ab\u2009On ne pourra pas tout financer avec cette somme, sait d\u00e9j\u00e0 la parent d\u2019\u00e9l\u00e8ve. Dans notre r\u00e9flexion globale, on a pris une <strong>vision par paliers et par tiroirs, selon le montant que l\u2019on arrive \u00e0 collecter.<\/strong> On esp\u00e8re pouvoir faire nous-m\u00eames quelques nouvelles installations aux vacances de No\u00ebl.\u2009\u00bb<\/p>\n<p>Un appel aux entreprises locales<\/p>\n<p class=\" wall-content\">L\u2019\u00e9cole \u00e9tant labellis\u00e9e pour sa prise en compte de l\u2019environnement, les parents d\u2019\u00e9l\u00e8ves imaginent une partie ombrag\u00e9e pour les enfants avec<strong> l\u2019extension du pr\u00e9au, sur lequel se trouveraient des panneaux solaires<\/strong>. \u00ab\u2009On en <strong>appelle aussi aux entreprises locales,<\/strong> qui poss\u00e8dent des fondations ou un budget d\u00e9di\u00e9 au financement de projets\u2009\u00bb, conclut Nad\u00e8ge Dumast.<\/p>\n<p class=\" wall-content\">Personnalisez votre actualit\u00e9 en ajoutant vos villes et m\u00e9dias en favori avec <a href=\"https:\/\/moncompte.actu.fr\" title=\"D\u00e9couvez Mon Actu\" rel=\"nofollow noopener\" data-trk=\"{&quot;cta&quot;:{&quot;action&quot;:&quot;https:\\\/\\\/moncompte.actu.fr&quot;,&quot;category&quot;:&quot;mon compte&quot;,&quot;from&quot;:&quot;article footer&quot;,&quot;name&quot;:&quot;Mon actu&quot;,&quot;type&quot;:&quot;cta&quot;}}\" target=\"_blank\">Mon Actu<\/a>.<\/p>\n","protected":false},"excerpt":{"rendered":"Par Brian Le Goff Publi\u00e9 le 19 sept. 2025 \u00e0 17h41 Le temps \u00e9tait venu pour l\u2019\u00e9cole priv\u00e9e&hellip;\n","protected":false},"author":2,"featured_media":402744,"comment_status":"","ping_status":"","sticky":false,"template":"","format":"standard","meta":{"footnotes":""},"categories":[2821],"tags":[1111,11,829,4019,1777,674,1011,27,12,584,25,104],"class_list":{"0":"post-402743","1":"post","2":"type-post","3":"status-publish","4":"format-standard","5":"has-post-thumbnail","7":"category-rennes","8":"tag-actu","9":"tag-actualites","10":"tag-bretagne","11":"tag-ecoles","12":"tag-eu","13":"tag-europe","14":"tag-fr","15":"tag-france","16":"tag-news","17":"tag-rennes","18":"tag-republique-francaise","19":"tag-societe"},"share_on_mastodon":{"url":"https:\/\/pubeurope.com\/@fr\/115231906294636623","error":""},"_links":{"self":[{"href":"https:\/\/www.europesays.com\/fr\/wp-json\/wp\/v2\/posts\/402743","targetHints":{"allow":["GET"]}}],"collection":[{"href":"https:\/\/www.europesays.com\/fr\/wp-json\/wp\/v2\/posts"}],"about":[{"href":"https:\/\/www.europesays.com\/fr\/wp-json\/wp\/v2\/types\/post"}],"author":[{"embeddable":true,"href":"https:\/\/www.europesays.com\/fr\/wp-json\/wp\/v2\/users\/2"}],"replies":[{"embeddable":true,"href":"https:\/\/www.europesays.com\/fr\/wp-json\/wp\/v2\/comments?post=402743"}],"version-history":[{"count":0,"href":"https:\/\/www.europesays.com\/fr\/wp-json\/wp\/v2\/posts\/402743\/revisions"}],"wp:featuredmedia":[{"embeddable":true,"href":"https:\/\/www.europesays.com\/fr\/wp-json\/wp\/v2\/media\/402744"}],"wp:attachment":[{"href":"https:\/\/www.europesays.com\/fr\/wp-json\/wp\/v2\/media?parent=402743"}],"wp:term":[{"taxonomy":"category","embeddable":true,"href":"https:\/\/www.europesays.com\/fr\/wp-json\/wp\/v2\/categories?post=402743"},{"taxonomy":"post_tag","embeddable":true,"href":"https:\/\/www.europesays.com\/fr\/wp-json\/wp\/v2\/tags?post=402743"}],"curies":[{"name":"wp","href":"https:\/\/api.w.org\/{rel}","templated":true}]}}