{"id":402749,"date":"2025-09-19T16:30:21","date_gmt":"2025-09-19T16:30:21","guid":{"rendered":"https:\/\/www.europesays.com\/fr\/402749\/"},"modified":"2025-09-19T16:30:21","modified_gmt":"2025-09-19T16:30:21","slug":"strasbourg-il-extorque-ses-victimes-en-fauteuil-roulant-un-an-ferme","status":"publish","type":"post","link":"https:\/\/www.europesays.com\/fr\/402749\/","title":{"rendered":"Strasbourg. Il extorque ses victimes en fauteuil roulant : un an ferme"},"content":{"rendered":"<p>Tout au long des d\u00e9bats, le pr\u00e9venu ne cesse d\u2019arguer \u00ab d\u2019une blague \u00bb. Une plaisanterie qui n\u2019a fait rire aucune de ses victimes.<\/p>\n<p>Le 17 septembre, Gashteyar Ednana Mohamad a point\u00e9 un pistolet vers plusieurs personnes en leur r\u00e9clamant de l\u2019argent. Au fil de ses p\u00e9r\u00e9grinations, il a accost\u00e9 trois \u00e9tudiantes am\u00e9ricaines, une jeune femme puis la serveuse d\u2019un restaurant, exigeant le fonds de caisse, avant d\u2018\u00eatre mis en fuite par la responsable de l\u2019\u00e9tablissement.<\/p>\n<p>Facilement identifiable du fait de son fauteuil roulant, il a \u00e9t\u00e9 interpell\u00e9 vers 14 h rue&#8230;<\/p>\n","protected":false},"excerpt":{"rendered":"Tout au long des d\u00e9bats, le pr\u00e9venu ne cesse d\u2019arguer \u00ab d\u2019une blague \u00bb. Une plaisanterie qui n\u2019a&hellip;\n","protected":false},"author":2,"featured_media":402750,"comment_status":"","ping_status":"","sticky":false,"template":"","format":"standard","meta":{"footnotes":""},"categories":[2820],"tags":[1111,11,2389,2649,2880,1777,674,274,107,1011,27,775,12,25,640,2879],"class_list":{"0":"post-402749","1":"post","2":"type-post","3":"status-publish","4":"format-standard","5":"has-post-thumbnail","7":"category-strasbourg","8":"tag-actu","9":"tag-actualites","10":"tag-alsace","11":"tag-bas-rhin","12":"tag-edition-strasbourg","13":"tag-eu","14":"tag-europe","15":"tag-faits-divers-justice","16":"tag-fil-info","17":"tag-fr","18":"tag-france","19":"tag-grand-est","20":"tag-news","21":"tag-republique-francaise","22":"tag-strasbourg","23":"tag-strasbourg-ville"},"share_on_mastodon":{"url":"https:\/\/pubeurope.com\/@fr\/115231917550500569","error":""},"_links":{"self":[{"href":"https:\/\/www.europesays.com\/fr\/wp-json\/wp\/v2\/posts\/402749","targetHints":{"allow":["GET"]}}],"collection":[{"href":"https:\/\/www.europesays.com\/fr\/wp-json\/wp\/v2\/posts"}],"about":[{"href":"https:\/\/www.europesays.com\/fr\/wp-json\/wp\/v2\/types\/post"}],"author":[{"embeddable":true,"href":"https:\/\/www.europesays.com\/fr\/wp-json\/wp\/v2\/users\/2"}],"replies":[{"embeddable":true,"href":"https:\/\/www.europesays.com\/fr\/wp-json\/wp\/v2\/comments?post=402749"}],"version-history":[{"count":0,"href":"https:\/\/www.europesays.com\/fr\/wp-json\/wp\/v2\/posts\/402749\/revisions"}],"wp:featuredmedia":[{"embeddable":true,"href":"https:\/\/www.europesays.com\/fr\/wp-json\/wp\/v2\/media\/402750"}],"wp:attachment":[{"href":"https:\/\/www.europesays.com\/fr\/wp-json\/wp\/v2\/media?parent=402749"}],"wp:term":[{"taxonomy":"category","embeddable":true,"href":"https:\/\/www.europesays.com\/fr\/wp-json\/wp\/v2\/categories?post=402749"},{"taxonomy":"post_tag","embeddable":true,"href":"https:\/\/www.europesays.com\/fr\/wp-json\/wp\/v2\/tags?post=402749"}],"curies":[{"name":"wp","href":"https:\/\/api.w.org\/{rel}","templated":true}]}}