{"id":402755,"date":"2025-09-19T16:33:09","date_gmt":"2025-09-19T16:33:09","guid":{"rendered":"https:\/\/www.europesays.com\/fr\/402755\/"},"modified":"2025-09-19T16:33:09","modified_gmt":"2025-09-19T16:33:09","slug":"zeus-journees-du-patrimoine-quelles-activites-faire-ce-week-end-a-nantes","status":"publish","type":"post","link":"https:\/\/www.europesays.com\/fr\/402755\/","title":{"rendered":"Zeus, Journ\u00e9es du patrimoine&#8230; Quelles activit\u00e9s faire ce week-end \u00e0 Nantes\u00a0?"},"content":{"rendered":"<p>            Par<br \/>\n        <strong><br \/>\n            <a href=\"https:\/\/actu.fr\/auteur\/laure-gentil\" title=\"Consulter tous les articles de Laure Gentil\" rel=\"nofollow noopener\" target=\"_blank\">Laure Gentil<\/a><br \/>\n        <\/strong><\/p>\n<p>        Publi\u00e9 le<\/p>\n<p>            19 sept. 2025 \u00e0 17h50        <\/p>\n<p>Le <strong>week-end<\/strong> est enfin l\u00e0, mais vous ne savez pas quoi faire pour vous d\u00e9tendre ou vous amuser. Heureusement, dans la cit\u00e9 des ducs de Bretagne, il y a beaucoup d\u2019<strong>activit\u00e9s<\/strong> \u00e0 faire. La r\u00e9daction d\u2019actu Nantes\u00a0en a s\u00e9lectionn\u00e9 quelques-unes qui devront vous occuper ce <strong>samedi\u00a020 et dimanche 21\u00a0septembre<\/strong> 2025.<\/p>\n<p>Journ\u00e9es europ\u00e9ennes du patrimoine et du matrimoine<\/p>\n<p class=\" wall-content\">Ce week-end c\u2019est l\u2019occasion de voir certains lieux m\u00e9connus ou habituellement ferm\u00e9s aux visites. Les Journ\u00e9es europ\u00e9ennes du patrimoine et du matrimoine sont de retour. Il est notamment possible de visiter <strong>l\u2019op\u00e9ra de Nantes.<\/strong><\/p>\n<p class=\" wall-content\">Cette ann\u00e9e, les \u00e9quipes d\u2019Angers Nantes Op\u00e9ra donnent rendez-vous \u00e0 l\u2019<strong>entr\u00e9e du 1 rue Moli\u00e8re<\/strong>, pour une <strong>d\u00e9couverte des coulisses<\/strong> et de lieux habituellement inaccessibles au public.<\/p>\n<p>Samedi 20\u00a0septembre de 10h \u00e0 18h. Dimanche 21\u00a0septembre de 10h \u00e0 18h. Visite libre d\u2019environ 20\u00a0minutes, sans r\u00e9servation.<\/p>\n<p>Zeus<\/p>\n<p class=\" wall-content\">Vendredi 19\u00a0septembre 2025, <a href=\"https:\/\/actu.fr\/pays-de-la-loire\/nantes_44109\/video-zeus-le-celebre-cheval-metallique-des-jeux-olympiques-2024-est-arrive-a-nantes_63186685.html\" rel=\"nofollow noopener\" target=\"_blank\">Zeus, cheval embl\u00e9matique de la c\u00e9r\u00e9monie d\u2019ouverture<\/a> des Jeux olympiques de Paris 2024, est arriv\u00e9 \u00e0 Nantes au <strong>cours Cambronne<\/strong>. Zeus est expos\u00e9 \u00e0 Nantes<strong> jusqu\u2019au dimanche 28\u00a0septembre 2025<\/strong>.<\/p>\n<p class=\" wall-content\">Il sera en mouvement pendant une minute <strong>toutes les trois minutes de 12h30 \u00e0 21h30,<\/strong> tous les jours.<\/p>\n<p>La f\u00eate des possibles<\/p>\n<p class=\" wall-content\">Samedi, place Zola, des<strong> activit\u00e9s festives<\/strong> seront organis\u00e9es tout au long de l\u2019apr\u00e8s-midi, \u00e0 partir de 14\u2009h\u200930. Il y aura des animations, des <strong>concerts<\/strong> avec une fanfare et du jazz manouche, des <strong>jeux<\/strong> en bois, des stands associatifs et un espace de restauration pour \u00ab\u2009sensibiliser les habitants aux enjeux de la transition \u00e9cologique\u2009\u00bb.<\/p>\n<p>Votre r\u00e9gion, votre actu !<\/p>\n<p>Recevez chaque jour les infos qui comptent pour vous.<\/p>\n<p>\t<a href=\"https:\/\/actu.fr\/newsletter\" class=\"ac-btn ac-btn--corner ac-btn--medium ac-btn--blue800\" rel=\"nofollow noopener\" target=\"_blank\">S&rsquo;incrire<\/a><\/p>\n<p>Samedi 20\u00a0septembre de 14h30 \u00e0 21h. Place Zola.<\/p>\n<p class=\" wall-content\">Personnalisez votre actualit\u00e9 en ajoutant vos villes et m\u00e9dias en favori avec <a href=\"https:\/\/moncompte.actu.fr\" title=\"D\u00e9couvez Mon Actu\" rel=\"nofollow noopener\" data-trk=\"{&quot;cta&quot;:{&quot;action&quot;:&quot;https:\\\/\\\/moncompte.actu.fr&quot;,&quot;category&quot;:&quot;mon compte&quot;,&quot;from&quot;:&quot;article footer&quot;,&quot;name&quot;:&quot;Mon actu&quot;,&quot;type&quot;:&quot;cta&quot;}}\" target=\"_blank\">Mon Actu<\/a>.<\/p>\n","protected":false},"excerpt":{"rendered":"Par Laure Gentil Publi\u00e9 le 19 sept. 2025 \u00e0 17h50 Le week-end est enfin l\u00e0, mais vous ne&hellip;\n","protected":false},"author":2,"featured_media":402756,"comment_status":"","ping_status":"","sticky":false,"template":"","format":"standard","meta":{"footnotes":""},"categories":[2818],"tags":[1111,11,1063,1697,1777,674,1011,27,1652,766,12,2636,25],"class_list":{"0":"post-402755","1":"post","2":"type-post","3":"status-publish","4":"format-standard","5":"has-post-thumbnail","7":"category-nantes","8":"tag-actu","9":"tag-actualites","10":"tag-animations","11":"tag-concert","12":"tag-eu","13":"tag-europe","14":"tag-fr","15":"tag-france","16":"tag-loisirs-culture","17":"tag-nantes","18":"tag-news","19":"tag-pays-de-la-loire","20":"tag-republique-francaise"},"share_on_mastodon":{"url":"https:\/\/pubeurope.com\/@fr\/115231929340742603","error":""},"_links":{"self":[{"href":"https:\/\/www.europesays.com\/fr\/wp-json\/wp\/v2\/posts\/402755","targetHints":{"allow":["GET"]}}],"collection":[{"href":"https:\/\/www.europesays.com\/fr\/wp-json\/wp\/v2\/posts"}],"about":[{"href":"https:\/\/www.europesays.com\/fr\/wp-json\/wp\/v2\/types\/post"}],"author":[{"embeddable":true,"href":"https:\/\/www.europesays.com\/fr\/wp-json\/wp\/v2\/users\/2"}],"replies":[{"embeddable":true,"href":"https:\/\/www.europesays.com\/fr\/wp-json\/wp\/v2\/comments?post=402755"}],"version-history":[{"count":0,"href":"https:\/\/www.europesays.com\/fr\/wp-json\/wp\/v2\/posts\/402755\/revisions"}],"wp:featuredmedia":[{"embeddable":true,"href":"https:\/\/www.europesays.com\/fr\/wp-json\/wp\/v2\/media\/402756"}],"wp:attachment":[{"href":"https:\/\/www.europesays.com\/fr\/wp-json\/wp\/v2\/media?parent=402755"}],"wp:term":[{"taxonomy":"category","embeddable":true,"href":"https:\/\/www.europesays.com\/fr\/wp-json\/wp\/v2\/categories?post=402755"},{"taxonomy":"post_tag","embeddable":true,"href":"https:\/\/www.europesays.com\/fr\/wp-json\/wp\/v2\/tags?post=402755"}],"curies":[{"name":"wp","href":"https:\/\/api.w.org\/{rel}","templated":true}]}}