{"id":402757,"date":"2025-09-19T16:34:20","date_gmt":"2025-09-19T16:34:20","guid":{"rendered":"https:\/\/www.europesays.com\/fr\/402757\/"},"modified":"2025-09-19T16:34:20","modified_gmt":"2025-09-19T16:34:20","slug":"recherches-par-la-justice-depuis-plusieurs-mois-deux-malfaiteurs-se-trouvaient-deja-en-prison","status":"publish","type":"post","link":"https:\/\/www.europesays.com\/fr\/402757\/","title":{"rendered":"recherch\u00e9s par la justice depuis plusieurs mois, deux malfaiteurs se trouvaient d\u00e9j\u00e0 en prison"},"content":{"rendered":"<p>Le duo \u00e9tait recherch\u00e9 pour avoir menac\u00e9 et extorqu\u00e9 vingt jeunes, \u00e0 travers le d\u00e9partement de Loire-Atlantique, entre f\u00e9vrier et avril 2025.<\/p>\n<p class=\"fig-paragraph\">Les suspects se trouvaient d\u00e9j\u00e0 dans les mailles de la justice. Deux jeunes hommes de nationalit\u00e9 roumaine, \u00e2g\u00e9s de 20 et 23 ans, ont reconnu, mardi 16 septembre, \u00eatre les auteurs d\u2019une s\u00e9rie de vols commis \u00e0 travers l\u2019ensemble du\u00a0<a href=\"http:\/\/www.lefigaro.fr\/nantes\/loire-atlantique-malgre-l-opposition-de-la-prefecture-le-departement-experimente-quand-meme-le-conge-menstruel-20250630\" target=\"_blank\" data-fig-type=\"NewsFlash\" rel=\"noopener nofollow\" data-gtm-custom-categorie=\"navigation\" data-gtm-custom-action=\"crossclick\" data-gtm-custom-label=\"Contextuel\" data-gtm-event=\"customEventSPE\" data-fig-domain=\"LEFIGARO\">d\u00e9partement de Loire-Atlantique<\/a>. Domicili\u00e9s\u00a0<a href=\"https:\/\/www.lefigaro.fr\/nantes\" target=\"_blank\" data-fig-type=\"Section\" rel=\"sponsored noopener nofollow\" data-gtm-custom-categorie=\"navigation\" data-gtm-custom-action=\"crossclick\" data-gtm-custom-label=\"Contextuel\" data-gtm-event=\"customEventSPE\" data-fig-domain=\"LEFIGARO\">dans l\u2019agglom\u00e9ration nantaise<\/a>, les deux suspects ont rackett\u00e9 vingt adolescents entre f\u00e9vrier et avril 2025, en d\u00e9barquant en voiture pr\u00e8s de leur victime avant de les intimider avec une arme blanche et un fusil-mitrailleur. Les enqu\u00eateurs ont finalement retrouv\u00e9, plusieurs mois plus tard, la trace de l\u2019insaisissable duo\u2026 derri\u00e8re les barreaux de\u00a0<a href=\"http:\/\/www.lefigaro.fr\/nantes\/a-la-maison-d-arret-de-nantes-un-forum-des-metiers-pour-projeter-les-detenus-sur-l-apres-prison-20250403\" target=\"_blank\" data-fig-type=\"NewsFlash\" rel=\"noopener nofollow\" data-gtm-custom-categorie=\"navigation\" data-gtm-custom-action=\"crossclick\" data-gtm-custom-label=\"Contextuel\" data-gtm-event=\"customEventSPE\" data-fig-domain=\"LEFIGARO\">la maison d\u2019arr\u00eat de Nantes-Carquefou<\/a>.<\/p>\n<p class=\"fig-paragraph\">Interpell\u00e9s pour une histoire de vols aggrav\u00e9s remontant \u00e0 2024, les deux jeunes hommes avaient \u00e9t\u00e9 condamn\u00e9s le 30 juillet \u00e0 de la prison ferme. Confi\u00e9e \u00e0 la compagnie de gendarmerie de Ch\u00e2teaubriant, l\u2019enqu\u00eate sur les vols avec menaces s\u2019est donc poursuivie plusieurs semaines pendant que les suspects se trouvaient d\u00e9j\u00e0 enferm\u00e9s \u00e0 Nantes, bien loin des diff\u00e9rents lieux de guet-apens recens\u00e9s, comme\u00a0<a href=\"http:\/\/www.lefigaro.fr\/elections\/municipales\/municipales-2026-a-la-baule-franck-louvrier-candidat-a-un-second-mandat-20250729\" target=\"_blank\" data-fig-type=\"NewsFlash\" rel=\"noopener nofollow\" data-gtm-custom-categorie=\"navigation\" data-gtm-custom-action=\"crossclick\" data-gtm-custom-label=\"Contextuel\" data-gtm-event=\"customEventSPE\" data-fig-domain=\"LEFIGARO\">La Baule<\/a>, Montoir-de-Bretagne ou encore Savenay et Geneston.<\/p>\n<p>                                    <a class=\"fig-a11y-skip a11y-hidden\" href=\"#fig-a11y-skip-main-inarticle\"><br \/>\n        Passer la publicit\u00e9<br \/>\n    <\/a><\/p>\n<p>Armes factices<\/p>\n<p class=\"fig-paragraph\">Selon la gendarmerie, les vingt victimes du duo \u00e9taient r\u00e9parties sur une dizaine de vols. Les mis en cause s\u2019en prenaient en particulier aux t\u00e9l\u00e9phones portables de leurs victimes, emportant cependant aussi tout autre objet de valeur qu\u2019elles \u00e9taient susceptibles de porter. Le pr\u00e9judice total n\u2019a pas \u00e9t\u00e9 communiqu\u00e9 par les enqu\u00eateurs.<\/p>\n<p class=\"fig-body-link\">\n            \u00c0 lire aussi<br \/>\n        <a class=\"fig-body-link__link\" href=\"http:\/\/www.lefigaro.fr\/nantes\/nantes-decouvert-pres-d-un-terrain-de-petanque-un-homme-entre-la-vie-et-la-mort-20250919\" target=\"_blank\" data-fig-type=\"NewsFlash\" rel=\"noopener nofollow\" data-gtm-custom-categorie=\"navigation\" data-gtm-custom-action=\"crossclick\" data-gtm-custom-label=\"Contextuel\" data-gtm-event=\"customEventSPE\" data-fig-domain=\"LEFIGARO\">Nantes\u00a0: d\u00e9couvert pr\u00e8s d\u2019un terrain de p\u00e9tanque, un homme entre la vie et la mort<br \/>\n    <\/a>\n<\/p>\n<p class=\"fig-paragraph\">L\u2019une des deux voitures fr\u00e9quemment d\u00e9crites par les victimes a \u00e9t\u00e9 contr\u00f4l\u00e9e \u00e0 Redon, le 16 avril 2025, avec deux personnes \u00e0 bord. Pris en chasse par les forces de l\u2019ordre, le v\u00e9hicule a finalement \u00e9t\u00e9 abandonn\u00e9 par ses occupants, qui ont r\u00e9ussi \u00e0 semer leurs poursuivants. Du mat\u00e9riel g\u00e9n\u00e9tique a toutefois pu \u00eatre relev\u00e9 par les enqu\u00eateurs.<\/p>\n<p class=\"fig-paragraph\">Avec les traces ADN laiss\u00e9es dans la voiture, les relev\u00e9s des cam\u00e9ras de vid\u00e9osurveillance ainsi que quelques indices t\u00e9l\u00e9phoniques, l\u2019enqu\u00eate a pu se resserrer sur les deux jeunes hommes bien connus de la justice. Extraits de la maison d\u2019arr\u00eat, ils ont tous les deux avou\u00e9 les faits qui leur sont reproch\u00e9s, en pr\u00e9cisant que l\u2019arme d\u2019assaut exhib\u00e9e n\u2019\u00e9tait qu\u2019un fusil factice. Les deux voleurs seront de nouveau jug\u00e9s pour \u00abvol avec violence en r\u00e9union\u00bb, le 6 janvier 2026.<\/p>\n","protected":false},"excerpt":{"rendered":"Le duo \u00e9tait recherch\u00e9 pour avoir menac\u00e9 et extorqu\u00e9 vingt jeunes, \u00e0 travers le d\u00e9partement de Loire-Atlantique, entre&hellip;\n","protected":false},"author":2,"featured_media":402758,"comment_status":"","ping_status":"","sticky":false,"template":"","format":"standard","meta":{"footnotes":""},"categories":[2818],"tags":[1111,11,1777,674,1011,27,766,12,2636,25,1175],"class_list":{"0":"post-402757","1":"post","2":"type-post","3":"status-publish","4":"format-standard","5":"has-post-thumbnail","7":"category-nantes","8":"tag-actu","9":"tag-actualites","10":"tag-eu","11":"tag-europe","12":"tag-fr","13":"tag-france","14":"tag-nantes","15":"tag-news","16":"tag-pays-de-la-loire","17":"tag-republique-francaise","18":"tag-vol"},"share_on_mastodon":{"url":"https:\/\/pubeurope.com\/@fr\/115231933419870543","error":""},"_links":{"self":[{"href":"https:\/\/www.europesays.com\/fr\/wp-json\/wp\/v2\/posts\/402757","targetHints":{"allow":["GET"]}}],"collection":[{"href":"https:\/\/www.europesays.com\/fr\/wp-json\/wp\/v2\/posts"}],"about":[{"href":"https:\/\/www.europesays.com\/fr\/wp-json\/wp\/v2\/types\/post"}],"author":[{"embeddable":true,"href":"https:\/\/www.europesays.com\/fr\/wp-json\/wp\/v2\/users\/2"}],"replies":[{"embeddable":true,"href":"https:\/\/www.europesays.com\/fr\/wp-json\/wp\/v2\/comments?post=402757"}],"version-history":[{"count":0,"href":"https:\/\/www.europesays.com\/fr\/wp-json\/wp\/v2\/posts\/402757\/revisions"}],"wp:featuredmedia":[{"embeddable":true,"href":"https:\/\/www.europesays.com\/fr\/wp-json\/wp\/v2\/media\/402758"}],"wp:attachment":[{"href":"https:\/\/www.europesays.com\/fr\/wp-json\/wp\/v2\/media?parent=402757"}],"wp:term":[{"taxonomy":"category","embeddable":true,"href":"https:\/\/www.europesays.com\/fr\/wp-json\/wp\/v2\/categories?post=402757"},{"taxonomy":"post_tag","embeddable":true,"href":"https:\/\/www.europesays.com\/fr\/wp-json\/wp\/v2\/tags?post=402757"}],"curies":[{"name":"wp","href":"https:\/\/api.w.org\/{rel}","templated":true}]}}