{"id":402773,"date":"2025-09-19T16:43:10","date_gmt":"2025-09-19T16:43:10","guid":{"rendered":"https:\/\/www.europesays.com\/fr\/402773\/"},"modified":"2025-09-19T16:43:10","modified_gmt":"2025-09-19T16:43:10","slug":"une-enquete-interne-ouverte-apres-la-video-virale-dune-femme-violentee-par-des-policiers","status":"publish","type":"post","link":"https:\/\/www.europesays.com\/fr\/402773\/","title":{"rendered":"Une enqu\u00eate interne ouverte apr\u00e8s la vid\u00e9o virale d\u2019une femme violent\u00e9e par des policiers"},"content":{"rendered":"<p>Une enqu\u00eate interne a \u00e9t\u00e9 ouverte au sein de la police apr\u00e8s la diffusion d\u2019une <a href=\"https:\/\/www.20minutes.fr\/societe\/greve\/4173906-20250918-greve-18-septembre-marseille-video-jeune-femme-violentee-policiers-emeut\" class=\"c-link c-link--is-underlined\" rel=\"nofollow noopener\" target=\"_blank\">vid\u00e9o montrant une jeune femme bouscul\u00e9e et frapp\u00e9e<\/a> par des policiers lors de la journ\u00e9e de mobilisation du 18\u00a0septembre, \u00e0 <a href=\"https:\/\/www.20minutes.fr\/marseille\/\" class=\"c-link c-link--is-underlined\" rel=\"nofollow noopener\" target=\"_blank\">Marseille<\/a>.<\/p>\n<p>Les images, film\u00e9es par des journalistes d\u2019AFPTV et relay\u00e9es massivement sur les r\u00e9seaux sociaux, ont \u00e9t\u00e9 visionn\u00e9es des dizaines de millions de fois.<\/p>\n<\/p>\n<p>\u00ab\u00a0Casse-toi\u00a0!\u00a0\u00bb<\/p>\n<p>Sur ces images film\u00e9es jeudi matin, on voit une jeune femme au sol recevoir un coup de pied d\u2019un policier qui lui crie \u00ab\u00a0casse-toi\u00a0!\u00a0\u00bb. Alors qu\u2019elle r\u00e9pond \u00ab\u00a0oui oui, je me casse\u00a0\u00bb, visiblement sous le choc, un autre policier la pousse violemment, la faisant retomber. Effray\u00e9e, elle s\u2019\u00e9loigne ensuite en r\u00e9p\u00e9tant \u00ab\u00a0pardon, pardon\u00a0\u00bb.<\/p>\n<p>La sc\u00e8ne s\u2019est produite vers 7 heures, dans le quartier de la Joliette, alors que des petits groupes de manifestants tentaient de se rassembler pour bloquer le si\u00e8ge de l\u2019armateur CMA-CGM, propri\u00e9t\u00e9 du <a href=\"https:\/\/www.20minutes.fr\/dossier\/milliardaire\" class=\"c-link c-link--is-underlined\" rel=\"nofollow noopener\" target=\"_blank\">milliardaire<\/a> Rodolphe Saad\u00e9. Une quarantaine de personnes avaient \u00e9t\u00e9 dispers\u00e9es par les forces de l\u2019ordre au milieu de tirs de gaz lacrymog\u00e8nes. Avant l\u2019intervention, la jeune femme avait tr\u00e9buch\u00e9 seule sur la chauss\u00e9e, pr\u00e9cise le journaliste qui a film\u00e9 la sc\u00e8ne.<\/p>\n<p class=\"mb-xxl@xs color-ultramarine font-weight-semi-bold@xs font-source-serif-pro heading-s@xs\">L\u2019acc\u00e8s \u00e0 ce contenu a \u00e9t\u00e9 bloqu\u00e9 afin de respecter votre choix de consentement<\/p>\n<p class=\"mb-m@xs text-l@xs\">En cliquant sur\u00ab J\u2019accepte \u00bb, vous acceptez le d\u00e9p\u00f4t de cookies par des services externes et aurez ainsi acc\u00e8s aux contenus de nos partenaires.<\/p>\n<p class=\"mb-xl@xs text-s@xs\">Plus d\u2019informations sur la page<a href=\"https:\/\/www.20minutes.fr\/gestion-cookies\" class=\"mx-xxs@xs color-ultramarine\" rel=\"nofollow noopener\" target=\"_blank\">Politique de gestion des cookies<\/a><\/p>\n<p>J\u2019accepteDes manifestants \u00ab\u00a0hostiles\u00a0\u00bb<\/p>\n<p>La pr\u00e9fecture de police avait signal\u00e9 la pr\u00e9sence d\u2019environ 200 manifestants \u00ab\u00a0hostiles\u00a0\u00bb pr\u00e8s du centre commercial des Terrasses du Port, et avait \u00e9tat d\u2019une centaine de contr\u00f4les et de 22 interpellations.<\/p>\n<p>Apr\u00e8s avoir vu la vid\u00e9o, une source polici\u00e8re a assur\u00e9 que \u00ab\u00a0rien ne contrevient \u00e0 la doctrine du maintien de l\u2019ordre\u00a0\u00bb, tout en confirmant que des demandes d\u2019\u00e9vacuation et des sommations avaient \u00e9t\u00e9 faites avant la dispersion.<\/p>\n<p><a href=\"https:\/\/www.20minutes.fr\/monde\/violences-policieres\/\" class=\"c-link c-btn c-btn--primary\" rel=\"nofollow noopener\" target=\"_blank\">Notre dossier sur les violences polici\u00e8res<\/a>Une \u00ab\u00a0honteuse agression gratuite\u00a0\u00bb<\/p>\n<p>L\u2019affaire a d\u00e9clench\u00e9 une vague d\u2019indignation politique et citoyenne. Le d\u00e9put\u00e9 insoumis <a href=\"https:\/\/www.20minutes.fr\/politique\/manuel-bompard\/\" class=\"c-link c-link--is-underlined\" rel=\"nofollow noopener\" target=\"_blank\">Manuel Bompard<\/a> a d\u00e9nonc\u00e9 une \u00ab\u00a0honteuse agression gratuite\u00a0\u00bb.<\/p>\n<p>La secr\u00e9taire nationale d\u2019Europe \u00c9cologie-Les Verts, <a href=\"https:\/\/www.20minutes.fr\/politique\/marine-tondelier\/\" class=\"c-link c-link--is-underlined\" rel=\"nofollow noopener\" target=\"_blank\">Marine Tondelier<\/a>, a condamn\u00e9 \u00ab\u00a0des violences polici\u00e8res graves\u00a0\u00bb en estimant qu\u2019\u00ab\u00a0on ne peut pas brutaliser ainsi impun\u00e9ment une manifestante\u00a0\u00bb.<\/p>\n","protected":false},"excerpt":{"rendered":"Une enqu\u00eate interne a \u00e9t\u00e9 ouverte au sein de la police apr\u00e8s la diffusion d\u2019une vid\u00e9o montrant une&hellip;\n","protected":false},"author":2,"featured_media":402774,"comment_status":"","ping_status":"","sticky":false,"template":"","format":"standard","meta":{"footnotes":""},"categories":[2814],"tags":[1111,47,11,885,1777,674,1011,27,303,884,10234,12,883,882,25,24250,7374],"class_list":{"0":"post-402773","1":"post","2":"type-post","3":"status-publish","4":"format-standard","5":"has-post-thumbnail","7":"category-marseille","8":"tag-actu","9":"tag-actualite","10":"tag-actualites","11":"tag-bouches-du-rhone","12":"tag-eu","13":"tag-europe","14":"tag-fr","15":"tag-france","16":"tag-justice","17":"tag-marseille","18":"tag-mobilisation","19":"tag-news","20":"tag-paca","21":"tag-provence-alpes-cote-dazur","22":"tag-republique-francaise","23":"tag-rodolphe-saade","24":"tag-violences-policieres"},"share_on_mastodon":{"url":"https:\/\/pubeurope.com\/@fr\/115231968665547653","error":""},"_links":{"self":[{"href":"https:\/\/www.europesays.com\/fr\/wp-json\/wp\/v2\/posts\/402773","targetHints":{"allow":["GET"]}}],"collection":[{"href":"https:\/\/www.europesays.com\/fr\/wp-json\/wp\/v2\/posts"}],"about":[{"href":"https:\/\/www.europesays.com\/fr\/wp-json\/wp\/v2\/types\/post"}],"author":[{"embeddable":true,"href":"https:\/\/www.europesays.com\/fr\/wp-json\/wp\/v2\/users\/2"}],"replies":[{"embeddable":true,"href":"https:\/\/www.europesays.com\/fr\/wp-json\/wp\/v2\/comments?post=402773"}],"version-history":[{"count":0,"href":"https:\/\/www.europesays.com\/fr\/wp-json\/wp\/v2\/posts\/402773\/revisions"}],"wp:featuredmedia":[{"embeddable":true,"href":"https:\/\/www.europesays.com\/fr\/wp-json\/wp\/v2\/media\/402774"}],"wp:attachment":[{"href":"https:\/\/www.europesays.com\/fr\/wp-json\/wp\/v2\/media?parent=402773"}],"wp:term":[{"taxonomy":"category","embeddable":true,"href":"https:\/\/www.europesays.com\/fr\/wp-json\/wp\/v2\/categories?post=402773"},{"taxonomy":"post_tag","embeddable":true,"href":"https:\/\/www.europesays.com\/fr\/wp-json\/wp\/v2\/tags?post=402773"}],"curies":[{"name":"wp","href":"https:\/\/api.w.org\/{rel}","templated":true}]}}