{"id":402775,"date":"2025-09-19T16:44:12","date_gmt":"2025-09-19T16:44:12","guid":{"rendered":"https:\/\/www.europesays.com\/fr\/402775\/"},"modified":"2025-09-19T16:44:12","modified_gmt":"2025-09-19T16:44:12","slug":"lyon-la-police-deploie-de-gros-moyens-dans-ce-quartier-ce-quil-sest-passe","status":"publish","type":"post","link":"https:\/\/www.europesays.com\/fr\/402775\/","title":{"rendered":"Lyon. La police d\u00e9ploie de gros moyens dans ce quartier : ce qu&rsquo;il s&rsquo;est pass\u00e9"},"content":{"rendered":"<p>            Par<br \/>\n        <strong><br \/>\n            <a href=\"https:\/\/actu.fr\/auteur\/julien-sournies\" title=\"Consulter tous les articles de Julien Sournies\" target=\"_blank\" rel=\"noopener\">Julien Sournies<\/a><br \/>\n        <\/strong><\/p>\n<p>        Publi\u00e9 le<\/p>\n<p>            19 sept. 2025 \u00e0 18h07        <\/p>\n<p>Les gros moyens ont \u00e9t\u00e9 d\u00e9ploy\u00e9s \u00e0<strong> La Guillot\u00e8re<\/strong>.<\/p>\n<p class=\" wall-content\">Dans le cadre de la mise en \u0153uvre du plan d\u2019action d\u00e9partemental de restauration de la s\u00e9curit\u00e9 du quotidien, la police nationale du <a href=\"https:\/\/actu.fr\/auvergne-rhone-alpes\/rhone_69\" target=\"_blank\" rel=\"noopener\">Rh\u00f4ne<\/a> a men\u00e9 une <strong>op\u00e9ration d\u2019ampleur<\/strong> dans le secteur Gabriel-P\u00e9ri \u00e0 <a href=\"https:\/\/actu.fr\/lyon\/\" target=\"_blank\" rel=\"noopener\">Lyon<\/a> (3e et 7e) les 15 et 16\u00a0septembre, annonce la pr\u00e9fecture du Rh\u00f4ne dans un communiqu\u00e9.<\/p>\n<p>Plus de 700 individus contr\u00f4l\u00e9s<\/p>\n<p class=\" wall-content\">Durant ces deux jours, <strong>157 policiers nationaux<\/strong>, \u00e9paul\u00e9s par des agents de la police municipale et de la RATP, ont men\u00e9 des contr\u00f4les routiers et antifraudes ou encore proc\u00e9d\u00e9 \u00e0 des visites de parties communes, \u00ab\u2009notamment en soir\u00e9e et durant la nuit, aux horaires les plus sensibles\u2009\u00bb, pr\u00e9cisent les services de l\u2019\u00c9tat.<\/p>\n<p class=\" wall-content\">Tout au long de ce \u00ab\u2009dispositif exceptionnel\u2009\u00bb, pr\u00e8s de <strong>717\u00a0personnes<\/strong> ont \u00e9t\u00e9 contr\u00f4l\u00e9es par les forces de l\u2019ordre et les contr\u00f4leurs des transports publics, dont douze ont \u00e9t\u00e9 interpell\u00e9es et six plac\u00e9es en gardes \u00e0 vue. Par ailleurs, 17 \u00e9trangers en situation irr\u00e9guli\u00e8re ont \u00e9t\u00e9 mis \u00e0 disposition de la police aux fronti\u00e8res.<\/p>\n<p class=\" wall-content\">De surcro\u00eet, <strong>37 infractions ont \u00e9t\u00e9 relev\u00e9es<\/strong> (tapages, d\u00e9lits routiers, transports en commun\u2026) et 16 amendes forfaitaires d\u00e9lictuelles ont \u00e9t\u00e9 dress\u00e9es pour des occupations de halls d\u2019immeuble, d\u00e9tentions de stup\u00e9fiants, d\u00e9fauts de permis de conduire, d\u00e9fauts d\u2019assurance ou port d\u2019arme prohib\u00e9.<\/p>\n<p>Deux commerces \u00e9pingl\u00e9s<\/p>\n<p class=\" wall-content\">\u00c0 cela, <strong>1\u2009140 paquets de cigarettes<\/strong> et 4\u2009000\u00a0euros en num\u00e9raire ont \u00e9t\u00e9 saisis, ainsi que des comprim\u00e9s de psychotropes.<\/p>\n<p class=\" wall-content\">Au cours de ces op\u00e9rations, quatre commerces ont \u00e9galement \u00e9t\u00e9 contr\u00f4l\u00e9s, entra\u00eenant deux proc\u00e9dures pour <strong>travail dissimul\u00e9<\/strong>.<\/p>\n<p>Votre r\u00e9gion, votre actu !<\/p>\n<p>Recevez chaque jour les infos qui comptent pour vous.<\/p>\n<p>\t<a href=\"https:\/\/actu.fr\/newsletter\" class=\"ac-btn ac-btn--corner ac-btn--medium ac-btn--blue800\" target=\"_blank\" rel=\"noopener\">S&rsquo;incrire<\/a><\/p>\n<p class=\" wall-content\">Pour rappel, des op\u00e9rations similaires avaient \u00e9t\u00e9 men\u00e9es ces derni\u00e8res semaines dans les secteurs Terreaux \/ Croix Rousse, Guilloti\u00e8re \/ Mazagran, Cit\u00e9 Jardin et Part-Dieu \u00e0 Lyon, mais aussi \u00e0 Meyzieu, Rillieux-la-Pape, Bron et Oullins-Pierre-B\u00e9nite.<\/p>\n<p class=\" wall-content\">Personnalisez votre actualit\u00e9 en ajoutant vos villes et m\u00e9dias en favori avec <a href=\"https:\/\/moncompte.actu.fr\" title=\"D\u00e9couvez Mon Actu\" rel=\"nofollow noopener\" data-trk=\"{&quot;cta&quot;:{&quot;action&quot;:&quot;https:\\\/\\\/moncompte.actu.fr&quot;,&quot;category&quot;:&quot;mon compte&quot;,&quot;from&quot;:&quot;article footer&quot;,&quot;name&quot;:&quot;Mon actu&quot;,&quot;type&quot;:&quot;cta&quot;}}\" target=\"_blank\">Mon Actu<\/a>.<\/p>\n","protected":false},"excerpt":{"rendered":"Par Julien Sournies Publi\u00e9 le 19 sept. 2025 \u00e0 18h07 Les gros moyens ont \u00e9t\u00e9 d\u00e9ploy\u00e9s \u00e0 La&hellip;\n","protected":false},"author":2,"featured_media":402776,"comment_status":"","ping_status":"","sticky":false,"template":"","format":"standard","meta":{"footnotes":""},"categories":[1889],"tags":[1111,11,2430,215,1777,674,1011,27,2428,12,1072,9450,25,104],"class_list":{"0":"post-402775","1":"post","2":"type-post","3":"status-publish","4":"format-standard","5":"has-post-thumbnail","7":"category-lyon","8":"tag-actu","9":"tag-actualites","10":"tag-auvergne-rhone-alpes","11":"tag-commerce","12":"tag-eu","13":"tag-europe","14":"tag-fr","15":"tag-france","16":"tag-lyon","17":"tag-news","18":"tag-police","19":"tag-prefecture-du-rhone","20":"tag-republique-francaise","21":"tag-societe"},"share_on_mastodon":{"url":"https:\/\/pubeurope.com\/@fr\/115231972747761716","error":""},"_links":{"self":[{"href":"https:\/\/www.europesays.com\/fr\/wp-json\/wp\/v2\/posts\/402775","targetHints":{"allow":["GET"]}}],"collection":[{"href":"https:\/\/www.europesays.com\/fr\/wp-json\/wp\/v2\/posts"}],"about":[{"href":"https:\/\/www.europesays.com\/fr\/wp-json\/wp\/v2\/types\/post"}],"author":[{"embeddable":true,"href":"https:\/\/www.europesays.com\/fr\/wp-json\/wp\/v2\/users\/2"}],"replies":[{"embeddable":true,"href":"https:\/\/www.europesays.com\/fr\/wp-json\/wp\/v2\/comments?post=402775"}],"version-history":[{"count":0,"href":"https:\/\/www.europesays.com\/fr\/wp-json\/wp\/v2\/posts\/402775\/revisions"}],"wp:featuredmedia":[{"embeddable":true,"href":"https:\/\/www.europesays.com\/fr\/wp-json\/wp\/v2\/media\/402776"}],"wp:attachment":[{"href":"https:\/\/www.europesays.com\/fr\/wp-json\/wp\/v2\/media?parent=402775"}],"wp:term":[{"taxonomy":"category","embeddable":true,"href":"https:\/\/www.europesays.com\/fr\/wp-json\/wp\/v2\/categories?post=402775"},{"taxonomy":"post_tag","embeddable":true,"href":"https:\/\/www.europesays.com\/fr\/wp-json\/wp\/v2\/tags?post=402775"}],"curies":[{"name":"wp","href":"https:\/\/api.w.org\/{rel}","templated":true}]}}