{"id":402779,"date":"2025-09-19T16:47:18","date_gmt":"2025-09-19T16:47:18","guid":{"rendered":"https:\/\/www.europesays.com\/fr\/402779\/"},"modified":"2025-09-19T16:47:18","modified_gmt":"2025-09-19T16:47:18","slug":"paris-la-ratp-porte-plainte-apres-un-sabotage-coordonne-sur-5-lignes-de-metro","status":"publish","type":"post","link":"https:\/\/www.europesays.com\/fr\/402779\/","title":{"rendered":"Paris\u00a0: la RATP porte plainte apr\u00e8s un sabotage coordonn\u00e9 sur 5 lignes de m\u00e9tro"},"content":{"rendered":"<p class=\"paragraph text_align_left lp-f-body-02\">La <a href=\"https:\/\/www.leparisien.fr\/info-paris-ile-de-france-oise\/transports\/ratp\/\" target=\"_blank\" rel=\"noreferrer noopener\">r\u00e9gie des transports parisiens<\/a> (RATP) a fait face il y a quelques jours \u00e0 une op\u00e9ration de sabotage minutieusement orchestr\u00e9e. Cinq lignes de m\u00e9tro ont \u00e9t\u00e9 simultan\u00e9ment cibl\u00e9es mercredi 17 septembre au matin, alors que des milliers de voyageurs s\u2019appr\u00eataient \u00e0 rejoindre leur lieu de travail.<\/p>\n<p class=\"paragraph text_align_left lp-f-body-02\">Il \u00e9tait aux alentours de 7h50, <a href=\"https:\/\/www.leparisien.fr\/info-paris-ile-de-france-oise\/transports\/embouteillages-voici-les-pires-horaires-pour-conduire-a-paris-et-en-ile-de-france-11-01-2024-X7CBGC4GIRGF7KC3GGGJPIYEEM.php#:~:text=%C3%80%20l&#039;inverse%2C%20le%20pire,16%20km%2Fh.\" target=\"_blank\" rel=\"noreferrer noopener\">en pleine heure de pointe<\/a>, lorsqu\u2019un un vol coordonn\u00e9 de rupteurs d\u2019incident en tunnel a \u00e9t\u00e9 perp\u00e9tr\u00e9 sur cinq lignes simultan\u00e9ment. Les lignes 3, 5, 8, 9 et 11 ont \u00e9t\u00e9 vis\u00e9es par cette action de sabotage qui a entra\u00een\u00e9 une interruption partielle du trafic.<\/p>\n<p class=\"paragraph text_align_left lp-f-body-02\">Ces rupteurs d\u2019incident, dispositifs essentiels du syst\u00e8me de s\u00e9curit\u00e9 du m\u00e9tro, permettent notamment de couper l\u2019alimentation \u00e9lectrique et de stopper les rames en cas d\u2019urgence, par exemple si une personne se trouve sur les voies.<\/p>\n<p>Des images de vid\u00e9oprotection \u00e0 disposition<\/p>\n<p class=\"paragraph text_align_left lp-f-body-02\">La r\u00e9activit\u00e9 des \u00e9quipes de la RATP a n\u00e9anmoins permis de r\u00e9tablir le trafic en quelques minutes seulement, limitant ainsi les d\u00e9sagr\u00e9ments pour les voyageurs. Toutefois, la r\u00e9gie ferroviaire indique ce vendredi avoir d\u00e9pos\u00e9 plainte. \u00ab La RATP condamne fermement ces actes de malveillance \u00bb, poursuit-elle.<\/p>\n<p class=\"paragraph text_align_left lp-f-body-02\">Une enqu\u00eate a \u00e9t\u00e9 ouverte pour identifier les auteurs de ce sabotage. La RATP a pr\u00e9cis\u00e9 qu\u2019elle tenait ses images de vid\u00e9oprotection \u00e0 la disposition des forces de l\u2019ordre.<\/p>\n<p class=\"paragraph text_align_left lp-f-body-02\">Ce type d\u2019acte n\u2019est pas sans pr\u00e9c\u00e9dent sur le r\u00e9seau parisien. En 2008, <a href=\"https:\/\/www.leparisien.fr\/paris-75\/deux-agents-de-la-ratp-condamnes-pour-sabotage-08-03-2008-3296116164.php\" target=\"_blank\" rel=\"noreferrer noopener\">deux agents de la RATP avaient \u00e9t\u00e9 condamn\u00e9s<\/a> pour avoir d\u00e9rob\u00e9 un rupteur d\u2019alarme lors d\u2019une gr\u00e8ve, provoquant l\u2019arr\u00eat des rames de m\u00e9tro sur une partie de la ligne 6. Plus r\u00e9cemment, lors des Jeux olympiques de Paris 2024, <a href=\"https:\/\/www.leparisien.fr\/jo-paris-2024\/jo-paris-2024-sabotages-a-la-sncf-grace-a-son-nouveau-poste-de-controle-la-ratp-canalise-les-foules-26-07-2024-CZ7VLZTNZJCEZHM4LFKLIQY4YU.php\" target=\"_blank\" rel=\"noreferrer noopener\">plusieurs actes de sabotage<\/a> avaient perturb\u00e9 le r\u00e9seau de transport national SNCF, avec des individus s\u2019introduisant sur des sites isol\u00e9s pour endommager des infrastructures critiques.<\/p>\n<p class=\"paragraph text_align_left lp-f-body-02\">La RATP rappelle que ces actions constituent un d\u00e9lit passible de sanctions p\u00e9nales, pouvant entra\u00eener des peines d\u2019emprisonnement et de lourdes amendes.<\/p>\n","protected":false},"excerpt":{"rendered":"La r\u00e9gie des transports parisiens (RATP) a fait face il y a quelques jours \u00e0 une op\u00e9ration de&hellip;\n","protected":false},"author":2,"featured_media":402780,"comment_status":"","ping_status":"","sticky":false,"template":"","format":"standard","meta":{"footnotes":""},"categories":[1592],"tags":[1111,11,1777,674,1011,27,662,1944,12,626,25,2382],"class_list":{"0":"post-402779","1":"post","2":"type-post","3":"status-publish","4":"format-standard","5":"has-post-thumbnail","7":"category-ile-de-france","8":"tag-actu","9":"tag-actualites","10":"tag-eu","11":"tag-europe","12":"tag-fr","13":"tag-france","14":"tag-ile-de-france","15":"tag-ma-ville","16":"tag-news","17":"tag-paris","18":"tag-republique-francaise","19":"tag-transport-idf-oise"},"share_on_mastodon":{"url":"https:\/\/pubeurope.com\/@fr\/115231984502057922","error":""},"_links":{"self":[{"href":"https:\/\/www.europesays.com\/fr\/wp-json\/wp\/v2\/posts\/402779","targetHints":{"allow":["GET"]}}],"collection":[{"href":"https:\/\/www.europesays.com\/fr\/wp-json\/wp\/v2\/posts"}],"about":[{"href":"https:\/\/www.europesays.com\/fr\/wp-json\/wp\/v2\/types\/post"}],"author":[{"embeddable":true,"href":"https:\/\/www.europesays.com\/fr\/wp-json\/wp\/v2\/users\/2"}],"replies":[{"embeddable":true,"href":"https:\/\/www.europesays.com\/fr\/wp-json\/wp\/v2\/comments?post=402779"}],"version-history":[{"count":0,"href":"https:\/\/www.europesays.com\/fr\/wp-json\/wp\/v2\/posts\/402779\/revisions"}],"wp:featuredmedia":[{"embeddable":true,"href":"https:\/\/www.europesays.com\/fr\/wp-json\/wp\/v2\/media\/402780"}],"wp:attachment":[{"href":"https:\/\/www.europesays.com\/fr\/wp-json\/wp\/v2\/media?parent=402779"}],"wp:term":[{"taxonomy":"category","embeddable":true,"href":"https:\/\/www.europesays.com\/fr\/wp-json\/wp\/v2\/categories?post=402779"},{"taxonomy":"post_tag","embeddable":true,"href":"https:\/\/www.europesays.com\/fr\/wp-json\/wp\/v2\/tags?post=402779"}],"curies":[{"name":"wp","href":"https:\/\/api.w.org\/{rel}","templated":true}]}}