{"id":40278,"date":"2025-04-21T01:20:18","date_gmt":"2025-04-21T01:20:18","guid":{"rendered":"https:\/\/www.europesays.com\/fr\/40278\/"},"modified":"2025-04-21T01:20:18","modified_gmt":"2025-04-21T01:20:18","slug":"la-berline-electrique-gavee-de-tech-huawei-qui-veut-detroner-la-tesla-model-3","status":"publish","type":"post","link":"https:\/\/www.europesays.com\/fr\/40278\/","title":{"rendered":"la berline \u00e9lectrique gav\u00e9e de tech Huawei qui veut d\u00e9tr\u00f4ner la Tesla Model 3"},"content":{"rendered":"<p>Propuls\u00e9e par Huawei, l\u2019Avatr 06 d\u00e9barque pour le salon de Shanghai.<\/p>\n<p><a target=\"_blank\" href=\"https:\/\/images.frandroid.com\/wp-content\/uploads\/2025\/04\/image-56-19.jpg\" class=\"article-content__figure\" rel=\"noopener\"><img fetchpriority=\"high\" decoding=\"async\" loading=\"eager\" width=\"1200\" height=\"675\" src=\"https:\/\/www.europesays.com\/fr\/wp-content\/uploads\/2025\/04\/image-56-19-1200x675-1.jpg\" alt=\"\" class=\"wp-image-2588071 wp-image wp-image\"  \/><\/a><\/p>\n<p>Juste avant l\u2019ouverture du salon de Shanghai, o\u00f9 nous serons, l\u2019Avatr 06, une berline \u00e9lectrique haut de gamme, fait une entr\u00e9e fracassante sur le march\u00e9 chinois \u00e0 un prix de d\u00e9part de 23 200 euros (191 900 yuans). <\/p>\n<p><a target=\"_blank\" href=\"https:\/\/images.frandroid.com\/wp-content\/uploads\/2025\/04\/image-56-18.jpg\" class=\"article-content__figure\" rel=\"noopener\"><img loading=\"lazy\" decoding=\"async\" width=\"1200\" height=\"665\" src=\"https:\/\/www.europesays.com\/fr\/wp-content\/uploads\/2025\/04\/image-56-18-1200x665.jpg\" alt=\"\" class=\"wp-image-2588069 wp-image\"  \/><\/a><\/p>\n<p>Fruit d\u2019une collaboration entre Changan, <a href=\"https:\/\/www.frandroid.com\/tag\/catl\" target=\"_blank\" rel=\"noopener\">CATL<\/a> et Huawei, cette voiture n\u2019est pas juste un nouveau mod\u00e8le : c\u2019est une d\u00e9claration d\u2019intention. Avec ses deux groupes motopropulseurs (100 % \u00e9lectrique et hybride \u00e0 autonomie prolong\u00e9e), elle vise directement des g\u00e9ants comme la Tesla Model 3. Alors, qu\u2019est-ce qui rend cette Avatr 06 si sp\u00e9ciale ? Pas mal de choses.<\/p>\n<p class=\"shortcode-container see-more\">\n    Pour aller plus loin<br \/><a href=\"https:\/\/www.frandroid.com\/survoltes\/voitures-electriques\/2560981_cette-voiture-electrique-chinoise-cosignee-huawei-coute-moins-de-30-000-e-et-devrait-arriver-en-europe\" target=\"_blank\" rel=\"noopener\">Cette voiture \u00e9lectrique chinoise cosign\u00e9e Huawei co\u00fbte moins de 30 000 \u20ac et devrait arriver en Europe<\/a>\n            <\/p>\n<p>Une berline taill\u00e9e pour la performance<\/p>\n<p>Commen\u00e7ons par le c\u0153ur de la b\u00eate : ses motorisations. L\u2019Avatr 06 propose deux versions \u00e9lectriques pures (BEV). La premi\u00e8re, avec un moteur arri\u00e8re de 252 kW (environ 340 ch), offre une autonomie impressionnante de 650 km selon le cycle CLTC (un standard chinois, un peu optimiste par rapport \u00e0 la r\u00e9alit\u00e9 et le cycle WLTP utilis\u00e9 en Europe). La seconde, plus muscl\u00e9e, ajoute un moteur avant de 188 kW pour une puissance totale de 440 kW (590 ch), mais l\u2019autonomie redescend \u00e0 600 km. Les deux utilisent <a href=\"https:\/\/www.frandroid.com\/survoltes\/voitures-electriques\/1568421_voitures-electriques-voici-les-differentes-technologies-de-batteries-sodium-solides-lfp-nmc-nca-et-leurs-avantages\" target=\"_blank\" rel=\"noopener\">une batterie lithium-fer-phosphate (LFP)<\/a> de 72,88 kWh sign\u00e9e CATL, le g\u00e9ant des batteries. Bonus ? Une architecture 800 V qui permet une charge ultra-rapide.<\/p>\n<p><a target=\"_blank\" href=\"https:\/\/www.europesays.com\/fr\/wp-content\/uploads\/2025\/04\/image-56-22.jpg\" class=\"article-content__figure\"><img loading=\"lazy\" decoding=\"async\" width=\"800\" height=\"613\" src=\"https:\/\/www.europesays.com\/fr\/wp-content\/uploads\/2025\/04\/image-56-22.jpg\" alt=\"\" class=\"wp-image-2588077 wp-image\"  \/><\/a><\/p>\n<p>Pour ceux qui craignent de tomber en rade loin d\u2019une borne, il y a l\u2019option EREV (voiture \u00e9lectrique \u00e0 autonomie prolong\u00e9e). Ici, un moteur \u00e9lectrique de 231 kW est coupl\u00e9 \u00e0 un petit moteur essence turbocompress\u00e9 de 1,5 litre (115 kW) qui agit comme un g\u00e9n\u00e9rateur. Avec sa batterie de 31,7 kWh, vous avez 170 km en mode tout \u00e9lectrique, et bien plus si le moteur thermique prend le relais. <\/p>\n<p><a target=\"_blank\" href=\"https:\/\/www.europesays.com\/fr\/wp-content\/uploads\/2025\/04\/image-56-23.jpg\" class=\"article-content__figure\"><img loading=\"lazy\" decoding=\"async\" width=\"1200\" height=\"675\" src=\"https:\/\/www.europesays.com\/fr\/wp-content\/uploads\/2025\/04\/image-56-23.jpg\" alt=\"\" class=\"wp-image-2588079 wp-image\"  \/><\/a><\/p>\n<p>Un design futuriste et un int\u00e9rieur de luxe<\/p>\n<p>C\u00f4t\u00e9 look, l\u2019Avatr 06 ne fait pas dans la demi-mesure. Avec ses 4,85 m de long, 1,96 m de large et 1,45 m de haut, elle a des proportions \u00e9l\u00e9gantes, presque sportives. Son design, comme l\u2019appelle la marque, inclut des d\u00e9tails modernes : des poign\u00e9es de porte encastr\u00e9es (\u00e7a fait tr\u00e8s Tesla) et des r\u00e9troviseurs \u00e9lectroniques en option, avec des \u00e9crans de 6,7 pouces. Six couleurs ext\u00e9rieures sont disponibles.<\/p>\n<p>Nous retrouvons donc une face avant ais\u00e9ment reconnaissable et surtout tr\u00e8s \u00e9pur\u00e9. Le but\u00a0? Optimiser le\u00a0<a href=\"https:\/\/www.frandroid.com\/survoltes\/voitures-electriques\/1723317_les-secrets-de-laerodynamisme-pourquoi-le-cx-est-crucial-pour-les-voitures-electriques\" target=\"_blank\" rel=\"noopener\">Cx (coefficient de tra\u00een\u00e9e)<\/a>, qui n\u2019a cependant pas encore \u00e9t\u00e9 confirm\u00e9 par le constructeur. La signature lumineuse prend quant \u00e0 elle la forme de\u00a0<strong>fines lignes \u00e0 LED<\/strong>. La silhouette est particuli\u00e8rement \u00e9lanc\u00e9e.<\/p>\n<p><a target=\"_blank\" href=\"https:\/\/www.europesays.com\/fr\/wp-content\/uploads\/2025\/04\/image-56-21.jpg\" class=\"article-content__figure\"><img loading=\"lazy\" decoding=\"async\" width=\"1000\" height=\"571\" src=\"https:\/\/www.europesays.com\/fr\/wp-content\/uploads\/2025\/04\/image-56-21.jpg\" alt=\"\" class=\"wp-image-2588075 wp-image\"  \/><\/a><\/p>\n<p>\u00c0 l\u2019int\u00e9rieur, c\u2019est un v\u00e9ritable cocon. Avatr parle d\u2019un \u00ab sanctuaire de bien-\u00eatre mobile \u00bb, et ils ne plaisantent pas. L\u2019habitacle, spacieux (7 m\u00b2), est recouvert de mat\u00e9riaux haut de gamme, doux au toucher. Vous pouvez m\u00eame choisir une teinte rouge pour un peu de peps. Les si\u00e8ges avant, avec leur mode \u00ab z\u00e9ro gravit\u00e9 \u00bb et massage \u00e0 16 points. Et pour les m\u00e9lomanes, un syst\u00e8me audio Meridian \u00e0 25 haut-parleurs (2 016 watts, son surround 7.1.4).<\/p>\n<p><a target=\"_blank\" href=\"https:\/\/www.europesays.com\/fr\/wp-content\/uploads\/2025\/04\/image-56-15.jpg\" class=\"article-content__figure\"><img loading=\"lazy\" decoding=\"async\" width=\"800\" height=\"446\" src=\"https:\/\/www.europesays.com\/fr\/wp-content\/uploads\/2025\/04\/image-56-15.jpg\" alt=\"\" class=\"wp-image-2588063 wp-image\"  \/><\/a><\/p>\n<p>C\u00f4t\u00e9 techno, l\u2019Avatr 06 embarque HarmonyOS, le syst\u00e8me d\u2019exploitation de Huawei. Ce dernier n\u2019a rien \u00e0 envier \u00e0 celui de Tesla. Ajoutez \u00e0 cela des portes \u00e9lectriques avec d\u00e9tection d\u2019obstacles et un r\u00e9troviseur int\u00e9rieur num\u00e9rique, et vous avez une voiture tr\u00e8s premium.<\/p>\n<p><a target=\"_blank\" href=\"https:\/\/www.europesays.com\/fr\/wp-content\/uploads\/2025\/04\/image-56-16.jpg\" class=\"article-content__figure\"><img loading=\"lazy\" decoding=\"async\" width=\"800\" height=\"450\" src=\"https:\/\/www.europesays.com\/fr\/wp-content\/uploads\/2025\/04\/image-56-16.jpg\" alt=\"\" class=\"wp-image-2588065 wp-image\"  \/><\/a><\/p>\n<p>Huawei, un peu partout<\/p>\n<p>Si Avatr fait autant parler d\u2019elle, c\u2019est en grande partie gr\u00e2ce \u00e0 Huawei. Oui, le m\u00eame Huawei qui fabrique des smartphones et des \u00e9quipements 5G. Dans l\u2019Avatr 06, Huawei apporte son expertise en technologie avec son syst\u00e8me d\u2019infodivertissement HarmonyOS et surtout sa plateforme de conduite autonome ADS 3.0 (<a href=\"https:\/\/www.frandroid.com\/comment-faire\/672104_vehicule-autonome-quelles-sont-les-differences-entre-les-niveaux-dautonomie\" target=\"_blank\" rel=\"noopener\">niveau 3<\/a>). <\/p>\n<p class=\"shortcode-container see-more\">\n    Pour aller plus loin<br \/><a href=\"https:\/\/www.frandroid.com\/comment-faire\/672104_vehicule-autonome-quelles-sont-les-differences-entre-les-niveaux-dautonomie\" target=\"_blank\" rel=\"noopener\">Voitures autonomes\u00a0: quelles sont les diff\u00e9rences entre les niveaux d\u2019autonomie\u2009?<\/a>\n            <\/p>\n<p>Cette derni\u00e8re repose sur un Lidar \u00e0 192 lignes (un capteur laser ultra-pr\u00e9cis) et 27 autres capteurs pour une conduite assist\u00e9e de haut niveau. En clair, la voiture peut g\u00e9rer seule pas mal de situations, m\u00eame si, pour l\u2019instant, on reste loin de l\u2019autonomie totale.<\/p>\n<p><a target=\"_blank\" href=\"https:\/\/www.europesays.com\/fr\/wp-content\/uploads\/2025\/04\/image-56-17.jpg\" class=\"article-content__figure\"><img loading=\"lazy\" decoding=\"async\" width=\"800\" height=\"450\" src=\"https:\/\/www.europesays.com\/fr\/wp-content\/uploads\/2025\/04\/image-56-17.jpg\" alt=\"\" class=\"wp-image-2588067 wp-image\"  \/><\/a><\/p>\n<p>Avatr, c\u2019est donc un trio gagnant : Changan pour l\u2019expertise automobile, CATL pour les batteries, et Huawei pour la tech. Ensemble, ils veulent secouer le march\u00e9 des v\u00e9hicules \u00e9lectriques, et l\u2019Avatr 06 est leur arme pour y parvenir.<\/p>\n<p>La berline arrive \u00e0 un moment cl\u00e9. Le march\u00e9 chinois des voitures \u00e9lectriques est ultra-concurrentiel, avec des acteurs comme Tesla, BYD ou Zeekr qui dominent. Mais avec son prix agressif, ses technologies avanc\u00e9es et ses options de motorisation, l\u2019Avatr 06 a de quoi s\u00e9duire. D\u2019ailleurs, la marque ne cache pas ses ambitions : une possible introduction en bourse \u00e0 Hong Kong en 2026 montre qu\u2019Avatr voit grand.<\/p>\n<p>Et en France ? <a href=\"https:\/\/www.frandroid.com\/survoltes\/voitures-electriques\/1820413_cest-confirme-cette-impressionnante-voiture-electrique-huawei-sera-bien-commercialisee-en-europe\" target=\"_blank\" rel=\"noopener\">Avatr pr\u00e9pare son entr\u00e9e<\/a>. On le sait, mais on a pas encore tous les d\u00e9tails.<\/p>\n<p class=\"shortcode-container see-more\">\n    Pour aller plus loin<br \/><a href=\"https:\/\/www.frandroid.com\/survoltes\/voitures-electriques\/1820413_cest-confirme-cette-impressionnante-voiture-electrique-huawei-sera-bien-commercialisee-en-europe\" target=\"_blank\" rel=\"noopener\">C\u2019est confirm\u00e9, cette impressionnante voiture \u00e9lectrique Huawei sera bien commercialis\u00e9e en Europe<\/a>\n            <\/p>\n<p>Le saviez-vous ? Google News vous permet de choisir vos m\u00e9dias. Ne passez pas \u00e0 c\u00f4t\u00e9 de <a href=\"https:\/\/news.google.com\/publications\/CAAqBggKMICKMDCuyQU?oc=3\" target=\"_blank\" rel=\"noopener\">Frandroid<\/a> et <a href=\"https:\/\/news.google.com\/publications\/CAAqBwgKMNO2ogkwmIaYAg?oc=3\" target=\"_blank\" rel=\"noopener\">Numerama<\/a>.<\/p>\n","protected":false},"excerpt":{"rendered":"Propuls\u00e9e par Huawei, l\u2019Avatr 06 d\u00e9barque pour le salon de Shanghai. Juste avant l\u2019ouverture du salon de Shanghai,&hellip;\n","protected":false},"author":2,"featured_media":40279,"comment_status":"","ping_status":"","sticky":false,"template":"","format":"standard","meta":{"footnotes":""},"categories":[7],"tags":[12425,12426,12427,1011,27,43,40,41,39,42,44],"class_list":{"0":"post-40278","1":"post","2":"type-post","3":"status-publish","4":"format-standard","5":"has-post-thumbnail","7":"category-sciences-et-technologies","8":"tag-avatr","9":"tag-avatr-06","10":"tag-catl","11":"tag-fr","12":"tag-france","13":"tag-science","14":"tag-science-and-technology","15":"tag-sciences","16":"tag-sciences-et-technologies","17":"tag-technologies","18":"tag-technology"},"share_on_mastodon":{"url":"https:\/\/pubeurope.com\/@fr\/114373330557921202","error":""},"_links":{"self":[{"href":"https:\/\/www.europesays.com\/fr\/wp-json\/wp\/v2\/posts\/40278","targetHints":{"allow":["GET"]}}],"collection":[{"href":"https:\/\/www.europesays.com\/fr\/wp-json\/wp\/v2\/posts"}],"about":[{"href":"https:\/\/www.europesays.com\/fr\/wp-json\/wp\/v2\/types\/post"}],"author":[{"embeddable":true,"href":"https:\/\/www.europesays.com\/fr\/wp-json\/wp\/v2\/users\/2"}],"replies":[{"embeddable":true,"href":"https:\/\/www.europesays.com\/fr\/wp-json\/wp\/v2\/comments?post=40278"}],"version-history":[{"count":0,"href":"https:\/\/www.europesays.com\/fr\/wp-json\/wp\/v2\/posts\/40278\/revisions"}],"wp:featuredmedia":[{"embeddable":true,"href":"https:\/\/www.europesays.com\/fr\/wp-json\/wp\/v2\/media\/40279"}],"wp:attachment":[{"href":"https:\/\/www.europesays.com\/fr\/wp-json\/wp\/v2\/media?parent=40278"}],"wp:term":[{"taxonomy":"category","embeddable":true,"href":"https:\/\/www.europesays.com\/fr\/wp-json\/wp\/v2\/categories?post=40278"},{"taxonomy":"post_tag","embeddable":true,"href":"https:\/\/www.europesays.com\/fr\/wp-json\/wp\/v2\/tags?post=40278"}],"curies":[{"name":"wp","href":"https:\/\/api.w.org\/{rel}","templated":true}]}}