{"id":402783,"date":"2025-09-19T16:49:15","date_gmt":"2025-09-19T16:49:15","guid":{"rendered":"https:\/\/www.europesays.com\/fr\/402783\/"},"modified":"2025-09-19T16:49:15","modified_gmt":"2025-09-19T16:49:15","slug":"la-maire-de-paris-depose-plainte-contre-x-pour-denonciation-calomnieuse","status":"publish","type":"post","link":"https:\/\/www.europesays.com\/fr\/402783\/","title":{"rendered":"La maire de Paris d\u00e9pose plainte contre X pour \u00ab d\u00e9nonciation calomnieuse \u00bb"},"content":{"rendered":"<p class=\"mb-4 text-lg md:leading-8 break-words\">La maire de Paris, Anne Hidalgo, a annonc\u00e9 avoir d\u00e9pos\u00e9 plainte contre X pour \u00ab d\u00e9nonciation calomnieuse \u00bb. La raison ? Les r\u00e9v\u00e9lations de Mediapart sur ses notes de frais, le 16 septembre dernier. Le m\u00e9dia d&rsquo;investigation affirme, preuves \u00e0 l&rsquo;appui, que l&rsquo;ancienne candidate \u00e0 l&rsquo;\u00e9lection pr\u00e9sidentielle aurait, entre 2020 et 2024, d\u00e9pens\u00e9 pr\u00e8s de 210000 euros en notes de frais, dont 84200 euros pour sa garde-robe. Sur ces factures obtenues par une association figurent, entre autres, des robes Dior \u00e0 6320 euros, un manteau Burberry \u00e0 3067 euros et une blouse Dior \u00e0 1120 euros.<\/p>\n","protected":false},"excerpt":{"rendered":"La maire de Paris, Anne Hidalgo, a annonc\u00e9 avoir d\u00e9pos\u00e9 plainte contre X pour \u00ab d\u00e9nonciation calomnieuse \u00bb.&hellip;\n","protected":false},"author":2,"featured_media":402784,"comment_status":"","ping_status":"","sticky":false,"template":"","format":"standard","meta":{"footnotes":""},"categories":[1888],"tags":[1111,1928,11,1927,2618,53412,1777,674,1011,27,12258,21026,12,1926,53411,626,1925,25],"class_list":{"0":"post-402783","1":"post","2":"type-post","3":"status-publish","4":"format-standard","5":"has-post-thumbnail","7":"category-paris","8":"tag-actu","9":"tag-actu-paris","10":"tag-actualites","11":"tag-actualites-paris","12":"tag-anne-hidalgo","13":"tag-denonciation-calomnieuse","14":"tag-eu","15":"tag-europe","16":"tag-fr","17":"tag-france","18":"tag-maire-de-paris","19":"tag-mediapart","20":"tag-news","21":"tag-news-paris","22":"tag-notes-de-frais","23":"tag-paris","24":"tag-paris-news","25":"tag-republique-francaise"},"share_on_mastodon":{"url":"https:\/\/pubeurope.com\/@fr\/115231992298345265","error":""},"_links":{"self":[{"href":"https:\/\/www.europesays.com\/fr\/wp-json\/wp\/v2\/posts\/402783","targetHints":{"allow":["GET"]}}],"collection":[{"href":"https:\/\/www.europesays.com\/fr\/wp-json\/wp\/v2\/posts"}],"about":[{"href":"https:\/\/www.europesays.com\/fr\/wp-json\/wp\/v2\/types\/post"}],"author":[{"embeddable":true,"href":"https:\/\/www.europesays.com\/fr\/wp-json\/wp\/v2\/users\/2"}],"replies":[{"embeddable":true,"href":"https:\/\/www.europesays.com\/fr\/wp-json\/wp\/v2\/comments?post=402783"}],"version-history":[{"count":0,"href":"https:\/\/www.europesays.com\/fr\/wp-json\/wp\/v2\/posts\/402783\/revisions"}],"wp:featuredmedia":[{"embeddable":true,"href":"https:\/\/www.europesays.com\/fr\/wp-json\/wp\/v2\/media\/402784"}],"wp:attachment":[{"href":"https:\/\/www.europesays.com\/fr\/wp-json\/wp\/v2\/media?parent=402783"}],"wp:term":[{"taxonomy":"category","embeddable":true,"href":"https:\/\/www.europesays.com\/fr\/wp-json\/wp\/v2\/categories?post=402783"},{"taxonomy":"post_tag","embeddable":true,"href":"https:\/\/www.europesays.com\/fr\/wp-json\/wp\/v2\/tags?post=402783"}],"curies":[{"name":"wp","href":"https:\/\/api.w.org\/{rel}","templated":true}]}}