{"id":402785,"date":"2025-09-19T16:50:10","date_gmt":"2025-09-19T16:50:10","guid":{"rendered":"https:\/\/www.europesays.com\/fr\/402785\/"},"modified":"2025-09-19T16:50:10","modified_gmt":"2025-09-19T16:50:10","slug":"rojo-bar-a-tapas-japonais-du-marais-qui-mise-tout-sur-le-decor","status":"publish","type":"post","link":"https:\/\/www.europesays.com\/fr\/402785\/","title":{"rendered":"Rojo, bar \u00e0 tapas japonais du Marais qui mise tout sur le d\u00e9cor"},"content":{"rendered":"<p><strong>CRITIQUE GASTRONOMIQUE &#8211;<\/strong> Un salon \u00e0 manger coquet o\u00f9 l\u2019on perd gentiment du temps \u00e0 taquiner les nipponeries de l\u2019assiette. D\u00e9coratif\u00a0!<\/p>\n<p class=\"fig-paragraph\">Fid\u00e8le \u00e0 ce\u00a0<a href=\"https:\/\/www.lefigaro.fr\/sortir-paris\/les-meilleures-tables-du-4e-arrondissement-de-paris-20191106\" data-fig-type=\"Article\" data-gtm-custom-categorie=\"navigation\" data-gtm-custom-action=\"crossclick\" data-gtm-custom-label=\"Contextuel\" data-gtm-event=\"customEventSPE\" data-fig-domain=\"LEFIGARO\" target=\"_blank\" rel=\"noopener\">Marais<\/a>\u00a0de d\u00eenette en beaux murs, une maison sensible o\u00f9 le temps que l\u2019on s\u2019accorde \u00e0 en observer la mise et les jeux de pierre n\u2019a d\u2019\u00e9gal que celui que l\u2019on perd gentiment \u00e0 taquiner les nipponeries de l\u2019assiette. D\u00e9coratif\u00a0!<\/p>\n<p class=\"fig-paragraph\"><strong>Prix\u00a0: <\/strong>environ 45 \u20ac. Crevette en tempura de riz\u00a0: assez fade. Egg trilogy (\u0153uf brouill\u00e9, marin\u00e9, vapeur)\u00a0: praticable m\u00eame si un peu nunuche. Poulet frit \u00e0 la japonaise\u00a0: moelleux, croustillant, sans histoire.<\/p>\n<p>                                    <a class=\"fig-a11y-skip a11y-hidden\" href=\"#fig-a11y-skip-main-inarticle\"><br \/>\n        Passer la publicit\u00e9<br \/>\n    <\/a><\/p>\n<p class=\"fig-paragraph\"><strong>Avec qui\u00a0? <\/strong>Un cr\u00e2ne d\u2019\u0153uf.<\/p>\n<p class=\"fig-paragraph\"><strong>Bonne table\u00a0: <\/strong>dans la salle principale, aux coussins de la banquette. Service soucieux de bien faire.<\/p>\n<p class=\"fig-paragraph\"><a href=\"https:\/\/www.instagram.com\/rojoeggrojo\/?hl=fr\" target=\"_blank\" rel=\"nofollow noopener\" data-gtm-custom-categorie=\"navigation\" data-gtm-custom-action=\"crossclick\" data-gtm-custom-label=\"Contextuel\" data-gtm-event=\"customEventSPE\">Rojo.<\/a> \u00a08, rue de Beauce (Paris 3e). T\u00e9l.\u00a0: 01 42 71 11 57. Tous les soirs sf lun. Jusqu\u2019\u00e0 1\u200ah. M\u00e9tro\u00a0: Arts-et-M\u00e9tiers, Filles-du-Calvaire.<\/p>\n<p>                            <script async src=\"\/\/www.instagram.com\/embed.js\"><\/script><\/p>\n","protected":false},"excerpt":{"rendered":"CRITIQUE GASTRONOMIQUE &#8211; Un salon \u00e0 manger coquet o\u00f9 l\u2019on perd gentiment du temps \u00e0 taquiner les nipponeries&hellip;\n","protected":false},"author":2,"featured_media":402786,"comment_status":"","ping_status":"","sticky":false,"template":"","format":"standard","meta":{"footnotes":""},"categories":[1888],"tags":[11,52874,1777,674,1011,27,12,626,25,1340,2068],"class_list":{"0":"post-402785","1":"post","2":"type-post","3":"status-publish","4":"format-standard","5":"has-post-thumbnail","7":"category-paris","8":"tag-actualites","9":"tag-cuisine-japonaise","10":"tag-eu","11":"tag-europe","12":"tag-fr","13":"tag-france","14":"tag-news","15":"tag-paris","16":"tag-republique-francaise","17":"tag-restaurant","18":"tag-sortir-a-paris"},"share_on_mastodon":{"url":"https:\/\/pubeurope.com\/@fr\/115231996251219160","error":""},"_links":{"self":[{"href":"https:\/\/www.europesays.com\/fr\/wp-json\/wp\/v2\/posts\/402785","targetHints":{"allow":["GET"]}}],"collection":[{"href":"https:\/\/www.europesays.com\/fr\/wp-json\/wp\/v2\/posts"}],"about":[{"href":"https:\/\/www.europesays.com\/fr\/wp-json\/wp\/v2\/types\/post"}],"author":[{"embeddable":true,"href":"https:\/\/www.europesays.com\/fr\/wp-json\/wp\/v2\/users\/2"}],"replies":[{"embeddable":true,"href":"https:\/\/www.europesays.com\/fr\/wp-json\/wp\/v2\/comments?post=402785"}],"version-history":[{"count":0,"href":"https:\/\/www.europesays.com\/fr\/wp-json\/wp\/v2\/posts\/402785\/revisions"}],"wp:featuredmedia":[{"embeddable":true,"href":"https:\/\/www.europesays.com\/fr\/wp-json\/wp\/v2\/media\/402786"}],"wp:attachment":[{"href":"https:\/\/www.europesays.com\/fr\/wp-json\/wp\/v2\/media?parent=402785"}],"wp:term":[{"taxonomy":"category","embeddable":true,"href":"https:\/\/www.europesays.com\/fr\/wp-json\/wp\/v2\/categories?post=402785"},{"taxonomy":"post_tag","embeddable":true,"href":"https:\/\/www.europesays.com\/fr\/wp-json\/wp\/v2\/tags?post=402785"}],"curies":[{"name":"wp","href":"https:\/\/api.w.org\/{rel}","templated":true}]}}