{"id":402787,"date":"2025-09-19T16:51:14","date_gmt":"2025-09-19T16:51:14","guid":{"rendered":"https:\/\/www.europesays.com\/fr\/402787\/"},"modified":"2025-09-19T16:51:14","modified_gmt":"2025-09-19T16:51:14","slug":"legislative-partielle-a-paris-barnier-bredin-mariani-les-enjeux-du-premier-tour-de-ce-dimanche","status":"publish","type":"post","link":"https:\/\/www.europesays.com\/fr\/402787\/","title":{"rendered":"L\u00e9gislative partielle \u00e0 Paris\u00a0: Barnier, Bredin, Mariani\u2026 Les enjeux du premier tour de ce dimanche"},"content":{"rendered":"<p class=\"paragraph text_align_left lp-f-body-02\">En pleine crise politique nationale, cette \u00e9lection l\u00e9gislative partielle dans la 2e circonscription de Paris sera scrut\u00e9e ce dimanche. Et pas seulement parce qu\u2019elle a \u00e9t\u00e9, \u00e0 ses pr\u00e9mices, le th\u00e9\u00e2tre d\u2019un bras de fer \u00e0 droite entre <a href=\"https:\/\/www.leparisien.fr\/politique\/rachida-dati\/\" target=\"_blank\" rel=\"noreferrer nofollow noopener\">Rachida Dati<\/a> (maire LR du VIIe arrondissement) et l\u2019ancien Premier ministre, <a href=\"https:\/\/www.leparisien.fr\/politique\/michel-barnier\/\" target=\"_blank\" rel=\"noreferrer nofollow noopener\">Michel Barnier<\/a>.<\/p>\n<p class=\"paragraph text_align_left lp-f-body-02\">Promise \u00e0 la droite depuis qu\u2019elle a \u00e9t\u00e9 \u00ab redessin\u00e9e \u00bb pour Fran\u00e7ois Fillon, cette circonscription qui englobe tout le Ve mais aussi une partie des VIe et VIIe pourrait-elle basculer ? Quelle sera la participation ? On fait le tour des enjeux de ce vote.<\/p>\n","protected":false},"excerpt":{"rendered":"En pleine crise politique nationale, cette \u00e9lection l\u00e9gislative partielle dans la 2e circonscription de Paris sera scrut\u00e9e ce&hellip;\n","protected":false},"author":2,"featured_media":402788,"comment_status":"","ping_status":"","sticky":false,"template":"","format":"standard","meta":{"footnotes":""},"categories":[1888],"tags":[11,5949,1777,674,1011,27,39201,12,626,316,25],"class_list":{"0":"post-402787","1":"post","2":"type-post","3":"status-publish","4":"format-standard","5":"has-post-thumbnail","7":"category-paris","8":"tag-actualites","9":"tag-elections","10":"tag-eu","11":"tag-europe","12":"tag-fr","13":"tag-france","14":"tag-legislatives","15":"tag-news","16":"tag-paris","17":"tag-politique","18":"tag-republique-francaise"},"share_on_mastodon":{"url":"https:\/\/pubeurope.com\/@fr\/115232000267512989","error":""},"_links":{"self":[{"href":"https:\/\/www.europesays.com\/fr\/wp-json\/wp\/v2\/posts\/402787","targetHints":{"allow":["GET"]}}],"collection":[{"href":"https:\/\/www.europesays.com\/fr\/wp-json\/wp\/v2\/posts"}],"about":[{"href":"https:\/\/www.europesays.com\/fr\/wp-json\/wp\/v2\/types\/post"}],"author":[{"embeddable":true,"href":"https:\/\/www.europesays.com\/fr\/wp-json\/wp\/v2\/users\/2"}],"replies":[{"embeddable":true,"href":"https:\/\/www.europesays.com\/fr\/wp-json\/wp\/v2\/comments?post=402787"}],"version-history":[{"count":0,"href":"https:\/\/www.europesays.com\/fr\/wp-json\/wp\/v2\/posts\/402787\/revisions"}],"wp:featuredmedia":[{"embeddable":true,"href":"https:\/\/www.europesays.com\/fr\/wp-json\/wp\/v2\/media\/402788"}],"wp:attachment":[{"href":"https:\/\/www.europesays.com\/fr\/wp-json\/wp\/v2\/media?parent=402787"}],"wp:term":[{"taxonomy":"category","embeddable":true,"href":"https:\/\/www.europesays.com\/fr\/wp-json\/wp\/v2\/categories?post=402787"},{"taxonomy":"post_tag","embeddable":true,"href":"https:\/\/www.europesays.com\/fr\/wp-json\/wp\/v2\/tags?post=402787"}],"curies":[{"name":"wp","href":"https:\/\/api.w.org\/{rel}","templated":true}]}}