{"id":402789,"date":"2025-09-19T16:52:13","date_gmt":"2025-09-19T16:52:13","guid":{"rendered":"https:\/\/www.europesays.com\/fr\/402789\/"},"modified":"2025-09-19T16:52:13","modified_gmt":"2025-09-19T16:52:13","slug":"avec-lintervision-moscou-ressuscite-son-eurovision-datant-de-la-guerre-froide","status":"publish","type":"post","link":"https:\/\/www.europesays.com\/fr\/402789\/","title":{"rendered":"Avec l\u2019Intervision, Moscou ressuscite son Eurovision datant de la guerre froide"},"content":{"rendered":"\n<p>C\u2019est un nom oubli\u00e9, tir\u00e9 des archives du bloc de l\u2019Est, que Moscou remet aujourd\u2019hui au go\u00fbt du jour. Le retour du concours marque la r\u00e9surrection d\u2019un projet n\u00e9 dans les ann\u00e9es 1960, \u00e0 l\u2019ombre du rideau de fer, comme \u201calternative socialiste \u00e0 l\u2019Eurovision\u201d, selon<a class=\"ithalc\" data-ithal=\"lien_externe\" data-ithalc=\"[nav_article]\" target=\"_blank\" href=\"https:\/\/www.kommersant.ru\/doc\/7757266\" rel=\"noopener\"> <strong>Kommersant<\/strong><\/a><strong>,<\/strong> quotidien moscovite mod\u00e9r\u00e9. \u00c0 l\u2019\u00e9poque, il r\u00e9unissait les pays alli\u00e9s du camp sovi\u00e9tique.<\/p>\n<p>Cette fois, <a class=\"ithalc\" data-ithal=\"lien_externe\" data-ithalc=\"[nav_article]\" target=\"_blank\" href=\"https:\/\/lenta.ru\/articles\/2025\/09\/09\/muzykalnyy-konkurs-intervidenie\/\" rel=\"noopener\"><strong>Lenta.ru<\/strong> se f\u00e9licite<\/a> de la diversit\u00e9 des 23\u00a0pays participants, situ\u00e9s sur \u201cquatre continents\u201d, dont la Chine, l\u2019Inde, la Serbie, le Venezuela, l\u2019\u00c9gypte, les pays d\u2019Asie centrale, l\u2019\u00c9thiopie, l\u2019Afrique du Sud, et m\u00eame les \u00c9tats-Unis.<\/p>\n<p>La participation de ce dernier pays a cr\u00e9\u00e9 la surprise, <a class=\"ithalc\" data-ithal=\"lien_externe\" data-ithalc=\"[nav_article]\" target=\"_blank\" href=\"https:\/\/www.bbc.com\/russian\/articles\/cp3vlgw3g15o\" rel=\"noopener\">selon la <strong>BBC Russie<\/strong><\/a><strong>.<\/strong> En outre, leur repr\u00e9sentant, Brandon Howard, s\u2019est d\u00e9sist\u00e9 quelques jours avant le concours pour \u201craisons familiales\u201d, et a \u00e9t\u00e9 remplac\u00e9 par la chanteuse australienne Vassy, \u00e9crit le service en langue russe du radiodiffuseur britannique.<\/p>\n<p>Intervision, qui se tiendra le 20\u00a0septembre, revendique dans son programme un ancrage dans les \u201cvaleurs traditionnelles\u201d. <a class=\"ithalc\" data-ithal=\"lien_externe\" data-ithalc=\"[nav_article]\" target=\"_blank\" href=\"https:\/\/tass.ru\/kultura\/24872277\" rel=\"noopener\">Dans un entretien accord\u00e9 \u00e0 l\u2019agence de presse russe <strong>Tass<\/strong><\/a><strong>,<\/strong> le compositeur Igor Matvienko, membre du jury russe, affirme que le concours met en avant \u201cles valeurs familiales et l\u2019identit\u00e9 nationale\u201d, \u00e0 rebours d\u2019un Eurovision accus\u00e9 de se plier \u201caux tendances mondiales\u201d.<\/p>\n<p>Les chansons, note encore Lenta.ru, devront m\u00ealer pop et \u201cfolklore refl\u00e9tant la culture nationale\u201d. Le site d\u2019information russe en profite pour rappeler que la \u201cpremi\u00e8re victoire de l\u2019URSS dans l\u2019histoire du concours\u201d a \u00e9t\u00e9 remport\u00e9e en 1978\u00a0par la chanteuse sovi\u00e9tique Alla Pougatcheva, qui a mis en ligne une vid\u00e9o d\u2019archive sur sa cha\u00eene YouTube.<\/p>\n<p>      <img loading=\"lazy\" decoding=\"async\" src=\"https:\/\/www.europesays.com\/fr\/wp-content\/uploads\/2025\/09\/sddefault.jpg\" alt=\"\u0410\u043b\u043b\u0430 \u041f\u0443\u0433\u0430\u0447\u0451\u0432\u0430 - \u0420\u0435\u0446\u0438\u0442\u0430\u043b \u0432 \u0421\u043e\u043f\u043e\u0442\u0435 (\u0424\u0435\u0441\u0442\u0438\u0432\u0430\u043b\u044c \u00ab\u0418\u043d\u0442\u0435\u0440\u0432\u0438\u0434\u0435\u043d\u0438\u0435\u00bb 1979)\" width=\"640\" height=\"360\"\/><\/p>\n<p>Le r\u00e8glement promet un prix de 30\u00a0millions de roubles (300\u00a0000\u00a0euros) au vainqueur, et un troph\u00e9e en cristal cens\u00e9 symboliser \u201cla puret\u00e9 des intentions\u201d, dit Mikha\u00efl Chvydko\u00ef, \u00e9missaire culturel du Kremlin, cit\u00e9 par Lenta.ru.<\/p>\n<blockquote><p>\u201cLorsque les gens se mettent \u00e0 chanter, bien des choses s\u2019effacent. En chantant, ils sont unis et oublient la haine. Il y aura un seul gagnant, mais pas de perdants.\u201d<\/p><\/blockquote>\n<p>     Des figurants grim\u00e9s en spectateurs enthousiastes       <\/p>\n<p>M\u00eame la c\u00e9r\u00e9monie de tirage au sort a \u00e9t\u00e9 sc\u00e9naris\u00e9e dans un esprit folklorique. Une semaine avant l\u2019\u00e9v\u00e9nement, <a class=\"ithalc\" data-ithal=\"lien_externe\" data-ithalc=\"[nav_article]\" target=\"_blank\" href=\"https:\/\/www.vedomosti.ru\/lifestyle\/galleries\/2025\/09\/12\/1138943-zherebevka-intervideniya#140737498039989\" rel=\"noopener\">le quotidien \u00e9conomique <strong>Vedomosti<\/strong> rapportait<\/a> que les artistes choisissaient une tasse, qu\u2019ils remplissaient \u00e0 l\u2019aide d\u2019un samovar, et qui r\u00e9v\u00e9lait leur num\u00e9ro de passage sous l\u2019effet de la chaleur.<\/p>\n<p>La mise en sc\u00e8ne du concours a fait l\u2019objet d\u2019une pr\u00e9paration pouss\u00e9e. <a class=\"ithalc\" data-ithal=\"lien_externe\" data-ithalc=\"[nav_article]\" target=\"_blank\" href=\"https:\/\/msk1.ru\/text\/culture\/2025\/09\/16\/76018538\/\" rel=\"noopener\"><strong>MSK1.ru, <\/strong>m\u00e9dia r\u00e9gional de Moscou, r\u00e9v\u00e8le<\/a> qu\u2019environ 1\u00a0500\u00a0figurants ont \u00e9t\u00e9 recrut\u00e9s deux semaines plus t\u00f4t pour jouer les spectateurs. \u00c9tudiants, lyc\u00e9ens et adultes \u201cont \u00e9t\u00e9 d\u00e9guis\u00e9s en \u00e9trangers pour faire croire \u00e0 un public international\u201d, raconte l\u2019un d\u2019eux. \u201cEt apr\u00e8s, c\u2019est huit heures debout\u00a0: danser, agiter les drapeaux, et surtout sourire et sourire.\u201d Sur place, les m\u00e9diateurs de l\u2019\u00e9v\u00e9nement encourageaient cette \u201cfoule enthousiaste\u201d\u00a0: \u201cAvec les candidats sur sc\u00e8ne, vous \u00eates les principaux acteurs.\u201d<\/p>\n<p>Gr\u00e2ce \u00e0 une production calcul\u00e9e, Moscou entend bien se doter de sa propre vitrine culturelle, vue par certains critiques <a class=\"ithalc\" data-ithal=\"lien_externe\" data-ithalc=\"[nav_article]\" target=\"_blank\" href=\"https:\/\/www.svoboda.org\/a\/vozvraschenie-k-sovku-vozrozhdenie-konkursa-intervidenie-\/33533673.html\" rel=\"noopener\">interrog\u00e9s par <strong>Radio Svoboda<\/strong><\/a><strong> <\/strong>comme une tentative \u201cde relancer un outil g\u00e9opolitique pour amuser ceux qui r\u00eavent du retour de l\u2019influence russe, comme \u00e0 l\u2019\u00e9poque sovi\u00e9tique\u201d.<\/p>\n<p>\u201cCette relance d\u2019un concours datant de la guerre froide est une preuve de plus, analyse le critique musical en exil Artemi Troitski, interview\u00e9 dans le programme Current Time, affili\u00e9 \u00e0 Radio Svoboda\u00a0: la Russie de Poutine est retomb\u00e9e dans le sovok [terme p\u00e9joratif pour d\u00e9signer l\u2019URSS], cet \u00e9tat d\u2019esprit sovi\u00e9tique.\u201d<\/p>\n","protected":false},"excerpt":{"rendered":"C\u2019est un nom oubli\u00e9, tir\u00e9 des archives du bloc de l\u2019Est, que Moscou remet aujourd\u2019hui au go\u00fbt du&hellip;\n","protected":false},"author":2,"featured_media":402790,"comment_status":"","ping_status":"","sticky":false,"template":"","format":"standard","meta":{"footnotes":""},"categories":[1591],"tags":[11,674,2399,1887,1892,873,12,1885,1886,132,1857],"class_list":{"0":"post-402789","1":"post","2":"type-post","3":"status-publish","4":"format-standard","5":"has-post-thumbnail","7":"category-russie","8":"tag-actualites","9":"tag-europe","10":"tag-eurovision","11":"tag-federation-de-russie","12":"tag-gu00e9opolitique","13":"tag-musique","14":"tag-news","15":"tag-russia","16":"tag-russian-federation","17":"tag-russie","18":"tag-sociu00e9tu00e9"},"share_on_mastodon":{"url":"https:\/\/pubeurope.com\/@fr\/115232004657349222","error":""},"_links":{"self":[{"href":"https:\/\/www.europesays.com\/fr\/wp-json\/wp\/v2\/posts\/402789","targetHints":{"allow":["GET"]}}],"collection":[{"href":"https:\/\/www.europesays.com\/fr\/wp-json\/wp\/v2\/posts"}],"about":[{"href":"https:\/\/www.europesays.com\/fr\/wp-json\/wp\/v2\/types\/post"}],"author":[{"embeddable":true,"href":"https:\/\/www.europesays.com\/fr\/wp-json\/wp\/v2\/users\/2"}],"replies":[{"embeddable":true,"href":"https:\/\/www.europesays.com\/fr\/wp-json\/wp\/v2\/comments?post=402789"}],"version-history":[{"count":0,"href":"https:\/\/www.europesays.com\/fr\/wp-json\/wp\/v2\/posts\/402789\/revisions"}],"wp:featuredmedia":[{"embeddable":true,"href":"https:\/\/www.europesays.com\/fr\/wp-json\/wp\/v2\/media\/402790"}],"wp:attachment":[{"href":"https:\/\/www.europesays.com\/fr\/wp-json\/wp\/v2\/media?parent=402789"}],"wp:term":[{"taxonomy":"category","embeddable":true,"href":"https:\/\/www.europesays.com\/fr\/wp-json\/wp\/v2\/categories?post=402789"},{"taxonomy":"post_tag","embeddable":true,"href":"https:\/\/www.europesays.com\/fr\/wp-json\/wp\/v2\/tags?post=402789"}],"curies":[{"name":"wp","href":"https:\/\/api.w.org\/{rel}","templated":true}]}}