{"id":402813,"date":"2025-09-19T17:06:18","date_gmt":"2025-09-19T17:06:18","guid":{"rendered":"https:\/\/www.europesays.com\/fr\/402813\/"},"modified":"2025-09-19T17:06:18","modified_gmt":"2025-09-19T17:06:18","slug":"tgb-la-ffbb-siffle-la-fin-du-match-et-officialise-linterdiction-du-tarbes-gespe-bigorre-devoluer-en-nationale-1","status":"publish","type":"post","link":"https:\/\/www.europesays.com\/fr\/402813\/","title":{"rendered":"TGB\u00a0: la FFBB siffle la fin du match et officialise l\u2019interdiction du Tarbes Gespe Bigorre d\u2019\u00e9voluer en Nationale 1"},"content":{"rendered":"<p>\n                                                                La F\u00e9d\u00e9ration fran\u00e7aise de basket-ball a tranch\u00e9 le cas du TGB. Et comme nous vous l\u2019avons annonc\u00e9 depuis plusieurs semaines maintenant, le Tarbes Gespe Bigorre n\u2019\u00e9voluera pas la saison prochaine en Nationale 1.\n                            <\/p>\n<p>C\u2019est la fin de l\u2019espoir pour le TGB qui dit d\u00e9finitivement adieu aux premi\u00e8res divisions du basket f\u00e9minin. Ce vendredi soir, au vu de l\u2019urgence calendaire, la F\u00e9d\u00e9ration fran\u00e7aise de basket-ball a statu\u00e9 une nouvelle, et derni\u00e8re fois, sur le cas du Tarbes Gespe Bigorre.<\/p>\n<p class=\"std-elt__inline\">\n        <strong>\u00c0 lire aussi :<\/strong><br \/>\n        <a href=\"https:\/\/www.nrpyrenees.fr\/2025\/09\/18\/tgb-des-tribunes-pleines-aux-bancs-vides-le-tarbes-gespe-bigorre-glisse-vers-une-degringolade-annoncee-12938700.php\" target=\"_blank\" rel=\"noopener\">TGB\u00a0: Des tribunes pleines aux bancs vides, le Tarbes Gespe Bigorre glisse vers une d\u00e9gringolade annonc\u00e9e<\/a>\n    <\/p>\n<p>\u00a0\u00bb\u00a0Apr\u00e8s examen des \u00e9l\u00e9ments produits, la Chambre d\u2019Appel a pris la d\u00e9cision suivante\u00a0: Confirmation de la d\u00e9cision de la CCG\u00a0: refus d\u2019engagement de l\u2019\u00e9quipe senior f\u00e9minine de Tarbes Gespe Bigorre en NF1 pour la saison 2025\/26 \u00ab\u00a0, explique le communiqu\u00e9 de la FFBB. \u00a0\u00bb\u00a0Compte tenu de l\u2019urgence li\u00e9e \u00e0 la reprise du Championnat NF1 pour la saison 2025\/26, le club a \u00e9t\u00e9 inform\u00e9 de ce dispositif. Le pr\u00e9sent relev\u00e9 permet de prendre connaissance de la d\u00e9cision de la Chambre d\u2019Appel qui est rendu public conform\u00e9ment \u00e0 l\u2019article L.132-2 alin\u00e9a\u00a04 du Code du Sport\u00a0; il ne remplace pas la d\u00e9cision int\u00e9grale motiv\u00e9e qui sera notifi\u00e9e au club dans les prochains jours.\u00a0Le club pourra contester cette d\u00e9cision aupr\u00e8s du Tribunal Administratif. Pr\u00e9alablement \u00e0 cette saisine, un recours est obligatoire aupr\u00e8s du CNOSF, dans un d\u00e9lai de quinze (15) jours conform\u00e9ment \u00e0 l\u2019article R. 141-15 du Code du sport \u00ab\u00a0, poursuit et conclut la communication de la F\u00e9d\u00e9ration.<\/p>\n<p class=\"std-elt__inline\">\n        <strong>\u00c0 lire aussi :<\/strong><br \/>\n        <a href=\"https:\/\/www.nrpyrenees.fr\/2025\/09\/17\/tgb-de-la-nf1-aux-terrains-de-regionale-2-lavenir-sportif-du-tarbes-gespe-bigorre-et-de-son-effectif-decime-suspendu-a-un-fil-12936296.php\" target=\"_blank\" rel=\"noopener\">TGB\u00a0: De la NF1 aux terrains de R\u00e9gionale 2, l\u2019avenir sportif du Tarbes Gespe Bigorre et de son effectif d\u00e9cim\u00e9, suspendu \u00e0 un fil<\/a>\n    <\/p>\n<p>Alors que les nouvelles \u00e9taient de plus en plus pessimistes, comme nous vous le revelions ces derniers jours, avec le d\u00e9part de toutes les jeunes joueuses vers d\u2019autres horizons, le couperet est tomb\u00e9 vendredi soir. Et avec le communiqu\u00e9 de la FFBB ce sont tous les espoirs de conservation du club qui s\u2019envolent.<\/p>\n<p>G\u00e9rard Tr\u00e9m\u00e8ge\u00a0: \u00a0\u00bb Nous n\u2019avons pas d\u2019information \u00a0\u00bb<\/p>\n<p>Car si ce dernier sp\u00e9cifie bien que \u00a0\u00bb le club pourra contester cette d\u00e9cision aupr\u00e8s du Tribunal Administratif \u00ab\u00a0, une issue favorable semble proche du n\u00e9ant tant Jeannie Cointre et ses \u00e9quipes n\u2019ont re\u00e7u que des refus depuis le d\u00e9but de l\u2019\u00e9t\u00e9 et le bras de fer administratif entam\u00e9 avec la F\u00e9d\u00e9ration.<\/p>\n<p>Muet vis-\u00e0-vis des sollicitations m\u00e9diatiques depuis plusieurs mois, le TGB n\u2019avait pas non plus donn\u00e9 de signe de vie aupr\u00e8s des partenaires publics.<\/p>\n<p>\u00ab\u00a0Nous ne savons rien de pr\u00e9cis. Nous n\u2019avons pas d\u2019information. Notre grande inqui\u00e9tude c\u2019est que nous n\u2019avons pas d\u2019information s\u00e9rieuse et cr\u00e9dible qui nous assure que notre club a encore un avenir\u00a0\u00bb, d\u00e9clarait encore ce matin le maire de Tarbes G\u00e9rard Tr\u00e9m\u00e8ge \u00e0 l\u2019occasion de la conf\u00e9rence de presse de rentr\u00e9e.<\/p>\n","protected":false},"excerpt":{"rendered":"La F\u00e9d\u00e9ration fran\u00e7aise de basket-ball a tranch\u00e9 le cas du TGB. Et comme nous vous l\u2019avons annonc\u00e9 depuis&hellip;\n","protected":false},"author":2,"featured_media":402814,"comment_status":"","ping_status":"","sticky":false,"template":"","format":"standard","meta":{"footnotes":""},"categories":[1414],"tags":[1465,1464,1011,27,60],"class_list":{"0":"post-402813","1":"post","2":"type-post","3":"status-publish","4":"format-standard","5":"has-post-thumbnail","7":"category-basket","8":"tag-basket","9":"tag-basketball","10":"tag-fr","11":"tag-france","12":"tag-sports"},"share_on_mastodon":{"url":"https:\/\/pubeurope.com\/@fr\/115232059274377429","error":""},"_links":{"self":[{"href":"https:\/\/www.europesays.com\/fr\/wp-json\/wp\/v2\/posts\/402813","targetHints":{"allow":["GET"]}}],"collection":[{"href":"https:\/\/www.europesays.com\/fr\/wp-json\/wp\/v2\/posts"}],"about":[{"href":"https:\/\/www.europesays.com\/fr\/wp-json\/wp\/v2\/types\/post"}],"author":[{"embeddable":true,"href":"https:\/\/www.europesays.com\/fr\/wp-json\/wp\/v2\/users\/2"}],"replies":[{"embeddable":true,"href":"https:\/\/www.europesays.com\/fr\/wp-json\/wp\/v2\/comments?post=402813"}],"version-history":[{"count":0,"href":"https:\/\/www.europesays.com\/fr\/wp-json\/wp\/v2\/posts\/402813\/revisions"}],"wp:featuredmedia":[{"embeddable":true,"href":"https:\/\/www.europesays.com\/fr\/wp-json\/wp\/v2\/media\/402814"}],"wp:attachment":[{"href":"https:\/\/www.europesays.com\/fr\/wp-json\/wp\/v2\/media?parent=402813"}],"wp:term":[{"taxonomy":"category","embeddable":true,"href":"https:\/\/www.europesays.com\/fr\/wp-json\/wp\/v2\/categories?post=402813"},{"taxonomy":"post_tag","embeddable":true,"href":"https:\/\/www.europesays.com\/fr\/wp-json\/wp\/v2\/tags?post=402813"}],"curies":[{"name":"wp","href":"https:\/\/api.w.org\/{rel}","templated":true}]}}