{"id":402815,"date":"2025-09-19T17:07:21","date_gmt":"2025-09-19T17:07:21","guid":{"rendered":"https:\/\/www.europesays.com\/fr\/402815\/"},"modified":"2025-09-19T17:07:21","modified_gmt":"2025-09-19T17:07:21","slug":"battre-marquez-ca-ne-suffit-pas-encore-pour-bezzecchi-et-aprilia","status":"publish","type":"post","link":"https:\/\/www.europesays.com\/fr\/402815\/","title":{"rendered":"Battre M\u00e1rquez ? \u00ab\u00a0\u00c7a ne suffit pas encore\u00a0\u00bb pour Bezzecchi et Aprilia"},"content":{"rendered":"<p>Rares ont \u00e9t\u00e9 les pilotes capables de fendre l&rsquo;h\u00e9g\u00e9monie de Ducati cette saison. En qualifications, on d\u00e9nombre six pole positions qui ont \u00e9chapp\u00e9 \u00e0 la moto de Borgo Panigale, quatre ayant \u00e9t\u00e9 d\u00e9croch\u00e9es par la Yamaha de <a href=\"https:\/\/fr.motorsport.com\/driver\/fabio-quartararo\/109400\/\" target=\"_blank\" rel=\"noopener nofollow\">Fabio Quartararo<\/a> et deux par l&rsquo;Aprilia de <a href=\"https:\/\/fr.motorsport.com\/driver\/marco-bezzecchi\/441839\/\" target=\"_blank\" rel=\"noopener nofollow\">Marco Bezzecchi<\/a>.<\/p>\n<p>En course, les comptes sont encore plus vite faits\u00a0:\u00a0une victoire de course longue est revenue \u00e0 Honda gr\u00e2ce \u00e0 <a href=\"https:\/\/fr.motorsport.com\/driver\/johann-zarco\/96107\/\" target=\"_blank\" rel=\"noopener nofollow\">Johann Zarco<\/a> au Mans et une autre \u00e0 Aprilia via Marco Bezzecchi \u00e0 Silverstone. Ce dernier est aussi devenu, le week-end dernier \u00e0 Misano, le premier \u00e0 faire tomber Ducati de son pi\u00e9destal en course sprint.<\/p>\n<p>Aussi rares aient \u00e9t\u00e9 les d\u00e9faites de Ducati, le duo Bezzecchi-Aprilia revient donc dans chacune de leurs manifestations. Une r\u00e9ussite qui fait le bonheur des troupes de Noale, tout en d\u00e9cuplant l&rsquo;envie d&rsquo;en faire toujours plus.<\/p>\n<p>\u00ab\u00a0\u00c7a a \u00e9t\u00e9 un week-end fantastique pour nous, durant lequel nos performances ont \u00e9t\u00e9 vraiment bonnes. Si j&rsquo;ai r\u00e9ussi \u00e0 me battre contre eux, et m\u00eame \u00e0 les battre, \u00e7a veut dire qu&rsquo;on a fait du tr\u00e8s bon boulot\u00a0\u00bb, constatait Marco Bezzecchi en bouclant ce week-end festif \u00e0 Misano, <a href=\"https:\/\/fr.motorsport.com\/motogp\/news\/marco-bezzecchi-jamais-lache-croyais-vraiment\/10759483\/\" target=\"_self\" rel=\"noopener nofollow\">o\u00f9 il a \u00e9t\u00e9 le seul dimanche \u00e0 priver Ducati d&rsquo;un quintupl\u00e9<\/a>.<\/p>\n<p>\u00ab\u00a0Il est vrai cependant que sur la distance de la vraie course, \u00e7a ne suffit pas encore, malheureusement, malgr\u00e9 tout le travail abattu\u00a0\u00bb, a ajout\u00e9 le pilote. \u00ab\u00a0\u00c7a veut dire qu&rsquo;on ne doit pas baisser les bras, qu&rsquo;on ne doit pas trop faire de comparaisons, ni regarder autour de nous. Il faut qu&rsquo;on s&rsquo;en foute et qu&rsquo;on essaye de toujours s&rsquo;am\u00e9liorer.\u00a0\u00bb<\/p>\n<blockquote>\n<p>Nous sommes derri\u00e8re le num\u00e9ro 93, c&rsquo;est clair, mais la mission est d&rsquo;essayer de le battre avant la fin de la saison. Peut-\u00eatre au moins une fois.<\/p>\n<\/blockquote>\n<p>Massimo Rivola concorde avec son pilote, conscient lui aussi que les performances d&rsquo;Aprilia ne suffisent pas, pour le moment, \u00e0 battre le bin\u00f4me que forme <a href=\"https:\/\/fr.motorsport.com\/driver\/marc-marquez\/92646\/\" target=\"_blank\" rel=\"noopener nofollow\">Marc M\u00e1rquez<\/a> avec la Ducati dans les courses longues.<\/p>\n<p>\u00ab\u00a0Pour l&rsquo;instant, nous sommes derri\u00e8re le num\u00e9ro 93, c&rsquo;est clair, mais gr\u00e2ce \u00e0 l&rsquo;attitude de Marco, la mission\u00a0&#8211;\u00a0appelons-la comme \u00e7a\u00a0&#8211;\u00a0est d&rsquo;essayer de le battre avant la fin de la saison. Peut-\u00eatre au moins une fois. En tout cas, \u00e0 Noale, nous devons r\u00e9aliser que nous pouvons le faire\u00a0\u00bb, a tenu \u00e0 souligner le PDG d&rsquo;Aprilia Racing.<\/p>\n<p>La 3e place du championnat\u00a0?\u00a0\u00ab\u00a0Pas un stress\u00a0\u00bb<\/p>\n<p>Apr\u00e8s les gros points empoch\u00e9s \u00e0 Misano ainsi qu&rsquo;une s\u00e9rie de podiums d\u00e9croch\u00e9s cet \u00e9t\u00e9, Marco Bezzecchi se rapproche fortement de la troisi\u00e8me place du <a href=\"https:\/\/fr.motorsport.com\/motogp\/news\/championnat-bezzecchi-menace-serieuse-bagnaia\/10759394\/\" target=\"_self\" rel=\"noopener nofollow\">championnat pilotes<\/a>, r\u00e9sultat qu&rsquo;Aprilia n&rsquo;a encore jamais obtenu. Est-ce d\u00e9sormais l&rsquo;objectif \u00e0 atteindre\u00a0?\u00a0\u00ab\u00a0Non, franchement je n&rsquo;y avais pas pens\u00e9, et je n&rsquo;y pense m\u00eame pas maintenant. \u00c0 la base, \u00e7a ne m&rsquo;int\u00e9resse pas tellement\u00a0\u00bb, a affirm\u00e9 Bezzecchi.<\/p>\n<p>\u00ab\u00a0Il reste six courses, 12 du coup, et il peut se passer [plein de choses], on peut facilement terminer huiti\u00e8me ou neuvi\u00e8me. Donc c&rsquo;est inutile, il faut qu&rsquo;on se concentre sur nous-m\u00eames et qu&rsquo;on continue \u00e0 y croire\u00a0\u00bb, a poursuivi le pilote.<\/p>\n<p>\u00ab\u00a0On vit un bon moment, c&rsquo;est ind\u00e9niable, mais il suffit d&rsquo;un rien pour redescendre. Regardez ce qui m&rsquo;est arriv\u00e9 \u00e0 Barcelone\u00a0:\u00a0je sortais de trois podiums de suite et j&rsquo;ai \u00e9t\u00e9 envoy\u00e9 au tapis dans les deux courses, j&rsquo;ai fait z\u00e9ro point. Donc il ne faut pas trop s&rsquo;arr\u00eater sur ces choses-l\u00e0 et surtout continuer \u00e0 travailler. On verra peut-\u00eatre sur les deux ou trois derni\u00e8res courses.\u00a0\u00bb<\/p>\n<p>   <img decoding=\"async\" draggable=\"false\" src=\"https:\/\/www.europesays.com\/fr\/wp-content\/uploads\/2025\/09\/marco-bezzecchi-aprilia-racing.jpg\" alt=\"Marco Bezzecchi est le seul \u00e0 avoir battu les Ducati en sprint cette saison.\" width=\"1200\" height=\"800\" loading=\"lazy\"\/> <\/p>\n<p class=\"title\">Marco Bezzecchi est le seul \u00e0 avoir battu les Ducati en sprint cette saison.<\/p>\n<p class=\"photographer\">Photo de: Gold and Goose Photography \/ LAT Images \/ via Getty Images<\/p>\n<p>\u00ab\u00a0Disons que cela peut \u00eatre un objectif, mais ce n&rsquo;est pas un stress\u00a0\u00bb, a quant \u00e0 lui estim\u00e9 Massimo Rivola. \u00ab\u00a0Personnellement, je pense que c&rsquo;est important au niveau de l&rsquo;entreprise, mais je reviens beaucoup sur l&rsquo;approche que nous devons avoir, et celle qu&rsquo;a Marco dans les courses et que tout le monde a vue, je pense. Ce n&rsquo;est pas seulement \u00e0 Misano, nous l&rsquo;avons vu \u00e0 Assen. Partout, on voit qu&rsquo;il ne baisse jamais les bras tant que le drapeau \u00e0 damier n&rsquo;est pas baiss\u00e9. Si l&rsquo;entreprise travaille de cette mani\u00e8re, elle se d\u00e9veloppera et les r\u00e9sultats suivront.\u00a0\u00bb<\/p>\n<p>\u00ab\u00a0S&rsquo;il termine troisi\u00e8me au championnat, il le m\u00e9rite, c&rsquo;est certain. Et on en vient m\u00eame \u00e0 se demander [ce qu&rsquo;il en serait] si nous n&rsquo;avions pas perdu plusieurs points en d\u00e9but d&rsquo;ann\u00e9e. Je pense \u00e0 l&rsquo;Argentine, o\u00f9 il \u00e9tait tr\u00e8s fort mais n&rsquo;a m\u00eame pas pass\u00e9 un virage\u00a0;\u00a0je pense \u00e0 la deuxi\u00e8me place [perdue] en Allemagne, o\u00f9 il est tomb\u00e9\u00a0;\u00a0je pense \u00e0 Barcelone, o\u00f9 on l&rsquo;a fait tomber\u2026 Je pense que Bezz peut vraiment rivaliser avec tout le monde \u00e0 chaque course. Le m\u00e9rite en revient certainement au travail qu&rsquo;Aprilia a fait avec lui, mais l&rsquo;objectif doit \u00eatre de r\u00e9ussir \u00e0 battre le num\u00e9ro 93.\u00a0\u00bb<\/p>\n<p>Lire aussi :<\/p>\n<p>Plus que Ducati, c&rsquo;est bien son leader qui est dans le viseur de Massimo Rivola. Marc M\u00e1rquez est le seul des trois pilotes disposant de la GP25 \u00e0 parvenir \u00e0 se montrer ultra comp\u00e9titif, au point de d\u00e9tonner dans un clan Ducati qui continue pourtant \u00e0 r\u00e9aliser de solides performances group\u00e9es au plus haut des classements.<\/p>\n<p>\u00ab\u00a0Il me semble que la Ducati est en g\u00e9n\u00e9ral une moto plus facile que la n\u00f4tre \u00e0 amener \u00e0 la limite\u00a0\u00bb, a observ\u00e9 le PDG d&rsquo;Aprilia Racing. \u00ab\u00a0En moyenne, ils atteignent plus facilement les performances. Ils disposent certainement d&rsquo;une quantit\u00e9 de donn\u00e9es bien plus importante que la n\u00f4tre, d&rsquo;une part parce qu&rsquo;ils sont comp\u00e9titifs depuis plus longtemps, et aussi parce qu&rsquo;ils ont tout simplement plus de motos en piste.\u00a0\u00bb<\/p>\n<p>\u00ab\u00a0Je pense toutefois que Marc a fait la diff\u00e9rence, quelle que soit la mani\u00e8re dont il s&rsquo;y est pris, et qu&rsquo;il continue aujourd&rsquo;hui \u00e0 le faire par rapport \u00e0 nous. Bravo \u00e0 lui, bravo \u00e0 eux, mais nous verrons bien. J&rsquo;ai h\u00e2te de le battre, pour pouvoir dire que nous y sommes parvenus, pas tant \u00e0 vous mais \u00e0 Noale parce que c&rsquo;est la chose la plus importante.\u00a0\u00bb<\/p>\n<p>Lire aussi :<\/p>\n","protected":false},"excerpt":{"rendered":"Rares ont \u00e9t\u00e9 les pilotes capables de fendre l&rsquo;h\u00e9g\u00e9monie de Ducati cette saison. En qualifications, on d\u00e9nombre six&hellip;\n","protected":false},"author":2,"featured_media":402816,"comment_status":"","ping_status":"","sticky":false,"template":"","format":"standard","meta":{"footnotes":""},"categories":[1413],"tags":[3563,53413,4950,1011,27,5038,1961,1457,1456,1458,60],"class_list":{"0":"post-402815","1":"post","2":"type-post","3":"status-publish","4":"format-standard","5":"has-post-thumbnail","7":"category-moto","8":"tag-aprilia-racing-team","9":"tag-battre-mu00e1rquez-u00c7a-ne-suffit-pas-encore-pour-bezzecchi-et-aprilia","10":"tag-ducati-team","11":"tag-fr","12":"tag-france","13":"tag-marc-mu00e1rquez","14":"tag-marco-bezzecchi","15":"tag-moto","16":"tag-motocycle","17":"tag-motogp","18":"tag-sports"},"share_on_mastodon":{"url":"https:\/\/pubeurope.com\/@fr\/115232063526102298","error":""},"_links":{"self":[{"href":"https:\/\/www.europesays.com\/fr\/wp-json\/wp\/v2\/posts\/402815","targetHints":{"allow":["GET"]}}],"collection":[{"href":"https:\/\/www.europesays.com\/fr\/wp-json\/wp\/v2\/posts"}],"about":[{"href":"https:\/\/www.europesays.com\/fr\/wp-json\/wp\/v2\/types\/post"}],"author":[{"embeddable":true,"href":"https:\/\/www.europesays.com\/fr\/wp-json\/wp\/v2\/users\/2"}],"replies":[{"embeddable":true,"href":"https:\/\/www.europesays.com\/fr\/wp-json\/wp\/v2\/comments?post=402815"}],"version-history":[{"count":0,"href":"https:\/\/www.europesays.com\/fr\/wp-json\/wp\/v2\/posts\/402815\/revisions"}],"wp:featuredmedia":[{"embeddable":true,"href":"https:\/\/www.europesays.com\/fr\/wp-json\/wp\/v2\/media\/402816"}],"wp:attachment":[{"href":"https:\/\/www.europesays.com\/fr\/wp-json\/wp\/v2\/media?parent=402815"}],"wp:term":[{"taxonomy":"category","embeddable":true,"href":"https:\/\/www.europesays.com\/fr\/wp-json\/wp\/v2\/categories?post=402815"},{"taxonomy":"post_tag","embeddable":true,"href":"https:\/\/www.europesays.com\/fr\/wp-json\/wp\/v2\/tags?post=402815"}],"curies":[{"name":"wp","href":"https:\/\/api.w.org\/{rel}","templated":true}]}}