{"id":402817,"date":"2025-09-19T17:08:10","date_gmt":"2025-09-19T17:08:10","guid":{"rendered":"https:\/\/www.europesays.com\/fr\/402817\/"},"modified":"2025-09-19T17:08:10","modified_gmt":"2025-09-19T17:08:10","slug":"lewis-hamilton-vend-ses-voitures-de-collection-estimees-a-15-millions-deuros","status":"publish","type":"post","link":"https:\/\/www.europesays.com\/fr\/402817\/","title":{"rendered":"Lewis Hamilton vend ses voitures de collection estim\u00e9es \u00e0 15 millions d\u2019euros"},"content":{"rendered":"<p>Avant le Grand Prix d\u2019Azerba\u00efdjan ce week-end, le pilote britannique a fait une d\u00e9claration surprenante. Il a d\u00e9voil\u00e9 s\u2019\u00eatre s\u00e9par\u00e9 de toute sa collection automobile, pour un total d\u2019environ 15 millions d\u2019euros.<\/p>\n<p class=\"fig-paragraph\">Lewis Hamilton renfloue les caisses. En marge du<a href=\"http:\/\/www.lefigaro.fr\/sports\/formule-1\/formule-1-norris-domine-les-premiers-essais-devant-piastri-en-azerbaidjan-20250919\" data-fig-type=\"NewsFlash\" data-gtm-custom-categorie=\"navigation\" data-gtm-custom-action=\"crossclick\" data-gtm-custom-label=\"Contextuel\" data-gtm-event=\"customEventSPE\" data-fig-domain=\"LEFIGARO\" target=\"_blank\" rel=\"noopener\">\u00a0grand prix \u00e0 Baku<\/a>, le septuple champion du monde de F1 a affirm\u00e9 avoir vendu toute sa collection de voitures. Celle-ci, estim\u00e9e \u00e0 plus de 13 millions d\u2019euros, comprenait notamment une Hypercar Mercedes-AMG et une McLaren F1 achet\u00e9e pour plus de 11 millions de livres sterling en 2017. La raison\u00a0: des convictions \u00e9cologiques et une nouvelle passion pour l\u2019art. Le pilote de Ferrari avait d\u00e9j\u00e0 commenc\u00e9 \u00e0 vendre quelques-unes de ses voitures.<\/p>\n<p class=\"fig-paragraph\">\u00abJe n\u2019ai plus de voiture. Je me suis d\u00e9barrass\u00e9 de toutes mes voitures. Je suis davantage tourn\u00e9 vers l\u2019art aujourd\u2019hui\u00bb, a d\u00e9clar\u00e9 celui qui conduit dor\u00e9navant uniquement des voitures \u00e9lectriques. Devenu aussi v\u00e9g\u00e9talien, le Britannique multiplie les combats.<\/p>\n","protected":false},"excerpt":{"rendered":"Avant le Grand Prix d\u2019Azerba\u00efdjan ce week-end, le pilote britannique a fait une d\u00e9claration surprenante. Il a d\u00e9voil\u00e9&hellip;\n","protected":false},"author":2,"featured_media":402818,"comment_status":"","ping_status":"","sticky":false,"template":"","format":"standard","meta":{"footnotes":""},"categories":[1412],"tags":[1451,2251,1452,1453,1454,1455,1011,27,1975,60],"class_list":{"0":"post-402817","1":"post","2":"type-post","3":"status-publish","4":"format-standard","5":"has-post-thumbnail","7":"category-f1","8":"tag-f1","9":"tag-ferrari","10":"tag-formula-1","11":"tag-formula1","12":"tag-formule-1","13":"tag-formule1","14":"tag-fr","15":"tag-france","16":"tag-lewis-hamilton","17":"tag-sports"},"share_on_mastodon":{"url":"https:\/\/pubeurope.com\/@fr\/115232067017105833","error":""},"_links":{"self":[{"href":"https:\/\/www.europesays.com\/fr\/wp-json\/wp\/v2\/posts\/402817","targetHints":{"allow":["GET"]}}],"collection":[{"href":"https:\/\/www.europesays.com\/fr\/wp-json\/wp\/v2\/posts"}],"about":[{"href":"https:\/\/www.europesays.com\/fr\/wp-json\/wp\/v2\/types\/post"}],"author":[{"embeddable":true,"href":"https:\/\/www.europesays.com\/fr\/wp-json\/wp\/v2\/users\/2"}],"replies":[{"embeddable":true,"href":"https:\/\/www.europesays.com\/fr\/wp-json\/wp\/v2\/comments?post=402817"}],"version-history":[{"count":0,"href":"https:\/\/www.europesays.com\/fr\/wp-json\/wp\/v2\/posts\/402817\/revisions"}],"wp:featuredmedia":[{"embeddable":true,"href":"https:\/\/www.europesays.com\/fr\/wp-json\/wp\/v2\/media\/402818"}],"wp:attachment":[{"href":"https:\/\/www.europesays.com\/fr\/wp-json\/wp\/v2\/media?parent=402817"}],"wp:term":[{"taxonomy":"category","embeddable":true,"href":"https:\/\/www.europesays.com\/fr\/wp-json\/wp\/v2\/categories?post=402817"},{"taxonomy":"post_tag","embeddable":true,"href":"https:\/\/www.europesays.com\/fr\/wp-json\/wp\/v2\/tags?post=402817"}],"curies":[{"name":"wp","href":"https:\/\/api.w.org\/{rel}","templated":true}]}}