{"id":402821,"date":"2025-09-19T17:10:10","date_gmt":"2025-09-19T17:10:10","guid":{"rendered":"https:\/\/www.europesays.com\/fr\/402821\/"},"modified":"2025-09-19T17:10:10","modified_gmt":"2025-09-19T17:10:10","slug":"le-psg-mise-sur-un-jeune-espoir-tunisien-france-paris-saint-germain","status":"publish","type":"post","link":"https:\/\/www.europesays.com\/fr\/402821\/","title":{"rendered":"Le PSG mise sur un jeune espoir tunisien &#8211; France &#8211; Paris Saint-Germain"},"content":{"rendered":"<p>Isma\u00ebl Gharbi, Hocine Ragued et surtout Selim Benachour ont un successeur.<\/p>\n<p><strong>Le Paris Saint-Germain<\/strong> a officialis\u00e9 ce vendredi, <strong>l\u2019arriv\u00e9e du jeune ailier Khalil Ayari en provenance du Stade tunisien<\/strong>. Le joueur de 20 ans rejoint l\u2019Europe pour la premi\u00e8re fois de sa carri\u00e8re, dans le cadre d\u2019un <strong>pr\u00eat jusqu\u2019\u00e0 la fin de la saison, associ\u00e9e \u00e0 une option d\u2019achat<\/strong>. <a target=\"_blank\" href=\"https:\/\/twitter.com\/PSG_inside\/status\/1969017937655926845?ref_src=twsrc%5Egoogle%7Ctwcamp%5Eserp%7Ctwgr%5Etweet\" rel=\"nofollow noopener\">Selon le communiqu\u00e9 du club<\/a>, c\u2019est au sein de l\u2019effectif espoir que le tunisien \u00e9voluera dans un premier temps.<\/p>\n<blockquote class=\"twitter-tweet\">\n<p lang=\"fr\" dir=\"ltr\">Khalil Ayari s&rsquo;engage avec le Paris Saint-Germain pour une saison dans le cadre d&rsquo;un pr\u00eat avec option d\u2019achat, soit jusqu&rsquo;en juin 2026. \u270d\ufe0f<br \/>\nLe jeune attaquant arrive en provenance du Stade Tunisien et int\u00e9grera l&rsquo;effectif Espoirs. \ud83d\udd34\ud83d\udd35<\/p>\n<p>\u2014 Paris Saint-Germain (@PSG_inside) <a target=\"_blank\" href=\"https:\/\/twitter.com\/PSG_inside\/status\/1969017937655926845?ref_src=twsrc%5Etfw\" rel=\"nofollow noopener\">September 19, 2025<\/a><\/p><\/blockquote>\n<p>Un futur dans l\u2019\u00e9quipe premi\u00e8re ?<\/p>\n<p>Khalil Ayari avait \u00e9t\u00e9 mis \u00e0 l\u2019essai par le PSG Espoirs cet \u00e9t\u00e9 apr\u00e8s avoir inscrit <strong>3 buts en 26 matchs avec le Stade tunisien<\/strong> la saison pass\u00e9e. Son nom a \u00e9t\u00e9 associ\u00e9 \u00e0 plusieurs clubs de Ligue 1 cet \u00e9t\u00e9, mais c\u2019est finalement bien au PSG que le prospect va tenter de lancer sa carri\u00e8re. La <strong>politique de d\u00e9veloppement des jeunes de Luis Enrique<\/strong>, dont <a target=\"_blank\" href=\"https:\/\/www.sofoot.com\/breves\/senny-mayulu-signe-son-premier-contrat-professionnel-avec-le-psg\" rel=\"nofollow noopener\">Senny Mayulu<\/a> et Ibrahim Mbaye en sont des parfaits mod\u00e8les, pourrait offrir de belles opportunit\u00e9s au gaucher tunisien dans l\u2019\u00e9quipe premi\u00e8re s\u2019il parvient \u00e0 s\u2019illustrer.<\/p>\n<p>De toute fa\u00e7on de <a target=\"_blank\" href=\"https:\/\/www.sofoot.com\/breves\/pourquoi-luis-enrique-entraine-t-il-depuis-les-tribunes\" rel=\"nofollow noopener\">l\u00e0 ou il entra\u00eene maintenant, Luis Enrique ne pourra pas le rater.<\/a><\/p>\n<p>\t\t\t\t\t\t\t\t\t\t<a class=\"lien-connexe\" href=\"https:\/\/www.sofoot.com\/breves\/luis-enrique-aura-un-espace-dedie-au-parc-des-princes-pour-donner-ses-consignes\" rel=\"nofollow noopener\" target=\"_blank\">Une tribune sur-mesure pour Luis Enrique au Parc des Princes<\/a>\t\t\t\t\t<script async src=\"https:\/\/platform.twitter.com\/widgets.js\" charset=\"utf-8\"><\/script><\/p>\n","protected":false},"excerpt":{"rendered":"Isma\u00ebl Gharbi, Hocine Ragued et surtout Selim Benachour ont un successeur. Le Paris Saint-Germain a officialis\u00e9 ce vendredi,&hellip;\n","protected":false},"author":2,"featured_media":402822,"comment_status":"","ping_status":"","sticky":false,"template":"","format":"standard","meta":{"footnotes":""},"categories":[1410],"tags":[47,61,69,65,64,63,1011,27,68,66,62,70,67,60],"class_list":{"0":"post-402821","1":"post","2":"type-post","3":"status-publish","4":"format-standard","5":"has-post-thumbnail","7":"category-football","8":"tag-actualite","9":"tag-actus-football","10":"tag-bundesliga","11":"tag-championnats-europeens","12":"tag-equipe-de-france","13":"tag-football","14":"tag-fr","15":"tag-france","16":"tag-ligua","17":"tag-ligue-1","18":"tag-news-foot","19":"tag-premier-league","20":"tag-serie-a","21":"tag-sports"},"share_on_mastodon":{"url":"https:\/\/pubeurope.com\/@fr\/115232074890903260","error":""},"_links":{"self":[{"href":"https:\/\/www.europesays.com\/fr\/wp-json\/wp\/v2\/posts\/402821","targetHints":{"allow":["GET"]}}],"collection":[{"href":"https:\/\/www.europesays.com\/fr\/wp-json\/wp\/v2\/posts"}],"about":[{"href":"https:\/\/www.europesays.com\/fr\/wp-json\/wp\/v2\/types\/post"}],"author":[{"embeddable":true,"href":"https:\/\/www.europesays.com\/fr\/wp-json\/wp\/v2\/users\/2"}],"replies":[{"embeddable":true,"href":"https:\/\/www.europesays.com\/fr\/wp-json\/wp\/v2\/comments?post=402821"}],"version-history":[{"count":0,"href":"https:\/\/www.europesays.com\/fr\/wp-json\/wp\/v2\/posts\/402821\/revisions"}],"wp:featuredmedia":[{"embeddable":true,"href":"https:\/\/www.europesays.com\/fr\/wp-json\/wp\/v2\/media\/402822"}],"wp:attachment":[{"href":"https:\/\/www.europesays.com\/fr\/wp-json\/wp\/v2\/media?parent=402821"}],"wp:term":[{"taxonomy":"category","embeddable":true,"href":"https:\/\/www.europesays.com\/fr\/wp-json\/wp\/v2\/categories?post=402821"},{"taxonomy":"post_tag","embeddable":true,"href":"https:\/\/www.europesays.com\/fr\/wp-json\/wp\/v2\/tags?post=402821"}],"curies":[{"name":"wp","href":"https:\/\/api.w.org\/{rel}","templated":true}]}}