{"id":402823,"date":"2025-09-19T17:11:11","date_gmt":"2025-09-19T17:11:11","guid":{"rendered":"https:\/\/www.europesays.com\/fr\/402823\/"},"modified":"2025-09-19T17:11:11","modified_gmt":"2025-09-19T17:11:11","slug":"on-sest-dit-oui-en-sachant-tres-bien-quon-faisait-une-erreur","status":"publish","type":"post","link":"https:\/\/www.europesays.com\/fr\/402823\/","title":{"rendered":"On s&rsquo;est dit oui en sachant tr\u00e8s bien qu&rsquo;on faisait une erreur"},"content":{"rendered":"<p class=\"app_entry_lead\">\n<p>                Simon Coleman est de retour sur France\u00a02\u00a0ce vendredi 19\u00a0septembre, avec Jean-Michel Tinivelli dans de nouveaux \u00e9pisodes in\u00e9dits.<\/p>\n<p>            <strong>FRANCE 2<\/strong> | Vendredi 19 septembre 2025 \u00e0 21h10<\/p>\n<p>Les fans de Jean-Michel Tinivelli l&rsquo;attendaient avec impatience. Ce vendredi, l&rsquo;acteur est de retour dans la peau de Simon Coleman pour une troisi\u00e8me saison et de nouveaux \u00e9pisodes in\u00e9dits sur France\u00a02. Une s\u00e9rie dans laquelle il incarne un policier parisien, c\u00e9libataire et sans attaches,\u00a0habitu\u00e9 \u00e0 couvrir de dangereuses missions sous couverture, mais contraint de d\u00e9m\u00e9nager dans le sud de la France pour assurer\u00a0la garde de ses neveux apr\u00e8s la mort brutale de sa s\u0153ur et de son beau-fr\u00e8re dans un tragique accident.<\/p>\n<p>Dans \u00ab\u00a0Dernier solo\u00a0\u00bb, l&rsquo;\u00e9pisode de ce soir, un violoniste de 25\u00a0ans, fra\u00eechement dipl\u00f4m\u00e9 du Conservatoire d&rsquo;Aix-en-Provence est retrouv\u00e9 mort dans sa chambre d&rsquo;\u00e9tudiant. Simon Coleman investit l&rsquo;\u00e9cole de musique, et d\u00e9couvre que le talentueux jeune homme s&rsquo;appr\u00eatait \u00e0 concourir au poste de premier violon \u00e0 la Philharmonie, tout comme les trois autres membres du quatuor auquel il appartenait. L&rsquo;un d&rsquo;eux aurait-il pu vouloir l&rsquo;\u00e9liminer\u00a0? En avan\u00e7ant dans son enqu\u00eate, Simon voit sa liste de suspects s&rsquo;allonger. Issu d&rsquo;un milieu modeste, Lucas n&rsquo;a pas toujours eu de bonnes fr\u00e9quentations. Et si le coupable \u00e9tait \u00e0 chercher dans son pass\u00e9\u00a0?<\/p>\n<p>Simon Coleman, un r\u00f4le de c\u00e9libataire endurci<\/p>\n<p>Pour le t\u00e9n\u00e9breux Jean-Michel Tinivelli, le r\u00f4le est le premier en haut de l&rsquo;affiche et fait \u00e9cho \u00e0 une vie de c\u00e9libataire endurci qu&rsquo;il a, pour l&rsquo;occasion, mise en avant dans les m\u00e9dias. Tr\u00e8s discret sur sa vie priv\u00e9e, le com\u00e9dien de 58\u00a0ans aura n\u00e9anmoins \u00e9t\u00e9 contraint de briser l&rsquo;armure en endossant ce costume et en faisant sa promotion ces derni\u00e8res ann\u00e9es.\u00a0Celui qui a v\u00e9cu de 2004\u00a0\u00e0 2006\u00a0aux c\u00f4t\u00e9 d&rsquo;Ingrid Chauvin a m\u00eame\u00a0fait quelques confidences \u00e9tonnantes sur sa vie sentimentale l&rsquo;ann\u00e9e derni\u00e8re.<\/p>\n<p><img decoding=\"async\" alt=\"\" src=\"https:\/\/www.europesays.com\/fr\/wp-content\/uploads\/2025\/09\/80168458.jpg\"\/><br \/>\nJean-Michel Tinivelli dans Simon Colmean. \u00a9\u00a0\u00a9 Fabien MALOT &#8211; France T\u00e9l\u00e9visions, via PhotoT\u00e9l\u00e9<\/p>\n<p>Dans T\u00e9l\u00e9 Loisirs,\u00a0Jean-Michel Tinivelli \u00e9voquait en septembre dernier son principal\u00a0probl\u00e8me en couple et la raison pour laquelle il \u00e9tait (\u00e0 l&rsquo;\u00e9poque) c\u00e9libataire.\u00a0\u00ab\u00a0J&rsquo;en ai fait trop. C&rsquo;est peut-\u00eatre pour \u00e7a que je suis seul\u00a0[&#8230;]. J&rsquo;ai \u00e9t\u00e9 trop gentil, c&rsquo;est ce qu&rsquo;on m&rsquo;a dit un jour\u00a0\u00bb, a-t-il confi\u00e9 dans un rare moment d&rsquo;introspection.\u00a0\u00ab\u00a0On m&rsquo;a quitt\u00e9 pour \u00e7a. On n&rsquo;est jamais trop gentil, non\u00a0?\u00a0\u00bb, s&rsquo;interrogeait-il, avant de poursuivre, dubitatif\u00a0: \u00ab\u00a0On peut \u00eatre trop con mais trop gentil\u2026\u00a0\u00bb<\/p>\n<p>Dans le magazine Voici en 2022, il mettait encore un peu plus de profondeur dans son analyse\u00a0:\u00a0\u00ab\u00a0Apparemment je ne suis pas le seul (c\u00e9libataire &#8211; NDLR), il para\u00eet qu&rsquo;on est 18\u00a0millions\u00a0\u00bb, lan\u00e7ait-il. \u00ab\u00a0Je me demande comment c&rsquo;est possible alors qu&rsquo;il n&rsquo;y a a jamais eu autant de moyens de se rencontrer. Si Freud revenait, je crois qu&rsquo;il ne comprendrait plus rien aux rapports humains&#8230;\u00a0\u00bb<\/p>\n<p>Pourtant, Jean-Michel Tinivelli a aussi\u00a0r\u00e9v\u00e9l\u00e9\u00a0avoir d\u00e9j\u00e0 \u00e9t\u00e9 mari\u00e9 par le pass\u00e9. Une union express contract\u00e9e \u00e0 l&rsquo;\u00e2ge de 25\u00a0ans. \u00ab\u00a0On s&rsquo;est dit oui en sachant tr\u00e8s bien qu&rsquo;on faisait une erreur\u00a0\u00bb, a-t-il l\u00e2ch\u00e9 \u00e0 Voici. \u00ab\u00a0Bref, \u00e7a n&rsquo;a pas dur\u00e9&#8230; J&rsquo;ai \u00e9t\u00e9 le premier mari\u00e9 de mes amis, je suis le dernier c\u00e9libataire\u00a0!\u00a0\u00bb, a racont\u00e9 l&rsquo;acteur, d\u00e9sarmant de franchise.<\/p>\n<p>Et Jean-Michel Tinivelli d&rsquo;assurer depuis qu&rsquo;il ne cherche plus forc\u00e9ment l&rsquo;amour et pr\u00e9f\u00e8re laisser faire le destin. \u00ab\u00a0Parfois \u00e7a te tombe dessus, tu ne sais pas comment ni pourquoi. De toute fa\u00e7on, quand tu cherches, tu ne trouves pas\u00a0\u00bb, a-t-il assur\u00e9 \u00e0 T\u00e9l\u00e9 Loisirs. Le sort a peut \u00eatre \u00e9t\u00e9 plus favorable depuis.<\/p>\n","protected":false},"excerpt":{"rendered":"Simon Coleman est de retour sur France\u00a02\u00a0ce vendredi 19\u00a0septembre, avec Jean-Michel Tinivelli dans de nouveaux \u00e9pisodes in\u00e9dits. FRANCE&hellip;\n","protected":false},"author":2,"featured_media":402824,"comment_status":"","ping_status":"","sticky":false,"template":"","format":"standard","meta":{"footnotes":""},"categories":[1359],"tags":[53414,51761,58,59,51763,1011,27,51979,51767,973,3287],"class_list":{"0":"post-402823","1":"post","2":"type-post","3":"status-publish","4":"format-standard","5":"has-post-thumbnail","7":"category-people","8":"tag-cms-linternaute-8791924","9":"tag-controller-content","10":"tag-divertissement","11":"tag-entertainment","12":"tag-format-papier","13":"tag-fr","14":"tag-france","15":"tag-les-histoires-de-linternaute","16":"tag-parallaxeinfeed","17":"tag-people","18":"tag-stars"},"share_on_mastodon":{"url":"https:\/\/pubeurope.com\/@fr\/115232079421685998","error":""},"_links":{"self":[{"href":"https:\/\/www.europesays.com\/fr\/wp-json\/wp\/v2\/posts\/402823","targetHints":{"allow":["GET"]}}],"collection":[{"href":"https:\/\/www.europesays.com\/fr\/wp-json\/wp\/v2\/posts"}],"about":[{"href":"https:\/\/www.europesays.com\/fr\/wp-json\/wp\/v2\/types\/post"}],"author":[{"embeddable":true,"href":"https:\/\/www.europesays.com\/fr\/wp-json\/wp\/v2\/users\/2"}],"replies":[{"embeddable":true,"href":"https:\/\/www.europesays.com\/fr\/wp-json\/wp\/v2\/comments?post=402823"}],"version-history":[{"count":0,"href":"https:\/\/www.europesays.com\/fr\/wp-json\/wp\/v2\/posts\/402823\/revisions"}],"wp:featuredmedia":[{"embeddable":true,"href":"https:\/\/www.europesays.com\/fr\/wp-json\/wp\/v2\/media\/402824"}],"wp:attachment":[{"href":"https:\/\/www.europesays.com\/fr\/wp-json\/wp\/v2\/media?parent=402823"}],"wp:term":[{"taxonomy":"category","embeddable":true,"href":"https:\/\/www.europesays.com\/fr\/wp-json\/wp\/v2\/categories?post=402823"},{"taxonomy":"post_tag","embeddable":true,"href":"https:\/\/www.europesays.com\/fr\/wp-json\/wp\/v2\/tags?post=402823"}],"curies":[{"name":"wp","href":"https:\/\/api.w.org\/{rel}","templated":true}]}}