{"id":402825,"date":"2025-09-19T17:12:19","date_gmt":"2025-09-19T17:12:19","guid":{"rendered":"https:\/\/www.europesays.com\/fr\/402825\/"},"modified":"2025-09-19T17:12:19","modified_gmt":"2025-09-19T17:12:19","slug":"ces-nouveaux-musees-epoustouflants-qui-sappretent-a-ouvrir-dans-le-monde","status":"publish","type":"post","link":"https:\/\/www.europesays.com\/fr\/402825\/","title":{"rendered":"Ces nouveaux mus\u00e9es \u00e9poustouflants qui s&rsquo;appr\u00eatent \u00e0 ouvrir dans le monde"},"content":{"rendered":"<p class=\"editor-content__paragraph\">Le monde s\u2019interroge, alors le monde <strong>construit des mus\u00e9es<\/strong>. Et les prochains mois devraient voir l\u2019aboutissement de plusieurs r\u00e9alisations d\u2019ampleur<strong> sur tous les continents<\/strong>. Plus durables, plus engag\u00e9s, plus ouverts \u00e0 la collectivit\u00e9, ils <strong>c\u00e9l\u00e8brent l\u2019\u00e9chelle humaine<\/strong> et sa constante capacit\u00e9 de r\u00e9invention des espaces et de leurs fonctions. Le coup de frein intim\u00e9 par les ann\u00e9es Covid semble peu \u00e0 peu d\u00e9pass\u00e9, permettant \u00e7\u00e0 et l\u00e0 aux projets du \u00ab\u00a0monde d\u2019avant\u00a0\u00bb de voir enfin le jour. Mais les<strong> nouveaux paradigmes<\/strong>, port\u00e9s par une jeune g\u00e9n\u00e9ration d\u2019architectes, r\u00e9\u00e9crivent le lexique avec fra\u00eecheur, attendant moins du mus\u00e9e d\u2019\u00eatre un temple inaccessible qu\u2019un<strong> lieu d\u2019exp\u00e9riences partag\u00e9es<\/strong> o\u00f9 la connaissance s\u2019offrira au plus grand nombre, <strong>tout en laissant \u00e0 chacun une place<\/strong> pour sa propre introspection.<\/p>\n<p class=\"editor-content__paragraph\">On construit donc moins haut mais<strong> plus juste<\/strong>, on fusionne avec le paysage, on se love dans des enveloppes telluriques souples et apais\u00e9es, on inscrit<strong> l\u2019ext\u00e9rieur au c\u0153ur de l\u2019int\u00e9rieur<\/strong>, on <strong>ouvre les r\u00e9serves<\/strong> des collections au regard, on <strong>pr\u00e9serve le patrimoine<\/strong> avec un sentiment d\u2019urgence exacerb\u00e9. La forme cherche \u00e0 rejoindre le fond. Car soudain, l\u2019humanit\u00e9 s\u2019est rem\u00e9mor\u00e9 sa fragilit\u00e9.<\/p>\n<p>ASIE<br \/>\nEn fusion avec le paysage au Suzhou Museum of Contemporary Art, Bjarke Ingels Group \u2013 Chine<\/p>\n<p>    <img loading=\"lazy\" decoding=\"async\" class=\"image__img\" src=\"https:\/\/www.europesays.com\/fr\/wp-content\/uploads\/2025\/09\/webbig-suzhou-museum-of-contemporary-art-0-964x578.jpg\" alt=\"Suzhou Museum Of Contemporary Art, Suzhou, Chine\" width=\"964\" height=\"578\"\/><\/p>\n<p>Suzhou Museum Of Contemporary Art, Suzhou, Chine<\/p>\n<p>    i<\/p>\n<p class=\"editor-content__paragraph\">Pos\u00e9e au bord du lac Jinji, apais\u00e9e par le rythme magn\u00e9tique de <strong>ses canaux<\/strong> parcourus de gondoles, la <strong>cit\u00e9 de Suzhou<\/strong> a longtemps \u00e9t\u00e9 consid\u00e9r\u00e9e comme une \u00e9chapp\u00e9e touristique vers un temps r\u00e9volu. Celui du royaume de Wu, de la Route de la soie, des <strong>froissements d\u2019\u00e9toffes<\/strong> furtifs le long des ruelles de pierre et d\u2019un<strong> art paysager<\/strong> au firmament, cisel\u00e9 en 50\u00a0jardins d\u00e9sormais inscrits au patrimoine mondial de l\u2019UNESCO. Aussi, la conception de son <strong>futur mus\u00e9e d\u2019Art contemporain<\/strong>, men\u00e9e par <strong>le Danois Bjarke Ingels<\/strong>, a-t-elle naturellement tendu un <strong>miroir sensible<\/strong> \u00e0 cet urbanisme impr\u00e9gn\u00e9 de po\u00e9sie. Au pied de la grande roue de la ville, <strong>12\u00a0pavillons de verre et d\u2019acier<\/strong>, \u00e9chos aux pavillons chinois traditionnels, imbriquent leurs toits et s\u2019ouvrent les uns aux autres, par des <strong>jeux de galeries, de portiques<\/strong>, de cours, de jardins, de ponts et de tunnels, invitant \u00e0 des d\u00e9ambulations inattendues. L\u2019ext\u00e9rieur et l\u2019int\u00e9rieur s\u2019interpellent. \u00c0 travers les <strong>transparences ondul\u00e9es<\/strong> des parois, la nature dessine ses paysages, devenus partie int\u00e9grante de la mus\u00e9ographie.<\/p>\n<p>  Arrow<\/p>\n<p>Suzhou Museum of Contemporary Art, Bjarke Ingels Group<\/p>\n<p class=\"annexe-content__infos\">Suzhou<br \/><a href=\"https:\/\/big.dk\/projects\/suzhou-museum-of-contemporary-art-18410\" rel=\"nofollow noopener\" target=\"_blank\">big.dk<\/a><\/p>\n<p>Zoom sur la biosph\u00e8re au Shenzhen Natural History Museum \u2013 Chine<\/p>\n<p class=\"editor-content__paragraph\">Contre toute attente, lorsqu\u2019une <strong>m\u00e9galopole de la tech chinoise<\/strong> s\u2019interroge sur l\u2019avenir, c\u2019est un lieu d\u00e9di\u00e9 aux sciences naturelles qu\u2019elle d\u00e9cide de construire. En l\u2019esp\u00e8ce, \u00e0 <strong>Shenzhen<\/strong>, le <strong>nouveau mus\u00e9e d\u2019Histoire naturelle<\/strong>, anim\u00e9 par la volont\u00e9 de faire d\u00e9couvrir la g\u00e9ographie et la biosph\u00e8re qui l\u2019entourent, en sus des avanc\u00e9es de la connaissance scientifique universelle. <strong>Mi-\u00eele mi-volcan<\/strong>, sa construction, baptis\u00e9e \u00ab\u00a0Delta\u00a0\u00bb, a trac\u00e9 sur son toit les <strong>courbes de la rivi\u00e8re Pingshan<\/strong> qui ondule en contre-bas. Ce <strong>ruban pi\u00e9ton v\u00e9g\u00e9talis\u00e9<\/strong> invite les visiteurs \u00e0 venir fl\u00e2ner et prendre de la hauteur, pour contempler la r\u00e9serve naturelle du lac Yanzi et les zones humides prot\u00e9g\u00e9es qui se d\u00e9velopperont au fil des ans \u00e0 l\u2019horizon. Au sein du <strong>groupement cr\u00e9atif<\/strong> qui pilote ce projet (les Danois 3XN, les Canadiens B+H et les Chinois Zhubo Design), on saluera la pr\u00e9sence de <strong>l\u2019Atelier Br\u00fcckner<\/strong>, constitu\u00e9 d\u2019experts allemands en architecture sc\u00e9nique, qui a d\u00e9j\u00e0 orchestr\u00e9 les salles du mus\u00e9e d\u2019Histoire naturelle d\u2019Oslo ou la collection arch\u00e9ologique du mus\u00e9e national suisse \u00e0 Zurich. C\u2019est sous sa houlette que les visiteurs s\u2019immergeront, d\u00e8s 2026, dans l\u2019exploration de l\u2019univers ou la grande aventure des dinosaures.<\/p>\n<p>  Arrow<\/p>\n<p>Shenzhen Natural History Museum<\/p>\n<p class=\"annexe-content__infos\">518118 Shenzhen<br \/><a href=\"https:\/\/3xn.com\/project\/shenzhen-natural-history-museum\" rel=\"nofollow noopener\" target=\"_blank\">3xn.com<\/a><\/p>\n<p>Sciences et techniques de pointe au Shenzhen Science &amp; Technology Museum \u2013 Chine<\/p>\n<p>    <img loading=\"lazy\" decoding=\"async\" class=\"image__img\" src=\"https:\/\/www.europesays.com\/fr\/wp-content\/uploads\/2025\/09\/webshenzhen-science-and-technology-museum-zaha-hadid-architects_2-964x636.jpg\" alt=\"Shenzhen Science &amp; Technology Museum, Shenzen, Chine\" width=\"964\" height=\"636\"\/><\/p>\n<p>Shenzhen Science &amp; Technology Museum, Shenzen, Chine<\/p>\n<p>    i<\/p>\n<p class=\"legende__cartel\">Zaha Hadid Architects \/ Photo Virgile Simon Bertrand<\/p>\n<p class=\"editor-content__paragraph editor-content__paragraph--is-hidden\">La ville de Shenzhen poursuit un r\u00eave\u00a0: se doter de<strong> dix \u00e9tablissements culturels majeurs<\/strong>, dont les deux premiers, le mus\u00e9e d\u2019Histoire naturelle et le <strong>mus\u00e9e des Sciences et de la Technologie<\/strong>, donnent d\u00e9j\u00e0 envie de feuilleter les prochains chapitres. Le domaine des sciences a \u00e9t\u00e9 confi\u00e9 \u00e0 <strong>l\u2019agence Zaha Hadid Architects<\/strong>, qui prolonge la<strong> ligne d\u00e9constructiviste<\/strong> ch\u00e8re \u00e0 sa fondatrice irako-britannique (d\u00e9c\u00e9d\u00e9e en 2016). De mouvement, il est ici question, \u00e0 Shenzhen, o\u00f9 le mus\u00e9e veut <strong>c\u00e9l\u00e9brer la conqu\u00eate spatiale chinoise<\/strong>, les grandes \u00e9pop\u00e9es de la recherche, <strong> l\u2019euphorie de l\u2019intelligence artificielle<\/strong> et les possibles infinis du futur. La construction sugg\u00e8re ainsi une <strong>sph\u00e8re semi-ouverte et compacte<\/strong> dont les extr\u00e9mit\u00e9s auraient \u00e9t\u00e9 \u00e9rod\u00e9es par les vents pour se transformer en terrasses \u00e9tag\u00e9es. L\u2019\u00e9difice embarque ainsi les visiteurs tel un paquebot lanc\u00e9 vers l\u2019avenir, unissant int\u00e9rieur et ext\u00e9rieur, <strong>espaces p\u00e9dagogiques, laboratoires de recherche<\/strong>, centre d\u2019innovation technologique, th\u00e9\u00e2tre et cin\u00e9ma immersif. La mise au point du mus\u00e9e se veut \u00e9galement un<strong> mod\u00e8le d\u2019architecture durable<\/strong>, nourrie de <strong>mat\u00e9riaux recycl\u00e9s<\/strong> et de strat\u00e9gies de conception passive affin\u00e9es au millim\u00e8tre pr\u00e8s gr\u00e2ce \u00e0 la cr\u00e9ation d\u2019un double virtuel sur lequel tous les sc\u00e9narios ont pu \u00eatre simul\u00e9s et v\u00e9rifi\u00e9s au fil des avanc\u00e9es du chantier.<\/p>\n<p>            <strong>Continuez votre lecture<\/strong><\/p>\n<p>\n                et acc\u00e9dez \u00e0 Beaux Arts Magazine<br \/>et \u00e0 tous les contenus web<br \/><strong>en illimit\u00e9 \u00e0 partir de 5,75\u20ac \/ mois<\/strong>\n            <\/p>\n<p class=\"cta-abonnement__log-in\">\n        D\u00e9j\u00e0 abonn\u00e9 ?        <a data-id=\"aHR0cHM6Ly93d3cuYmVhdXhhcnRzLmNvbS9tb24tY29tcHRlLw==\">Connectez-vous<\/a>\n    <\/p>\n<p>            <img data-vllblanksrc=\"https:\/\/www.beauxarts.com\/grand-format\/de-la-france-au-japon-les-nouveaux-musees-les-plus-spectaculaires-du-monde\/1\" data-vllsrc=\"https:\/\/www.europesays.com\/fr\/wp-content\/uploads\/2025\/09\/couv-bam-496-232x300.png\" alt=\"\"\/><img data-vllblanksrc=\"https:\/\/www.beauxarts.com\/grand-format\/de-la-france-au-japon-les-nouveaux-musees-les-plus-spectaculaires-du-monde\/1\" data-vllsrc=\"https:\/\/www.europesays.com\/fr\/wp-content\/uploads\/2025\/08\/bam495_ciouv_page_001-232x300.jpg\" alt=\"\"\/>        <\/p>\n","protected":false},"excerpt":{"rendered":"Le monde s\u2019interroge, alors le monde construit des mus\u00e9es. Et les prochains mois devraient voir l\u2019aboutissement de plusieurs&hellip;\n","protected":false},"author":2,"featured_media":402826,"comment_status":"","ping_status":"","sticky":false,"template":"","format":"standard","meta":{"footnotes":""},"categories":[1358],"tags":[1348,1384,1385,53421,53426,53420,53435,53429,53415,1386,53417,58,59,1011,27,53425,53430,53416,53422,53431,53418,41648,53424,53432,7107,53439,53442,53419,53437,53428,53427,53438,53441,53433,53434,53440,53436,53423],"class_list":{"0":"post-402825","1":"post","2":"type-post","3":"status-publish","4":"format-standard","5":"has-post-thumbnail","7":"category-arts-et-design","8":"tag-arts","9":"tag-arts-and-design","10":"tag-arts-et-design","11":"tag-asaan-misk-heritage-museum","12":"tag-bet-bi-museum","13":"tag-bilbao-fine-arts-museum","14":"tag-bjarke-ingels-group","15":"tag-centre-pompidou-francilien-massy","16":"tag-cite-internationale-de-la-tapisserie","17":"tag-design","18":"tag-dib-bangkok","19":"tag-divertissement","20":"tag-entertainment","21":"tag-fr","22":"tag-france","23":"tag-guggenheim-abu-dhabi","24":"tag-lacma","25":"tag-lucas-museum-of-narrative-art","26":"tag-mowaa","27":"tag-musee-bonnat-helleu","28":"tag-musee-dart-aros","29":"tag-musee-des-augustins","30":"tag-musee-international-du-vodun","31":"tag-musee-renault","32":"tag-musees","33":"tag-museum-of-brutalist-architecture-moba","34":"tag-muzej-lah","35":"tag-naoshima-new-museum-of-art","36":"tag-new-museum","37":"tag-nuevo-museo","38":"tag-powerhouse-museum","39":"tag-shenzhen-natural-history-museum","40":"tag-shenzhen-science-technology-museum","41":"tag-studio-museum-harlem","42":"tag-suzhou-museum-of-contemporary-art","43":"tag-the-obama-presidential-center","44":"tag-va-east-storehouse","45":"tag-zayed-national-museum"},"share_on_mastodon":{"url":"","error":"Validation failed: Text character limit of 500 exceeded"},"_links":{"self":[{"href":"https:\/\/www.europesays.com\/fr\/wp-json\/wp\/v2\/posts\/402825","targetHints":{"allow":["GET"]}}],"collection":[{"href":"https:\/\/www.europesays.com\/fr\/wp-json\/wp\/v2\/posts"}],"about":[{"href":"https:\/\/www.europesays.com\/fr\/wp-json\/wp\/v2\/types\/post"}],"author":[{"embeddable":true,"href":"https:\/\/www.europesays.com\/fr\/wp-json\/wp\/v2\/users\/2"}],"replies":[{"embeddable":true,"href":"https:\/\/www.europesays.com\/fr\/wp-json\/wp\/v2\/comments?post=402825"}],"version-history":[{"count":0,"href":"https:\/\/www.europesays.com\/fr\/wp-json\/wp\/v2\/posts\/402825\/revisions"}],"wp:featuredmedia":[{"embeddable":true,"href":"https:\/\/www.europesays.com\/fr\/wp-json\/wp\/v2\/media\/402826"}],"wp:attachment":[{"href":"https:\/\/www.europesays.com\/fr\/wp-json\/wp\/v2\/media?parent=402825"}],"wp:term":[{"taxonomy":"category","embeddable":true,"href":"https:\/\/www.europesays.com\/fr\/wp-json\/wp\/v2\/categories?post=402825"},{"taxonomy":"post_tag","embeddable":true,"href":"https:\/\/www.europesays.com\/fr\/wp-json\/wp\/v2\/tags?post=402825"}],"curies":[{"name":"wp","href":"https:\/\/api.w.org\/{rel}","templated":true}]}}