{"id":402827,"date":"2025-09-19T17:13:11","date_gmt":"2025-09-19T17:13:11","guid":{"rendered":"https:\/\/www.europesays.com\/fr\/402827\/"},"modified":"2025-09-19T17:13:11","modified_gmt":"2025-09-19T17:13:11","slug":"colmar-douglas-kennedy-sera-linvite-dhonneur-du-festival-du-livre","status":"publish","type":"post","link":"https:\/\/www.europesays.com\/fr\/402827\/","title":{"rendered":"Colmar. Douglas Kennedy sera l\u2019invit\u00e9 d\u2019honneur du Festival du livre"},"content":{"rendered":"<p>Le 36e Festival du livre de Colmar, qui se d\u00e9roulera les 22 et 23\u00a0novembre prochains sur le th\u00e8me \u00ab\u00a0Au fil des mots\u00a0\u00bb, vient de d\u00e9voiler le nom de son invit\u00e9 d\u2019honneur\u00a0: ce sera l\u2019\u00e9crivain am\u00e9ricain Douglas Kennedy. L\u2019auteur de L\u2019homme qui voulait vivre sa vie viendra pr\u00e9senter son dernier opus Ailleurs chez moi dans lequel il poursuit sa r\u00e9flexion sur cette Am\u00e9rique, plus d\u00e9sunie que jamais. Pr\u00e9sent pour la toute premi\u00e8re fois \u00e0 Colmar, son regard ac\u00e9r\u00e9 sur les Etats \u00ab\u00a0d\u00e9sunis\u00a0\u00bb, comme il les appelle, en fera un des temps forts du festival.<\/p>\n<p>Dans un autre style, Rapha\u00eblle Giordano de son c\u00f4t\u00e9 sera la marraine de cette \u00e9dition 2025. <a href=\"https:\/\/www.dna.fr\/culture-loisirs\/2024\/11\/20\/raphaelle-giordano-imagine-une-darons-academy\" target=\"_blank\" rel=\"noopener\">D\u00e9j\u00e0 pr\u00e9sente l\u2019an pass\u00e9<\/a> , elle revient avec une \u00e9dition collector de son dernier roman Et ils v\u00e9curent heureux malgr\u00e9 tous leurs enfants. Comme chaque ann\u00e9e, une maison d\u2019\u00e9dition sera mise \u00e0 l\u2019honneur. Cette fois-ci, ce seront les toutes jeunes Editions R\u00e9camier, cr\u00e9\u00e9es \u00e0 la rentr\u00e9e litt\u00e9raire 2023. Leur fondatrice C\u00e9line Thoulouze viendra accompagn\u00e9e de quatre de ses plumes\u00a0: R\u00e9gis Jauffret, Ariane Bois, Isabelle Lagarrigue et Rapha\u00eblle Giordano.<\/p>\n","protected":false},"excerpt":{"rendered":"Le 36e Festival du livre de Colmar, qui se d\u00e9roulera les 22 et 23\u00a0novembre prochains sur le th\u00e8me&hellip;\n","protected":false},"author":2,"featured_media":402828,"comment_status":"","ping_status":"","sticky":false,"template":"","format":"standard","meta":{"footnotes":""},"categories":[1357],"tags":[2389,1379,5065,1687,58,2413,59,107,1011,27,1380,2410,14851],"class_list":{"0":"post-402827","1":"post","2":"type-post","3":"status-publish","4":"format-standard","5":"has-post-thumbnail","7":"category-livres","8":"tag-alsace","9":"tag-books","10":"tag-colmar","11":"tag-culture-loisirs","12":"tag-divertissement","13":"tag-edition-colmar-guebwiller","14":"tag-entertainment","15":"tag-fil-info","16":"tag-fr","17":"tag-france","18":"tag-livres","19":"tag-livres-bd","20":"tag-secteur-de-colmar"},"share_on_mastodon":{"url":"","error":""},"_links":{"self":[{"href":"https:\/\/www.europesays.com\/fr\/wp-json\/wp\/v2\/posts\/402827","targetHints":{"allow":["GET"]}}],"collection":[{"href":"https:\/\/www.europesays.com\/fr\/wp-json\/wp\/v2\/posts"}],"about":[{"href":"https:\/\/www.europesays.com\/fr\/wp-json\/wp\/v2\/types\/post"}],"author":[{"embeddable":true,"href":"https:\/\/www.europesays.com\/fr\/wp-json\/wp\/v2\/users\/2"}],"replies":[{"embeddable":true,"href":"https:\/\/www.europesays.com\/fr\/wp-json\/wp\/v2\/comments?post=402827"}],"version-history":[{"count":0,"href":"https:\/\/www.europesays.com\/fr\/wp-json\/wp\/v2\/posts\/402827\/revisions"}],"wp:featuredmedia":[{"embeddable":true,"href":"https:\/\/www.europesays.com\/fr\/wp-json\/wp\/v2\/media\/402828"}],"wp:attachment":[{"href":"https:\/\/www.europesays.com\/fr\/wp-json\/wp\/v2\/media?parent=402827"}],"wp:term":[{"taxonomy":"category","embeddable":true,"href":"https:\/\/www.europesays.com\/fr\/wp-json\/wp\/v2\/categories?post=402827"},{"taxonomy":"post_tag","embeddable":true,"href":"https:\/\/www.europesays.com\/fr\/wp-json\/wp\/v2\/tags?post=402827"}],"curies":[{"name":"wp","href":"https:\/\/api.w.org\/{rel}","templated":true}]}}