{"id":402837,"date":"2025-09-19T17:18:11","date_gmt":"2025-09-19T17:18:11","guid":{"rendered":"https:\/\/www.europesays.com\/fr\/402837\/"},"modified":"2025-09-19T17:18:11","modified_gmt":"2025-09-19T17:18:11","slug":"luca-zidane-deuxieme-fils-de-zinedine-va-defendre-les-couleurs-de-lalgerie","status":"publish","type":"post","link":"https:\/\/www.europesays.com\/fr\/402837\/","title":{"rendered":"Luca Zidane, deuxi\u00e8me fils de Zin\u00e9dine, va d\u00e9fendre les couleurs de l\u2019Alg\u00e9rie"},"content":{"rendered":"<p>Luca Zidane, le deuxi\u00e8me fils de la l\u00e9gende des Bleus <a href=\"https:\/\/www.20minutes.fr\/sport\/zinedine_zidane\/\" target=\"_blank\" class=\"c-link c-link--is-underlined\" rel=\"noopener\">Zin\u00e9dine<\/a>, a choisi de changer de nationalit\u00e9 sportive. L\u2019actuel gardien de Malaga, en deuxi\u00e8me division espagnole, va d\u00e9sormais repr\u00e9senter l\u2019Alg\u00e9rie, comme l\u2019a confirm\u00e9 la <a href=\"https:\/\/www.20minutes.fr\/sport\/fifa\/\" target=\"_blank\" class=\"c-link c-link--is-underlined\" rel=\"noopener\">Fifa<\/a> ce vendredi sur <a href=\"https:\/\/knowledge.fifa.com\/change-of-association-platform\" rel=\"nofollow noopener\" target=\"_blank\" class=\"c-link c-link--is-underlined\">sa plateforme officielle<\/a>.<\/p>\n<p>La Coupe du monde dans le viseur<\/p>\n<p>Ag\u00e9 de 27 ans, le gardien de but form\u00e9 au <a href=\"https:\/\/www.20minutes.fr\/sport\/real_madrid\/\" target=\"_blank\" class=\"c-link c-link--is-underlined\" rel=\"noopener\">Real Madrid<\/a> avait \u00e9t\u00e9 s\u00e9lectionn\u00e9 dans toutes les \u00e9quipes de France des U16 aux U20. Il avait remport\u00e9 le titre de champion d\u2019Europe avec les moins de 17 ans, en\u00a02015.<\/p>\n<\/p>\n<p>Pass\u00e9 dans sa carri\u00e8re au Racing Santander, au Rayo Vallecano et \u00e0 Eibar, Luca Zidane est donc \u00e0 disposition du s\u00e9lectionneur des Fennecs, Vladimir Petkovic. Ce dernier pourrait le retenir dans sa liste d\u00e8s le mois prochain, pour les deux rencontres \u00e0 venir contre la Somalie (9\u00a0octobre) et l\u2019Ouganda (14\u00a0octobre) en qualifications \u00e0 la <a href=\"https:\/\/www.20minutes.fr\/sport\/football\/coupe-monde-2026\/\" target=\"_blank\" class=\"c-link c-link--is-underlined\" rel=\"noopener\">Coupe du monde<\/a>. Actuellement en t\u00eate de son groupe avec six victoires en huit matchs, l\u2019Alg\u00e9rie est bien partie pour voir les Etats-Unis, le Mexique et le Canada l\u2019\u00e9t\u00e9 prochain.<\/p>\n","protected":false},"excerpt":{"rendered":"Luca Zidane, le deuxi\u00e8me fils de la l\u00e9gende des Bleus Zin\u00e9dine, a choisi de changer de nationalit\u00e9 sportive.&hellip;\n","protected":false},"author":2,"featured_media":402838,"comment_status":"","ping_status":"","sticky":false,"template":"","format":"standard","meta":{"footnotes":""},"categories":[9],"tags":[15,6713,63,1011,27,517,60,24863],"class_list":{"0":"post-402837","1":"post","2":"type-post","3":"status-publish","4":"format-standard","5":"has-post-thumbnail","7":"category-sports","8":"tag-algerie","9":"tag-equipe-de-france-de-football","10":"tag-football","11":"tag-fr","12":"tag-france","13":"tag-sport","14":"tag-sports","15":"tag-zinedine-zidane"},"share_on_mastodon":{"url":"https:\/\/pubeurope.com\/@fr\/115232106497427009","error":""},"_links":{"self":[{"href":"https:\/\/www.europesays.com\/fr\/wp-json\/wp\/v2\/posts\/402837","targetHints":{"allow":["GET"]}}],"collection":[{"href":"https:\/\/www.europesays.com\/fr\/wp-json\/wp\/v2\/posts"}],"about":[{"href":"https:\/\/www.europesays.com\/fr\/wp-json\/wp\/v2\/types\/post"}],"author":[{"embeddable":true,"href":"https:\/\/www.europesays.com\/fr\/wp-json\/wp\/v2\/users\/2"}],"replies":[{"embeddable":true,"href":"https:\/\/www.europesays.com\/fr\/wp-json\/wp\/v2\/comments?post=402837"}],"version-history":[{"count":0,"href":"https:\/\/www.europesays.com\/fr\/wp-json\/wp\/v2\/posts\/402837\/revisions"}],"wp:featuredmedia":[{"embeddable":true,"href":"https:\/\/www.europesays.com\/fr\/wp-json\/wp\/v2\/media\/402838"}],"wp:attachment":[{"href":"https:\/\/www.europesays.com\/fr\/wp-json\/wp\/v2\/media?parent=402837"}],"wp:term":[{"taxonomy":"category","embeddable":true,"href":"https:\/\/www.europesays.com\/fr\/wp-json\/wp\/v2\/categories?post=402837"},{"taxonomy":"post_tag","embeddable":true,"href":"https:\/\/www.europesays.com\/fr\/wp-json\/wp\/v2\/tags?post=402837"}],"curies":[{"name":"wp","href":"https:\/\/api.w.org\/{rel}","templated":true}]}}