{"id":402851,"date":"2025-09-19T17:25:16","date_gmt":"2025-09-19T17:25:16","guid":{"rendered":"https:\/\/www.europesays.com\/fr\/402851\/"},"modified":"2025-09-19T17:25:16","modified_gmt":"2025-09-19T17:25:16","slug":"le-chambon-feugerolles-ilots-vegetalises-arbres-bacs-de-jardinage-les-cours-decole-se-mettent-au-vert","status":"publish","type":"post","link":"https:\/\/www.europesays.com\/fr\/402851\/","title":{"rendered":"Le Chambon-Feugerolles. \u00celots v\u00e9g\u00e9talis\u00e9s, arbres, bacs de jardinage\u2026 Les cours d\u2019\u00e9cole se mettent au vert"},"content":{"rendered":"<p>Les r\u00e9flexions se poursuivent pour rafra\u00eechir les cours d\u2019\u00e9cole. Le premier \u00eelot v\u00e9g\u00e9talis\u00e9 et des bacs de jardinage ont vu le jour en 2020 \u00e0 l\u2019\u00e9cole primaire de la Pauzi\u00e8re, financ\u00e9 \u00e0 15\u00a0000\u00a0euros par Saint-\u00c9tienne M\u00e9tropole.<\/p>\n<p>\u00ab\u00a0Cela r\u00e9pond \u00e0 la fois au changement climatique et aux changements de pratique chez les \u00e9quipes enseignantes qui \u00e9valuent les besoins et avec lesquelles nous collaborons\u00a0\u00bb, souligne David Fara, le maire du Chambon-Feugerolles.<\/p>\n<p>Des espaces de jeux rafra\u00eechissants<\/p>\n<p>D\u00e9couvrir le b\u00e9ton des sols pour&#8230;<\/p>\n","protected":false},"excerpt":{"rendered":"Les r\u00e9flexions se poursuivent pour rafra\u00eechir les cours d\u2019\u00e9cole. Le premier \u00eelot v\u00e9g\u00e9talis\u00e9 et des bacs de jardinage&hellip;\n","protected":false},"author":2,"featured_media":402852,"comment_status":"","ping_status":"","sticky":false,"template":"","format":"standard","meta":{"footnotes":""},"categories":[9653],"tags":[1111,11,2430,6698,12162,7539,1057,436,1777,674,1011,27,9588,12161,10425,12,5140,25,4001],"class_list":{"0":"post-402851","1":"post","2":"type-post","3":"status-publish","4":"format-standard","5":"has-post-thumbnail","7":"category-saint-etienne","8":"tag-actu","9":"tag-actualites","10":"tag-auvergne-rhone-alpes","11":"tag-canicule","12":"tag-chambon-feugerolles-ville","13":"tag-edition-loire-sud","14":"tag-education","15":"tag-environnement","16":"tag-eu","17":"tag-europe","18":"tag-fr","19":"tag-france","20":"tag-ici-on-agit","21":"tag-le-chambon-feugerolles","22":"tag-maternelle-elementaire","23":"tag-news","24":"tag-rechauffement-climatique","25":"tag-republique-francaise","26":"tag-saint-etienne"},"share_on_mastodon":{"url":"https:\/\/pubeurope.com\/@fr\/115232134397108477","error":""},"_links":{"self":[{"href":"https:\/\/www.europesays.com\/fr\/wp-json\/wp\/v2\/posts\/402851","targetHints":{"allow":["GET"]}}],"collection":[{"href":"https:\/\/www.europesays.com\/fr\/wp-json\/wp\/v2\/posts"}],"about":[{"href":"https:\/\/www.europesays.com\/fr\/wp-json\/wp\/v2\/types\/post"}],"author":[{"embeddable":true,"href":"https:\/\/www.europesays.com\/fr\/wp-json\/wp\/v2\/users\/2"}],"replies":[{"embeddable":true,"href":"https:\/\/www.europesays.com\/fr\/wp-json\/wp\/v2\/comments?post=402851"}],"version-history":[{"count":0,"href":"https:\/\/www.europesays.com\/fr\/wp-json\/wp\/v2\/posts\/402851\/revisions"}],"wp:featuredmedia":[{"embeddable":true,"href":"https:\/\/www.europesays.com\/fr\/wp-json\/wp\/v2\/media\/402852"}],"wp:attachment":[{"href":"https:\/\/www.europesays.com\/fr\/wp-json\/wp\/v2\/media?parent=402851"}],"wp:term":[{"taxonomy":"category","embeddable":true,"href":"https:\/\/www.europesays.com\/fr\/wp-json\/wp\/v2\/categories?post=402851"},{"taxonomy":"post_tag","embeddable":true,"href":"https:\/\/www.europesays.com\/fr\/wp-json\/wp\/v2\/tags?post=402851"}],"curies":[{"name":"wp","href":"https:\/\/api.w.org\/{rel}","templated":true}]}}