{"id":402856,"date":"2025-09-19T17:28:31","date_gmt":"2025-09-19T17:28:31","guid":{"rendered":"https:\/\/www.europesays.com\/fr\/402856\/"},"modified":"2025-09-19T17:28:31","modified_gmt":"2025-09-19T17:28:31","slug":"deux-des-trois-interpelles-devant-le-tribunal-lundi","status":"publish","type":"post","link":"https:\/\/www.europesays.com\/fr\/402856\/","title":{"rendered":"deux des trois interpell\u00e9s devant le tribunal lundi"},"content":{"rendered":"<p>Si la <a href=\"https:\/\/www.estrepublicain.fr\/social\/2025\/09\/19\/manifestation-du-18-septembre-plus-de-3-000-personnes-dans-les-rues-de-nancy\" target=\"_blank\" rel=\"noopener\">manifestation syndicale,<\/a> ayant rassembl\u00e9 plus de 3\u00a0500 personnes, s\u2019est d\u00e9roul\u00e9e sans accrocs, ce jeudi 18\u00a0septembre, la dispersion s\u2019est voulue plus agit\u00e9e.\u00a0Non pas dans les rangs des contestataires mais plut\u00f4t dans ceux de l\u2019ultragauche, positionn\u00e9e devant le cort\u00e8ge, \u00e0 plusieurs dizaines de m\u00e8tres.<\/p>\n<p>Un groupe a manifest\u00e9 son hostilit\u00e9 au capitalisme en s\u2019en prenant au restaurant McDonald\u2019s de la rue Saint-Dizier, en mettant le feu \u00e0 un amas de papier devant l\u2019entr\u00e9e et en d\u00e9gradant la vitrine.<\/p>\n<p>Trois hommes ont \u00e9t\u00e9 interpell\u00e9s. Le premier \u00e0 16\u00a0h\u00a050 par la brigade anticriminalit\u00e9. \u00c2g\u00e9 de 19 ans, il est reproch\u00e9 \u00e0 ce Nanc\u00e9ien d\u2019avoir lanc\u00e9 une tuile dans la vitre du fast-food. Vitrine portant des stigmates \u00e9toil\u00e9s de cet acte.<\/p>\n<p>Une demi-heure plus tard, un autre manifestant de l\u2019ultragauche a \u00e9t\u00e9 plac\u00e9 en garde \u00e0 vue pour outrage et r\u00e9bellion envers des personnes d\u00e9positaires de l\u2019autorit\u00e9 publique. \u00c2g\u00e9 de 28 ans et habitant Saint-Max, il devrait \u00eatre d\u00e9f\u00e9r\u00e9, comme son coll\u00e8gue, ce samedi devant le procureur de la R\u00e9publique, en vue d\u2019une comparution imm\u00e9diate lundi, devant le tribunal correctionnel de Nancy.<\/p>\n<p>Enfin, un troisi\u00e8me homme a fait l\u2019objet d\u2019une ordonnance p\u00e9nale pour \u00ab\u00a0participation \u00e0 une manifestation avec le visage dissimul\u00e9\u00a0\u00bb.<\/p>\n","protected":false},"excerpt":{"rendered":"Si la manifestation syndicale, ayant rassembl\u00e9 plus de 3\u00a0500 personnes, s\u2019est d\u00e9roul\u00e9e sans accrocs, ce jeudi 18\u00a0septembre, la&hellip;\n","protected":false},"author":2,"featured_media":402857,"comment_status":"","ping_status":"","sticky":false,"template":"","format":"standard","meta":{"footnotes":""},"categories":[9635],"tags":[1111,11,271,272,1704,1777,674,274,1011,27,775,3457,1702,1703,12,25],"class_list":{"0":"post-402856","1":"post","2":"type-post","3":"status-publish","4":"format-standard","5":"has-post-thumbnail","7":"category-nancy","8":"tag-actu","9":"tag-actualites","10":"tag-crime","11":"tag-delit-et-contravention","12":"tag-edition-nancy-et-agglomeration","13":"tag-eu","14":"tag-europe","15":"tag-faits-divers-justice","16":"tag-fr","17":"tag-france","18":"tag-grand-est","19":"tag-meurthe-et-moselle","20":"tag-nancy","21":"tag-nancy-ville-54b","22":"tag-news","23":"tag-republique-francaise"},"share_on_mastodon":{"url":"https:\/\/pubeurope.com\/@fr\/115232145824087150","error":""},"_links":{"self":[{"href":"https:\/\/www.europesays.com\/fr\/wp-json\/wp\/v2\/posts\/402856","targetHints":{"allow":["GET"]}}],"collection":[{"href":"https:\/\/www.europesays.com\/fr\/wp-json\/wp\/v2\/posts"}],"about":[{"href":"https:\/\/www.europesays.com\/fr\/wp-json\/wp\/v2\/types\/post"}],"author":[{"embeddable":true,"href":"https:\/\/www.europesays.com\/fr\/wp-json\/wp\/v2\/users\/2"}],"replies":[{"embeddable":true,"href":"https:\/\/www.europesays.com\/fr\/wp-json\/wp\/v2\/comments?post=402856"}],"version-history":[{"count":0,"href":"https:\/\/www.europesays.com\/fr\/wp-json\/wp\/v2\/posts\/402856\/revisions"}],"wp:featuredmedia":[{"embeddable":true,"href":"https:\/\/www.europesays.com\/fr\/wp-json\/wp\/v2\/media\/402857"}],"wp:attachment":[{"href":"https:\/\/www.europesays.com\/fr\/wp-json\/wp\/v2\/media?parent=402856"}],"wp:term":[{"taxonomy":"category","embeddable":true,"href":"https:\/\/www.europesays.com\/fr\/wp-json\/wp\/v2\/categories?post=402856"},{"taxonomy":"post_tag","embeddable":true,"href":"https:\/\/www.europesays.com\/fr\/wp-json\/wp\/v2\/tags?post=402856"}],"curies":[{"name":"wp","href":"https:\/\/api.w.org\/{rel}","templated":true}]}}