{"id":40289,"date":"2025-04-21T01:26:09","date_gmt":"2025-04-21T01:26:09","guid":{"rendered":"https:\/\/www.europesays.com\/fr\/40289\/"},"modified":"2025-04-21T01:26:09","modified_gmt":"2025-04-21T01:26:09","slug":"asse-ol-2-1-je-suis-desole-pour-nos-supporters-sexcuse-john-textor","status":"publish","type":"post","link":"https:\/\/www.europesays.com\/fr\/40289\/","title":{"rendered":"ASSE &#8211; OL (2-1) : \u00ab\u00a0je suis d\u00e9sol\u00e9 pour nos supporters\u00a0\u00bb s&rsquo;excuse John Textor"},"content":{"rendered":"<p>John Textor, le propri\u00e9taire de l&rsquo;OL, a pris la parole apr\u00e8s la d\u00e9faite de Lyon dans le derby face \u00e0 Saint-\u00c9tienne (2-1). Un revers douloureux pour les Gones, trois jours apr\u00e8s le cauchemar contre Manchester United, auquel l&rsquo;homme d&rsquo;affaires am\u00e9ricain a r\u00e9agi avec franchise et agacement.<\/p>\n<p>Le <b>propri\u00e9taire <\/b>de <b>l&rsquo;OL John Textor <\/b>a pris la parole apr\u00e8s le derby perdu \u00e0 <b>Saint-\u00c9tienne (2-1)<\/b>, dimanche 20 avril pour le choc de la 30e journ\u00e9e de Ligue 1.<img loading=\"lazy\" decoding=\"async\" src=\"https:\/\/www.europesays.com\/fr\/wp-content\/uploads\/2025\/04\/1745198769_332_img\" width=\"350\" height=\"200\" border=\"0\" title=\"Les joueurs de l'OL concentr\u00c3\u00a9s dans leur bulle avant le 126e derby de l'histoire au stade Geoffroy Guichard.\"\/><\/p>\n<p>\u25baFootball<\/p>\n<p style=\"font-size: 22px;\"><b>ASSE &#8211; OL (2-1) : semaine noire pour les Gones qui perdent le derby apr\u00e8s Manchester<\/b><\/p>\n<p>L&rsquo;OL s&rsquo;incline sur la pelouse de l&rsquo;AS Saint-\u00c9tienne&#8230;<\/p>\n<p>R\u00e9pondant aux questions des m\u00e9dias, l&rsquo;am\u00e9ricain a livr\u00e9 un discours marqu\u00e9 par la d\u00e9ception, la col\u00e8re contre l&rsquo;arbitrage, et une forme de solidarit\u00e9 avec les supporters lyonnais.<\/p>\n<p>\u00ab\u00a0On n&rsquo;\u00e9tait pas au niveau\u00a0\u00bb<\/p>\n<blockquote><p>\u00ab\u00a0On a d\u00e9\u00e7u nos supporters. On n&rsquo;\u00e9tait pas au niveau. La fatigue se voyait clairement sur le onze de d\u00e9part.\u00a0\u00bb<\/p><\/blockquote>\n<p>\u00ab\u00a0C&rsquo;\u00e9tait un carton rouge direct\u00a0\u00bb<\/p>\n<p>Mais ce sont surtout les d\u00e9cisions arbitrales qui ont fait bondir le boss de l&rsquo;OL.<\/p>\n<p>\u00a0En ligne de mire : le carton rouge non-inflig\u00e9e \u00e0 Lucas Stassin apr\u00e8s la faute sur Corentin Tolisso \u00e0 et l&rsquo;attitude de la VAR.\u00a0<\/p>\n<blockquote><p>\u00ab\u00a0C&rsquo;\u00e9tait un carton rouge direct, et pourtant, il n&rsquo;y a m\u00eame pas eu de remise en question. L&rsquo;arbitre a fini par admettre qu&rsquo;il s&rsquo;\u00e9tait tromp\u00e9. Et le joueur st\u00e9phanois fautif a marqu\u00e9 deux fois ensuite\u2026 Il n&rsquo;aurait m\u00eame pas d\u00fb \u00eatre sur le terrain\u00a0\u00bb, a martel\u00e9 Textor, visiblement abasourdi.<\/p><\/blockquote>\n<p>\u00ab\u00a0La qualit\u00e9 de l&rsquo;arbitrage est un vrai probl\u00e8me\u00a0\u00bb<\/p>\n<p>Face \u00e0 ce qu&rsquo;il juge comme une accumulation d&rsquo;injustices, notamment apr\u00e8s le match europ\u00e9en \u00e0 Manchester, il d\u00e9plore une certaine impuissance :<\/p>\n<blockquote><p>\u00ab\u00a0On a d\u00e9j\u00e0 port\u00e9 plainte plusieurs fois apr\u00e8s des erreurs, mais rien ne change. Avec toutes les cam\u00e9ras aujourd&rsquo;hui, c&rsquo;est incompr\u00e9hensible. La qualit\u00e9 de l&rsquo;arbitrage est un vrai probl\u00e8me.\u00a0\u00bb<\/p><\/blockquote>\n<p>Malgr\u00e9 tout, John Textor n&rsquo;a pas voulu sombrer dans le fatalisme :<\/p>\n<blockquote><p>\u00ab\u00a0On a mieux jou\u00e9 ensuite, mais oui, c&rsquo;\u00e9tait compliqu\u00e9. Je ne fais pas les r\u00e8gles en France. Je suis surpris de la fa\u00e7on dont \u00e7a a \u00e9t\u00e9 g\u00e9r\u00e9.\u00a0\u00bb<\/p><\/blockquote>\n<p>Enfin, il a conclu en envoyant un message d&rsquo;unit\u00e9 au-del\u00e0 des couleurs :<\/p>\n<blockquote><p>\u00ab\u00a0Je soutiens toutes les \u00e9quipes fran\u00e7aises en Europe, m\u00eame le PSG.\u00a0\u00bb<\/p><\/blockquote>\n<p>Un discours qui n&rsquo;est pas pass\u00e9 inaper\u00e7u, dans un moment o\u00f9 la frustration est grande c\u00f4t\u00e9 lyonnais \u00e0 l&rsquo;issue d&rsquo;une semaine de tous les regrets.<\/p>\n<p><img loading=\"lazy\" decoding=\"async\" src=\"https:\/\/www.europesays.com\/fr\/wp-content\/uploads\/2025\/04\/1745198769_332_img\" width=\"350\" height=\"200\" border=\"0\" title=\"Les joueurs de l'OL concentr\u00c3\u00a9s dans leur bulle avant le 126e derby de l'histoire au stade Geoffroy Guichard.\"\/><\/p>\n<p>\u25baFootball<\/p>\n<p style=\"font-size: 22px;\"><b>ASSE &#8211; OL (2-1) : semaine noire pour les Gones qui perdent le derby apr\u00e8s Manchester<\/b><\/p>\n<p>L&rsquo;OL s&rsquo;incline sur la pelouse de l&rsquo;AS Saint-\u00c9tienne&#8230;<\/p>\n<p><\/p>\n","protected":false},"excerpt":{"rendered":"John Textor, le propri\u00e9taire de l&rsquo;OL, a pris la parole apr\u00e8s la d\u00e9faite de Lyon dans le derby&hellip;\n","protected":false},"author":2,"featured_media":40290,"comment_status":"","ping_status":"","sticky":false,"template":"","format":"standard","meta":{"footnotes":""},"categories":[9653],"tags":[1111,11,9839,2430,9840,1777,674,1011,27,12428,66,2428,12,25,9920,4001,12429],"class_list":{"0":"post-40289","1":"post","2":"type-post","3":"status-publish","4":"format-standard","5":"has-post-thumbnail","7":"category-saint-etienne","8":"tag-actu","9":"tag-actualites","10":"tag-asse-ol","11":"tag-auvergne-rhone-alpes","12":"tag-derby","13":"tag-eu","14":"tag-europe","15":"tag-fr","16":"tag-france","17":"tag-john-textor","18":"tag-ligue-1","19":"tag-lyon","20":"tag-news","21":"tag-republique-francaise","22":"tag-saint-tienne","23":"tag-saint-etienne","24":"tag-textor"},"share_on_mastodon":{"url":"https:\/\/pubeurope.com\/@fr\/114373353990687422","error":""},"_links":{"self":[{"href":"https:\/\/www.europesays.com\/fr\/wp-json\/wp\/v2\/posts\/40289","targetHints":{"allow":["GET"]}}],"collection":[{"href":"https:\/\/www.europesays.com\/fr\/wp-json\/wp\/v2\/posts"}],"about":[{"href":"https:\/\/www.europesays.com\/fr\/wp-json\/wp\/v2\/types\/post"}],"author":[{"embeddable":true,"href":"https:\/\/www.europesays.com\/fr\/wp-json\/wp\/v2\/users\/2"}],"replies":[{"embeddable":true,"href":"https:\/\/www.europesays.com\/fr\/wp-json\/wp\/v2\/comments?post=40289"}],"version-history":[{"count":0,"href":"https:\/\/www.europesays.com\/fr\/wp-json\/wp\/v2\/posts\/40289\/revisions"}],"wp:featuredmedia":[{"embeddable":true,"href":"https:\/\/www.europesays.com\/fr\/wp-json\/wp\/v2\/media\/40290"}],"wp:attachment":[{"href":"https:\/\/www.europesays.com\/fr\/wp-json\/wp\/v2\/media?parent=40289"}],"wp:term":[{"taxonomy":"category","embeddable":true,"href":"https:\/\/www.europesays.com\/fr\/wp-json\/wp\/v2\/categories?post=40289"},{"taxonomy":"post_tag","embeddable":true,"href":"https:\/\/www.europesays.com\/fr\/wp-json\/wp\/v2\/tags?post=40289"}],"curies":[{"name":"wp","href":"https:\/\/api.w.org\/{rel}","templated":true}]}}