{"id":402894,"date":"2025-09-19T17:49:09","date_gmt":"2025-09-19T17:49:09","guid":{"rendered":"https:\/\/www.europesays.com\/fr\/402894\/"},"modified":"2025-09-19T17:49:09","modified_gmt":"2025-09-19T17:49:09","slug":"art-design-mode-food-court-le-plus-grand-evenement-vintage-de-france-arrive-a-toulouse","status":"publish","type":"post","link":"https:\/\/www.europesays.com\/fr\/402894\/","title":{"rendered":"Art, design, mode, food-court&#8230; Le plus grand \u00e9v\u00e8nement vintage de France arrive \u00e0 Toulouse"},"content":{"rendered":"<p>            Par<br \/>\n        <strong><br \/>\n            <a href=\"https:\/\/actu.fr\/auteur\/lea-afonso\" title=\"Consulter tous les articles de L\u00e9a Afonso\" target=\"_blank\" rel=\"noopener\">L\u00e9a Afonso<\/a><br \/>\n        <\/strong><\/p>\n<p>        Publi\u00e9 le<\/p>\n<p>            19 sept. 2025 \u00e0 19h32        <\/p>\n<p><a href=\"https:\/\/actu.fr\/toulouse\/\" target=\"_blank\" rel=\"noopener\">Toulouse<\/a> aime les grands rendez-vous, et ce n\u2019est pas une surprise. Entre <a href=\"https:\/\/actu.fr\/occitanie\/toulouse_31555\/toulouse-le-rose-c-est-un-festival-qui-a-la-ferveur-d-une-fete-de-village_63068199.html\" target=\"_blank\" rel=\"noopener\">festivals<\/a>, <a href=\"https:\/\/actu.fr\/toulouse\/loisirs-culture\/expo\" target=\"_blank\" rel=\"noopener\">expositions<\/a> et <a href=\"https:\/\/actu.fr\/toulouse\/loisirs-culture\" target=\"_blank\" rel=\"noopener\">animations<\/a> en tout genre, la Ville rose vit au rythme des \u00e9v\u00e9nements. Et le week-end des <strong>20 et 21\u00a0septembre,<\/strong> en parall\u00e8le des <a href=\"https:\/\/actu.fr\/occitanie\/toulouse_31555\/journees-du-patrimoine-a-toulouse-voici-5-visites-pour-decouvrir-les-coulisses-de-la-ville-rose_63088294.html\" target=\"_blank\" rel=\"noopener\">Journ\u00e9es europ\u00e9ennes du patrimoine<\/a>, un nouveau temps fort s\u2019annonce au MIN (March\u00e9 d\u2019Int\u00e9r\u00eat National)\u2009: le<strong> plus grand salon vintage de France.<\/strong><\/p>\n<p>Plong\u00e9e dans l\u2019univers du vintage<\/p>\n<p class=\" wall-content\">Pendant deux jours, <strong>150\u00a0exposants venus<\/strong> de toute la France investiront les<strong> 4\u2009000 m\u00b2 du MIN<\/strong> pour c\u00e9l\u00e9brer l\u2019art de vivre \u00e0 la mode r\u00e9tro. Mobilier et objets de d\u00e9coration, pi\u00e8ces embl\u00e9matiques du design, bijoux, v\u00eatements, vinyles collectors et m\u00eame voitures de collection\u2026 Le public pourra fl\u00e2ner au milieu de v\u00e9ritables tr\u00e9sors, expos\u00e9s comme dans un mus\u00e9e vivant.<\/p>\n<p>Un food-court pour prolonger l\u2019exp\u00e9rience<\/p>\n<p class=\" wall-content\">Pour que les visiteurs puissent profiter pleinement de la journ\u00e9e, un<strong> espace food-court<\/strong> sera install\u00e9 sur place. Plusieurs<strong> food-trucks<\/strong> proposeront une offre vari\u00e9e, de quoi satisfaire toutes les envies gourmandes entre deux stands.<\/p>\n<p>Ateliers et bonnes id\u00e9es \u00e0 ramener chez soi<\/p>\n<p class=\" wall-content\">L\u2019\u00e9v\u00e9nement ne se contente pas de montrer\u2009: il invite aussi \u00e0 faire. Les plus curieux pourront participer \u00e0 un <strong>atelier de relooking de meubles<\/strong>, samedi et dimanche de 11\u2009h \u00e0 15\u2009h. Au programme\u2009: pr\u00e9sentation du projet, nettoyage, pon\u00e7age, peinture \u00e0 la craie, finitions et conseils personnalis\u00e9s. Une occasion parfaite pour apprendre \u00e0 donner une seconde vie \u00e0 ses meubles.<\/p>\n<p>Infos pratiques\u2009:<br \/>\nAdresse\u2009: Grand March\u00e9 MIN, 200 Avenue des \u00c9tats-Unis, 31200 Toulouse<br \/>\nHoraires\u2009: de 10h \u00e0 18h30<br \/>\nTarifs\u2009: 7\u20ac sur place, gratuit pour les moins de 8\u00a0ans, <a href=\"https:\/\/my.weezevent.com\/salon-du-vintage-toulouse-2025\" target=\"_blank\" rel=\"noopener\">billetterie<\/a><br \/>\nMetro Vache \u2013 Parking sur place (500 places gratuites).Vid\u00e9os : en ce moment sur Actu<\/p>\n<p class=\" wall-content\">Personnalisez votre actualit\u00e9 en ajoutant vos villes et m\u00e9dias en favori avec <a href=\"https:\/\/moncompte.actu.fr\" title=\"D\u00e9couvez Mon Actu\" rel=\"nofollow noopener\" data-trk=\"{&quot;cta&quot;:{&quot;action&quot;:&quot;https:\\\/\\\/moncompte.actu.fr&quot;,&quot;category&quot;:&quot;mon compte&quot;,&quot;from&quot;:&quot;article footer&quot;,&quot;name&quot;:&quot;Mon actu&quot;,&quot;type&quot;:&quot;cta&quot;}}\" target=\"_blank\">Mon Actu<\/a>.<\/p>\n","protected":false},"excerpt":{"rendered":"Par L\u00e9a Afonso Publi\u00e9 le 19 sept. 2025 \u00e0 19h32 Toulouse aime les grands rendez-vous, et ce n\u2019est&hellip;\n","protected":false},"author":2,"featured_media":402895,"comment_status":"","ping_status":"","sticky":false,"template":"","format":"standard","meta":{"footnotes":""},"categories":[2816],"tags":[1111,11,1777,674,1011,27,1652,12,2680,25,1341,2312],"class_list":{"0":"post-402894","1":"post","2":"type-post","3":"status-publish","4":"format-standard","5":"has-post-thumbnail","7":"category-toulouse","8":"tag-actu","9":"tag-actualites","10":"tag-eu","11":"tag-europe","12":"tag-fr","13":"tag-france","14":"tag-loisirs-culture","15":"tag-news","16":"tag-occitanie","17":"tag-republique-francaise","18":"tag-sortir-a-toulouse","19":"tag-toulouse"},"share_on_mastodon":{"url":"https:\/\/pubeurope.com\/@fr\/115232228286182296","error":""},"_links":{"self":[{"href":"https:\/\/www.europesays.com\/fr\/wp-json\/wp\/v2\/posts\/402894","targetHints":{"allow":["GET"]}}],"collection":[{"href":"https:\/\/www.europesays.com\/fr\/wp-json\/wp\/v2\/posts"}],"about":[{"href":"https:\/\/www.europesays.com\/fr\/wp-json\/wp\/v2\/types\/post"}],"author":[{"embeddable":true,"href":"https:\/\/www.europesays.com\/fr\/wp-json\/wp\/v2\/users\/2"}],"replies":[{"embeddable":true,"href":"https:\/\/www.europesays.com\/fr\/wp-json\/wp\/v2\/comments?post=402894"}],"version-history":[{"count":0,"href":"https:\/\/www.europesays.com\/fr\/wp-json\/wp\/v2\/posts\/402894\/revisions"}],"wp:featuredmedia":[{"embeddable":true,"href":"https:\/\/www.europesays.com\/fr\/wp-json\/wp\/v2\/media\/402895"}],"wp:attachment":[{"href":"https:\/\/www.europesays.com\/fr\/wp-json\/wp\/v2\/media?parent=402894"}],"wp:term":[{"taxonomy":"category","embeddable":true,"href":"https:\/\/www.europesays.com\/fr\/wp-json\/wp\/v2\/categories?post=402894"},{"taxonomy":"post_tag","embeddable":true,"href":"https:\/\/www.europesays.com\/fr\/wp-json\/wp\/v2\/tags?post=402894"}],"curies":[{"name":"wp","href":"https:\/\/api.w.org\/{rel}","templated":true}]}}