{"id":402916,"date":"2025-09-19T18:02:11","date_gmt":"2025-09-19T18:02:11","guid":{"rendered":"https:\/\/www.europesays.com\/fr\/402916\/"},"modified":"2025-09-19T18:02:11","modified_gmt":"2025-09-19T18:02:11","slug":"pour-michel-barnier-une-fin-de-campagne-en-pente-douce-liberation","status":"publish","type":"post","link":"https:\/\/www.europesays.com\/fr\/402916\/","title":{"rendered":"pour Michel Barnier, une fin de campagne en pente douce \u2013 Lib\u00e9ration"},"content":{"rendered":"<p class=\"sc-cPiKLX AiZTS text-element\">Plus de cinquante ans \u00e0 grimper sur les estrades pour conqu\u00e9rir des mandats et pas un gramme de lassitude, clame-t-il : \u00abJ\u2019adore les campagnes \u00e9lectorales !\u00bb Un demi-si\u00e8cle apr\u00e8s avoir d\u00e9croch\u00e9 son premier si\u00e8ge, en battant un cur\u00e9 du canton de Bourg-Saint-Maurice (Savoie), Michel Barnier placarde le m\u00eame enthousiasme. Il fallait le voir cette semaine, <a href=\"https:\/\/connexion.liberation.fr\/autorefresh?referer=https%3a%2f%2fwww.liberation.fr%2fpolitique%2fvalerie-pecresse-prepare-son-retour-dans-le-bain-de-la-politique-nationale-20250312_4QZY6OWRYBFZXHL2EFRFAAIUDQ%2f\" target=\"_blank\" rel=\"noreferrer noopener\" title=\"https:\/\/connexion.liberation.fr\/autorefresh?referer=https%3a%2f%2fwww.liberation.fr%2fpolitique%2fvalerie-pecresse-prepare-son-retour-dans-le-bain-de-la-politique-nationale-20250312_4QZY6OWRYBFZXHL2EFRFAAIUDQ%2f\">en goguette dans les rues de la capitale avec Val\u00e9rie P\u00e9cresse<\/a>, pr\u00e9sidente de la r\u00e9gion Ile-de-France. Apr\u00e8s avoir \u00e9t\u00e9 \u00e9ject\u00e9 de Matignon par la gauche et le Rassemblement national, en d\u00e9cembre, l\u2019ancien Premier ministre est en campagne, pr\u00eat \u00e0 retrouver les bancs de l\u2019Assembl\u00e9e nationale, dans le cadre d\u2019une \u00e9lection l\u00e9gislative partielle dans la 2e circonscription de Paris. \u00abLes gens sont chaleureux, ils viennent vers nous\u00bb, rapporte-t-il. Prodigues de ses souvenirs <a href=\"https:\/\/www.liberation.fr\/planete\/2016\/07\/27\/michel-barnier-un-mister-brexit-bien-peu-anglophile_1468933\/\" target=\"_blank\" rel=\"noreferrer noopener\" title=\"https:\/\/www.liberation &lt;div style=\" clear:=\"\" both=\"\"><\/p>\n","protected":false},"excerpt":{"rendered":"Plus de cinquante ans \u00e0 grimper sur les estrades pour conqu\u00e9rir des mandats et pas un gramme de&hellip;\n","protected":false},"author":2,"featured_media":402917,"comment_status":"","ping_status":"","sticky":false,"template":"","format":"standard","meta":{"footnotes":""},"categories":[1888],"tags":[11,416,1777,674,1011,27,3228,27636,12,626,417,25],"class_list":{"0":"post-402916","1":"post","2":"type-post","3":"status-publish","4":"format-standard","5":"has-post-thumbnail","7":"category-paris","8":"tag-actualites","9":"tag-assemblee-nationale","10":"tag-eu","11":"tag-europe","12":"tag-fr","13":"tag-france","14":"tag-lr","15":"tag-michel-barnier","16":"tag-news","17":"tag-paris","18":"tag-rachida-dati","19":"tag-republique-francaise"},"share_on_mastodon":{"url":"https:\/\/pubeurope.com\/@fr\/115232279351949976","error":""},"_links":{"self":[{"href":"https:\/\/www.europesays.com\/fr\/wp-json\/wp\/v2\/posts\/402916","targetHints":{"allow":["GET"]}}],"collection":[{"href":"https:\/\/www.europesays.com\/fr\/wp-json\/wp\/v2\/posts"}],"about":[{"href":"https:\/\/www.europesays.com\/fr\/wp-json\/wp\/v2\/types\/post"}],"author":[{"embeddable":true,"href":"https:\/\/www.europesays.com\/fr\/wp-json\/wp\/v2\/users\/2"}],"replies":[{"embeddable":true,"href":"https:\/\/www.europesays.com\/fr\/wp-json\/wp\/v2\/comments?post=402916"}],"version-history":[{"count":0,"href":"https:\/\/www.europesays.com\/fr\/wp-json\/wp\/v2\/posts\/402916\/revisions"}],"wp:featuredmedia":[{"embeddable":true,"href":"https:\/\/www.europesays.com\/fr\/wp-json\/wp\/v2\/media\/402917"}],"wp:attachment":[{"href":"https:\/\/www.europesays.com\/fr\/wp-json\/wp\/v2\/media?parent=402916"}],"wp:term":[{"taxonomy":"category","embeddable":true,"href":"https:\/\/www.europesays.com\/fr\/wp-json\/wp\/v2\/categories?post=402916"},{"taxonomy":"post_tag","embeddable":true,"href":"https:\/\/www.europesays.com\/fr\/wp-json\/wp\/v2\/tags?post=402916"}],"curies":[{"name":"wp","href":"https:\/\/api.w.org\/{rel}","templated":true}]}}