{"id":402936,"date":"2025-09-19T18:12:12","date_gmt":"2025-09-19T18:12:12","guid":{"rendered":"https:\/\/www.europesays.com\/fr\/402936\/"},"modified":"2025-09-19T18:12:12","modified_gmt":"2025-09-19T18:12:12","slug":"letat-islamique-appelle-a-des-attaques-solitaires-en-france-en-represailles-a-la-guerre-a-gaza","status":"publish","type":"post","link":"https:\/\/www.europesays.com\/fr\/402936\/","title":{"rendered":"L\u2019\u00c9tat islamique appelle \u00e0 des \u00abattaques solitaires\u00bb en France, en repr\u00e9sailles \u00e0 la guerre \u00e0 Gaza"},"content":{"rendered":"<p><strong>INFO LE FIGARO<\/strong> &#8211; Dans sa revue de propagande arabophone al-Naba, l\u2019organisation terroriste appelle les jeunes \u00abmusulmans monoth\u00e9istes\u00bb \u00e0 \u00abtuer par tous les moyens\u00bb les \u00abchr\u00e9tiens et les juifs\u00bb.<\/p>\n<p class=\"fig-paragraph\">Un abject document de\u00a0<a href=\"http:\/\/www.lefigaro.fr\/actualite-france\/al-qaida-menace-la-france-et-la-suede-d-une-attaque-terroriste-20230915\" target=\"_blank\" data-fig-type=\"NewsFlash\" rel=\"noopener\" data-gtm-custom-categorie=\"navigation\" data-gtm-custom-action=\"crossclick\" data-gtm-custom-label=\"Contextuel\" data-gtm-event=\"customEventSPE\" data-fig-domain=\"LEFIGARO\">propagande<\/a>\u00a0que les autorit\u00e9s vont devoir analyser dans les moindres d\u00e9tails. Dans le dernier num\u00e9ro de sa revue al-Naba, que Le Figaro a obtenu dans son int\u00e9gralit\u00e9, l\u2019<a href=\"http:\/\/www.lefigaro.fr\/international\/il-y-a-un-vrai-risque-de-le-voir-revenir-en-syrie-l-ombre-de-daech-hante-toujours-raqqa-ancienne-capitale-de-l-etat-islamique-20250310\" target=\"_blank\" data-fig-type=\"Article\" rel=\"noopener\" data-gtm-custom-categorie=\"navigation\" data-gtm-custom-action=\"crossclick\" data-gtm-custom-label=\"Contextuel\" data-gtm-event=\"customEventSPE\" data-fig-domain=\"LEFIGARO\">\u00c9tat islamique<\/a>\u00a0a appel\u00e9 les \u00ab<a href=\"http:\/\/www.lefigaro.fr\/international\/en-espagne-l-interdiction-de-celebrations-musulmanes-dans-un-gymnase-cree-une-polemique-nationale-20250808\" target=\"_blank\" data-fig-type=\"NewsFlash\" rel=\"noopener\" data-gtm-custom-categorie=\"navigation\" data-gtm-custom-action=\"crossclick\" data-gtm-custom-label=\"Contextuel\" data-gtm-event=\"customEventSPE\" data-fig-domain=\"LEFIGARO\">musulmans<\/a> \u00a0monoth\u00e9istes\u00bb \u00e0 \u00abtuer par tous les moyens\u00bb les \u00abchr\u00e9tiens et les juifs\u00bb en France.<\/p>\n<p class=\"fig-paragraph\">Malgr\u00e9 la chute de leur\u00a0<a href=\"http:\/\/www.lefigaro.fr\/vox\/monde\/patrice-franceschi-en-syrie-on-se-dirige-peut-etre-vers-la-reinstauration-d-un-califat-comme-a-l-epoque-de-daech-20241205\" target=\"_blank\" data-fig-type=\"Article\" rel=\"noopener\" data-gtm-custom-categorie=\"navigation\" data-gtm-custom-action=\"crossclick\" data-gtm-custom-label=\"Contextuel\" data-gtm-event=\"customEventSPE\" data-fig-domain=\"LEFIGARO\">califat<\/a>, les d\u00e9vots de l\u2019\u00c9tat islamique, plus \u00e9parpill\u00e9s que jamais, poursuivent leurs efforts d\u2019endoctrinement, avec pour objectif de radicaliser le plus de musulmans possible dans le monde. Pour ce faire, les sympathisants\u00a0<a href=\"http:\/\/www.lefigaro.fr\/international\/photo-de-djihadiste-manuel-d-al-qaida-fabrication-de-ricine-l-etau-se-resserre-autour-du-tueur-de-fillettes-a-southport-20250918\" target=\"_blank\" data-fig-type=\"NewsFlash\" rel=\"noopener\" data-gtm-custom-categorie=\"navigation\" data-gtm-custom-action=\"crossclick\" data-gtm-custom-label=\"Contextuel\" data-gtm-event=\"customEventSPE\" data-fig-domain=\"LEFIGARO\">djihadistes<\/a>\u00a0multiplient les contenus sur les r\u00e9seaux sociaux (photographies g\u00e9n\u00e9r\u00e9es par IA, \u00abrappels islamiques\u00bb, vid\u00e9os reprenant les codes du jeu vid\u00e9o&#8230;), tiennent de vastes canaux de discussion sur les messageries crypt\u00e9es de type\u00a0<a href=\"http:\/\/www.lefigaro.fr\/secteur\/high-tech\/10-septembre-telegram-une-messagerie-devenue-incontournable-dans-les-mobilisations-sociales-20250909\" target=\"_blank\" data-fig-type=\"Article\" rel=\"noopener\" data-gtm-custom-categorie=\"navigation\" data-gtm-custom-action=\"crossclick\" data-gtm-custom-label=\"Contextuel\" data-gtm-event=\"customEventSPE\" data-fig-domain=\"LEFIGARO\">Telegram<\/a>, RocketChat ou Gemspace, et publient des revues ou g\u00e8rent des m\u00e9dias en ligne pro-EI traduits dans plusieurs langues.<\/p>\n<p>Discours victimaire<\/p>\n<p class=\"fig-paragraph\">Leurs cibles pr\u00e9f\u00e9r\u00e9es? Les jeunes musulmans occidentaux. D\u2019apr\u00e8s une\u00a0<a href=\"https:\/\/journals.openedition.org\/aad\/3870\" target=\"_blank\" rel=\"sponsored noopener\" data-gtm-custom-categorie=\"navigation\" data-gtm-custom-action=\"crossclick\" data-gtm-custom-label=\"Contextuel\" data-gtm-event=\"customEventSPE\">\u00e9tude<\/a>\u00a0de\u2026<\/p>\n<p class=\"fig-premium-paywall__infos\">\n        Cet article est r\u00e9serv\u00e9 aux abonn\u00e9s.        Il vous reste 85% \u00e0 d\u00e9couvrir.\n    <\/p>\n<p>                <img  data- alt=\"Le Figaro\" class=\"fig-img--complete fig-img\"\/><\/p>\n<p class=\"fig-premium-paywall__title\">Vous avez envie de lire la suite ?<\/p>\n<p class=\"fig-premium-paywall__subtitle\">D\u00e9bloquez tous les articles imm\u00e9diatement.<\/p>\n<p class=\"fig-premium-paywall__connect\">\n                D\u00e9j\u00e0 abonn\u00e9\u00a0?                <a class=\"fig-premium-paywall__connect-link\" href=\"https:\/\/connect.lefigaro.fr\/login?client=horizon_web&amp;type=main&amp;redirect_uri=https%3A%2F%2Fwww.lefigaro.fr%2Factualite-france%2Fl-etat-islamique-appelle-a-des-attaques-solitaires-en-france-en-represailles-a-la-guerre-a-gaza-20250919\" data-js-gtm=\"{&quot;customCategorie&quot;: &quot;conversion&quot;, &quot;customAction&quot;: &quot;before_Landing_Connexion_paywall_auto&quot;, &quot;customLabel&quot;: &quot;bGVmaWdhcm8uZnJfXzFmMDk1Njk0LTAwZjgtNjllYS04NGY4LTFkOWFhYjdlZDU0OF9fTmV3c0ZsYXNo_L\u2019\u00c9tat islamique appelle \u00e0 des \u00abattaques solitaires\u00bb en France, en repr\u00e9sailles \u00e0 la guerre \u00e0 Gaza_76&quot;, &quot;customIDSPE&quot;: &quot;bGVmaWdhcm8uZnJfXzFmMDk1Njk0LTAwZjgtNjllYS04NGY4LTFkOWFhYjdlZDU0OF9fTmV3c0ZsYXNo&quot;, &quot;event&quot;: &quot;customEventSPE&quot;}\" target=\"_blank\" rel=\"noopener\"><br \/>\n                    Connectez-vous<br \/>\n                <\/a>\n            <\/p>\n","protected":false},"excerpt":{"rendered":"INFO LE FIGARO &#8211; Dans sa revue de propagande arabophone al-Naba, l\u2019organisation terroriste appelle les jeunes \u00abmusulmans monoth\u00e9istes\u00bb&hellip;\n","protected":false},"author":2,"featured_media":402937,"comment_status":"","ping_status":"","sticky":false,"template":"","format":"standard","meta":{"footnotes":""},"categories":[4],"tags":[11,16951,23398,1011,27,17198,12,25],"class_list":{"0":"post-402936","1":"post","2":"type-post","3":"status-publish","4":"format-standard","5":"has-post-thumbnail","7":"category-france","8":"tag-actualites","9":"tag-chretien","10":"tag-etat-islamique","11":"tag-fr","12":"tag-france","13":"tag-juifs","14":"tag-news","15":"tag-republique-francaise"},"share_on_mastodon":{"url":"https:\/\/pubeurope.com\/@fr\/115232318839693309","error":""},"_links":{"self":[{"href":"https:\/\/www.europesays.com\/fr\/wp-json\/wp\/v2\/posts\/402936","targetHints":{"allow":["GET"]}}],"collection":[{"href":"https:\/\/www.europesays.com\/fr\/wp-json\/wp\/v2\/posts"}],"about":[{"href":"https:\/\/www.europesays.com\/fr\/wp-json\/wp\/v2\/types\/post"}],"author":[{"embeddable":true,"href":"https:\/\/www.europesays.com\/fr\/wp-json\/wp\/v2\/users\/2"}],"replies":[{"embeddable":true,"href":"https:\/\/www.europesays.com\/fr\/wp-json\/wp\/v2\/comments?post=402936"}],"version-history":[{"count":0,"href":"https:\/\/www.europesays.com\/fr\/wp-json\/wp\/v2\/posts\/402936\/revisions"}],"wp:featuredmedia":[{"embeddable":true,"href":"https:\/\/www.europesays.com\/fr\/wp-json\/wp\/v2\/media\/402937"}],"wp:attachment":[{"href":"https:\/\/www.europesays.com\/fr\/wp-json\/wp\/v2\/media?parent=402936"}],"wp:term":[{"taxonomy":"category","embeddable":true,"href":"https:\/\/www.europesays.com\/fr\/wp-json\/wp\/v2\/categories?post=402936"},{"taxonomy":"post_tag","embeddable":true,"href":"https:\/\/www.europesays.com\/fr\/wp-json\/wp\/v2\/tags?post=402936"}],"curies":[{"name":"wp","href":"https:\/\/api.w.org\/{rel}","templated":true}]}}