{"id":402942,"date":"2025-09-19T18:17:14","date_gmt":"2025-09-19T18:17:14","guid":{"rendered":"https:\/\/www.europesays.com\/fr\/402942\/"},"modified":"2025-09-19T18:17:14","modified_gmt":"2025-09-19T18:17:14","slug":"la-france-organisera-un-tournoi-de-qualification-pour-la-coupe-du-monde-2026","status":"publish","type":"post","link":"https:\/\/www.europesays.com\/fr\/402942\/","title":{"rendered":"La France organisera un tournoi de qualification pour la Coupe du monde 2026"},"content":{"rendered":"<p data-start=\"499\" data-end=\"962\">Un an apr\u00e8s les Jeux olympiques de Paris 2024, la FFBB s\u2019offre un nouveau rendez-vous majeur en organisant \u00e0 l\u2019Astroballe un tournoi qualificatif pour le Mondial 2026. Forte de son exp\u00e9rience avec les TQO de Nantes (2016) et Bourges (2020), ainsi que l\u2019Euro f\u00e9minin 2021 \u00e0 Strasbourg, la f\u00e9d\u00e9ration veut faire de cet \u00e9v\u00e8nement \u00ab une grande f\u00eate populaire et un tremplin pour l\u2019\u00c9quipe de France f\u00e9minine \u00bb, selon les mots de son pr\u00e9sident Jean-Pierre Hunckler.<\/p>\n<blockquote class=\"twitter-tweet\" data-width=\"550\" data-dnt=\"true\">\n<p lang=\"fr\" dir=\"ltr\">Les Bleues \u00e0 domicile pour le Tournoi de Qualification \u00e0 la Coupe du Monde 2026 \ud83c\uddeb\ud83c\uddf7<\/p>\n<p>La France a \u00e9t\u00e9 retenue par la FIBA pour organiser un Tournoi de Qualification \u00e0 la Coupe du Monde \u00e0 l&rsquo;Astroballe (Villeurbanne) du 11 au 17 mars 2026 \ud83d\ude4c<a href=\"https:\/\/twitter.com\/hashtag\/Passionn%C3%A9mentBleu?src=hash&amp;ref_src=twsrc%5Etfw\" target=\"_blank\" rel=\"noopener\">#Passionn\u00e9mentBleu<\/a> | <a href=\"https:\/\/twitter.com\/hashtag\/FIBAWWC?src=hash&amp;ref_src=twsrc%5Etfw\" target=\"_blank\" rel=\"noopener\">#FIBAWWC<\/a><\/p>\n<p>\u2014 \u00c9quipes de France de Basket (@FRABasketball) <a href=\"https:\/\/twitter.com\/FRABasketball\/status\/1969015134816203125?ref_src=twsrc%5Etfw\" target=\"_blank\" rel=\"noopener\">September 19, 2025<\/a><\/p>\n<\/blockquote>\n<p data-start=\"964\" data-end=\"1384\">Ce dernier a tenu \u00e0 remercier la FIBA et son secr\u00e9taire g\u00e9n\u00e9ral Andreas Zagklis pour leur confiance : \u00ab La France n\u2019avait plus accueilli de grande comp\u00e9tition intercontinentale depuis quelques temps, et il \u00e9tait n\u00e9cessaire de renouer avec cette tradition. Notre savoir-faire est reconnu dans le monde entier, mais surtout, nous savons que notre public sera, comme toujours, au rendez-vous pour soutenir les Bleues. \u00bb<\/p>\n<p>LIRE AUSSI<\/p>\n<p><a href=\"https:\/\/www.bebasket.fr\/le-president-jean-pierre-hunckler-debriefe-leuro-rate-des-bleus-une-deception-oui-mais-pas-un-echec\" target=\"_blank\" rel=\"noopener\"> <img decoding=\"async\" src=\"https:\/\/www.europesays.com\/fr\/wp-content\/uploads\/2025\/09\/54771589143-43dce66fbf-k-1f093a8c-f2a5-6bae-9fa2-8bbc54e8729f.jpg\" alt=\"\"\/> <\/a><\/p>\n<p><strong>Un format exigeant pour aller chercher Berlin<\/strong><\/p>\n<p data-start=\"1438\" data-end=\"1804\">Seize \u00e9quipes participeront \u00e0 la Coupe du monde 2026 du 4 au 13 septembre \u00e0 Berlin. Cinq nations sont d\u00e9j\u00e0 qualifi\u00e9es : l\u2019Allemagne (pays h\u00f4te), la Belgique (championne d\u2019Europe 2025), les \u00c9tats-Unis (champions des Am\u00e9riques 2025), l\u2019Australie (championne d\u2019Asie 2025) et le Nigeria (champion d\u2019Afrique 2025). Elles prendront toutefois part aux tournois qualificatifs.<\/p>\n<p data-start=\"1806\" data-end=\"2081\">Les onze places restantes se joueront donc dans ces quatre tournois de mars 2026, chacun rassemblant six \u00e9quipes. Le format sera celui d\u2019un mini-championnat : chaque nation affrontera les cinq autres de son groupe, avec en jeu un billet pour la Coupe du monde en Allemagne.<\/p>\n<p data-start=\"2083\" data-end=\"2246\">L\u2019\u00c9quipe de France f\u00e9minine aura ainsi l\u2019opportunit\u00e9 de valider sa qualification devant son public \u00e0 Villeurbanne, dans une salle qui s\u2019annonce pleine \u00e0 craquer.<\/p>\n<p><script async src=\"https:\/\/platform.twitter.com\/widgets.js\" charset=\"utf-8\"><\/script><\/p>\n","protected":false},"excerpt":{"rendered":"Un an apr\u00e8s les Jeux olympiques de Paris 2024, la FFBB s\u2019offre un nouveau rendez-vous majeur en organisant&hellip;\n","protected":false},"author":2,"featured_media":402943,"comment_status":"","ping_status":"","sticky":false,"template":"","format":"standard","meta":{"footnotes":""},"categories":[1414],"tags":[1465,1464,1011,27,60],"class_list":{"0":"post-402942","1":"post","2":"type-post","3":"status-publish","4":"format-standard","5":"has-post-thumbnail","7":"category-basket","8":"tag-basket","9":"tag-basketball","10":"tag-fr","11":"tag-france","12":"tag-sports"},"share_on_mastodon":{"url":"https:\/\/pubeurope.com\/@fr\/115232338772294405","error":""},"_links":{"self":[{"href":"https:\/\/www.europesays.com\/fr\/wp-json\/wp\/v2\/posts\/402942","targetHints":{"allow":["GET"]}}],"collection":[{"href":"https:\/\/www.europesays.com\/fr\/wp-json\/wp\/v2\/posts"}],"about":[{"href":"https:\/\/www.europesays.com\/fr\/wp-json\/wp\/v2\/types\/post"}],"author":[{"embeddable":true,"href":"https:\/\/www.europesays.com\/fr\/wp-json\/wp\/v2\/users\/2"}],"replies":[{"embeddable":true,"href":"https:\/\/www.europesays.com\/fr\/wp-json\/wp\/v2\/comments?post=402942"}],"version-history":[{"count":0,"href":"https:\/\/www.europesays.com\/fr\/wp-json\/wp\/v2\/posts\/402942\/revisions"}],"wp:featuredmedia":[{"embeddable":true,"href":"https:\/\/www.europesays.com\/fr\/wp-json\/wp\/v2\/media\/402943"}],"wp:attachment":[{"href":"https:\/\/www.europesays.com\/fr\/wp-json\/wp\/v2\/media?parent=402942"}],"wp:term":[{"taxonomy":"category","embeddable":true,"href":"https:\/\/www.europesays.com\/fr\/wp-json\/wp\/v2\/categories?post=402942"},{"taxonomy":"post_tag","embeddable":true,"href":"https:\/\/www.europesays.com\/fr\/wp-json\/wp\/v2\/tags?post=402942"}],"curies":[{"name":"wp","href":"https:\/\/api.w.org\/{rel}","templated":true}]}}