{"id":402946,"date":"2025-09-19T18:19:11","date_gmt":"2025-09-19T18:19:11","guid":{"rendered":"https:\/\/www.europesays.com\/fr\/402946\/"},"modified":"2025-09-19T18:19:11","modified_gmt":"2025-09-19T18:19:11","slug":"2026-pourrait-etre-la-derniere-saison-de-fernando-alonso-en-f1","status":"publish","type":"post","link":"https:\/\/www.europesays.com\/fr\/402946\/","title":{"rendered":"2026 pourrait \u00eatre la derni\u00e8re saison de Fernando Alonso en F1"},"content":{"rendered":"<p>Dans un <a href=\"https:\/\/as.com\/motor\/formula_1\/alonso-si-el-coche-de-2026-va-bien-puede-ser-mi-ultimo-ano-n\/\" target=\"_blank\" rel=\"noopener\">entretien accord\u00e9 au quotidien espagnol AS,<\/a> <a href=\"https:\/\/www.autohebdo.fr\/pilote\/f1\/fernando-alonso\" data-internallinksmanager029f6b8e52c=\"27\" title=\"Fernando Alonso\" target=\"_blank\" rel=\"noopener\">Fernando Alonso<\/a> s\u2019est confi\u00e9 sur son avenir en <a href=\"https:\/\/www.autohebdo.fr\/actualites\/f1\" data-internallinksmanager029f6b8e52c=\"1\" title=\"F1\" target=\"_blank\" rel=\"noopener\">Formule 1<\/a>. Le double champion du monde a tranch\u00e9 : si la saison 2026 est un succ\u00e8s, il tirera sa r\u00e9v\u00e9rence apr\u00e8s vingt-cinq ann\u00e9es de bons et loyaux services rendus au sport. L\u2019Espagnol a reconnu que la saison prochaine serait probablement sa \u00ab derni\u00e8re chance\u00a0\u00bb de viser un championnat. \u00ab C\u2019est le dernier changement de r\u00e8glement que je vivrai et c\u2019est ma derni\u00e8re chance de tenter de remporter un autre Grand Prix, de profiter des bons moments, de monter sur le podium et de me battre pour un championnat, confie le pilote de 44 ans. Il y a beaucoup d\u2019espoir pour le changement de 2026. Bien qu\u2019il ne soit ni plus ni moins important que les pr\u00e9c\u00e9dents, pour moi, \u00e9motionnellement, c\u2019est un changement tr\u00e8s important.\u00a0\u00bb<\/p>\n<p>Pour pr\u00e9tendre au titre, <a href=\"https:\/\/www.autohebdo.fr\/actualites\/ecurie\/aston-martin\" data-internallinksmanager029f6b8e52c=\"77\" title=\"Ecurie Aston Martin F1 Team\" target=\"_blank\" rel=\"noopener\">Aston Martin<\/a> a enr\u00f4l\u00e9 le l\u00e9gendaire Adrian Newey en septembre 2024. Le Britannique n\u2019a toutefois officiellement rejoint le projet que le 1er mars 2025, en tant que partenaire technique ex\u00e9cutif. \u00ab\u00a0Je sais que j\u2019ai plus de chances de r\u00e9ussir en 2027 ou 2028, quand le groupe actuel avec Adrian Newey et les autres sera stable, admet Alonso. Si la voiture n\u2019est pas bonne, il y a une chance que je reste une ann\u00e9e de plus pour terminer sur une note positive. Si la voiture fonctionne bien, 2026 sera probablement ma derni\u00e8re ann\u00e9e. \u00bb<\/p>\n<\/p>\n<p>Fernando Alonso, qui avait d\u00e9j\u00e0 envisag\u00e9 de mettre un terme \u00e0 sa carri\u00e8re en 2018, n\u2019a pas encore pris de d\u00e9cision finale. \u00ab \u00c7a d\u00e9pend de comment je me sentirai l\u2019ann\u00e9e prochaine, physiquement et mentalement. Je ne sais toutefois pas. Je n\u2019ai pas d\u2019id\u00e9e pr\u00e9cise pour l\u2019instant. Si la voiture marche bien, il y a de fortes chances que ce soit ma derni\u00e8re ann\u00e9e \u00bb confirme le natif d\u2019Oviedo. L\u2019ancien pilote <a href=\"https:\/\/www.autohebdo.fr\/actualites\/ecurie\/renault-f1-team\" data-internallinksmanager029f6b8e52c=\"84\" title=\"Ecurie Renault F1 Team\" target=\"_blank\" rel=\"noopener\">Renault<\/a> souhaite \u00ab partir au sommet\u00a0\u00bb. \u00ab Je veux quitter la F1 en me consid\u00e9rant comme le meilleur, et que 30 \u00e0 40 % des gens \u00e0 l\u2019ext\u00e9rieur le pensent aussi, mart\u00e8le-t-il. Je ne veux pas partir parce que j\u2019ai perdu mes comp\u00e9tences. Je vais profiter de l\u2019ann\u00e9e prochaine et prendre les choses ann\u00e9e apr\u00e8s ann\u00e9e. Oui, je veux partir sur une note positive.\u00a0\u00bb<\/p>\n<p>Fernando Alonso estime qu\u2019Adrian Newey \u00ab est plus un artiste qu\u2019un ing\u00e9nieur\u00a0\u00bb<\/p>\n<p>Sous l\u2019impulsion d\u2019Adrian Newey, Aston Martin pourrait aligner l\u2019une des monoplaces les plus redoutables de la grille 2026. Qualifi\u00e9 d\u2019 \u00ab artiste \u00bb par Alonso, le Britannique est effectivement connu comme l\u2019un des meilleurs ing\u00e9nieurs de la discipline. Le g\u00e9nie de la Formule 1 est arriv\u00e9 dans le sport en 1986 et a travaill\u00e9 pour les plus grandes \u00e9curies, qu\u2019il a men\u00e9 plus d\u2019une fois \u00e0 la victoire. Dans un r\u00e9cent entretien accord\u00e9 \u00e0 Maaden, partenaire d\u2019Aston Martin, Alonso encensait l\u2019ancien directeur de la technologie de <a href=\"https:\/\/www.autohebdo.fr\/actualites\/ecurie\/red-bull-racing\" data-internallinksmanager029f6b8e52c=\"78\" title=\"Ecurie F1 Red Bull Racing\" target=\"_blank\" rel=\"noopener\">Red Bull Racing<\/a>. \u00ab\u00a0C\u2019est le meilleur concepteur de l\u2019histoire de ce sport. Personne n\u2019\u00e9galera probablement jamais son palmar\u00e8s. Sa mani\u00e8re de travailler explique les r\u00e9sultats qu\u2019il a obtenus.\u00a0\u00bb<\/p>\n<p>Alors que la nouvelle r\u00e9glementation de 2026 rebat les cartes pour la saison prochaine, Newey a pleinement foi en son projet. \u00ab\u00a0Il n\u2019est stress\u00e9 par aucune autre \u00e9quipe, aucune autre philosophie, aucun autre design. Il croit que le sien sera le meilleur\u00a0\u00bb d\u00e9clarait Alonso. Aston Martin ne s\u2019est pas content\u00e9e de recruter le meilleur ing\u00e9nieur de Red Bull : elle a \u00e9galement \u00e9tabli un partenariat exclusif avec l\u2019ancien motoriste de l\u2019\u00e9curie autrichienne, qui a marqu\u00e9 les saisons pass\u00e9es de sa domination. Pour consolider son projet ambitieux, Aston Martin s\u2019appuiera d\u00e9sormais sur la firme japonaise Honda pour les saisons \u00e0 venir.<\/p>\n<p>Fernando Alonso croit fermement au projet d\u2019Aston Martin. \u00ab Il n\u2019y a aucune raison pour que nous ne puissions pas perturber les grands noms de la F1 \u00bb, proclamait-il chez Maaden avec assurance. \u00ab La voie est clairement ascendante pour Aston Martin \u00bb,\u00a0insiste l\u2019Asturien chez AS.<\/p>\n<p>Avec plus de six d\u00e9cennies d\u2019exp\u00e9rience \u00e0 deux, Fernando Alonso et Adrian Newey misent donc sur Aston Martin pour 2026. L\u2019\u00e9curie de Gaydon n\u2019a donc plus qu\u2019\u00e0 tenir ses promesses en 2026.<\/p>\n<p><strong>\u00c0 LIRE AUSSI &gt; <a href=\"https:\/\/www.autohebdo.fr\/actualites\/f1\/gabriel-bortoleto-fernando-alonso-manager.html\" target=\"_blank\" rel=\"noopener\">Gabriel Bortoleto : \u00ab Je ne serais pas en Formule 1 sans Fernando Alonso \u00bb<\/a><\/strong><\/p>\n","protected":false},"excerpt":{"rendered":"Dans un entretien accord\u00e9 au quotidien espagnol AS, Fernando Alonso s\u2019est confi\u00e9 sur son avenir en Formule 1.&hellip;\n","protected":false},"author":2,"featured_media":402947,"comment_status":"","ping_status":"","sticky":false,"template":"","format":"standard","meta":{"footnotes":""},"categories":[1412],"tags":[17443,1709,1451,1710,1452,1453,1454,1455,1011,27,4922,60],"class_list":{"0":"post-402946","1":"post","2":"type-post","3":"status-publish","4":"format-standard","5":"has-post-thumbnail","7":"category-f1","8":"tag-adrian-newey","9":"tag-aston-martin","10":"tag-f1","11":"tag-fernando-alonso","12":"tag-formula-1","13":"tag-formula1","14":"tag-formule-1","15":"tag-formule1","16":"tag-fr","17":"tag-france","18":"tag-honda","19":"tag-sports"},"share_on_mastodon":{"url":"https:\/\/pubeurope.com\/@fr\/115232346259050684","error":""},"_links":{"self":[{"href":"https:\/\/www.europesays.com\/fr\/wp-json\/wp\/v2\/posts\/402946","targetHints":{"allow":["GET"]}}],"collection":[{"href":"https:\/\/www.europesays.com\/fr\/wp-json\/wp\/v2\/posts"}],"about":[{"href":"https:\/\/www.europesays.com\/fr\/wp-json\/wp\/v2\/types\/post"}],"author":[{"embeddable":true,"href":"https:\/\/www.europesays.com\/fr\/wp-json\/wp\/v2\/users\/2"}],"replies":[{"embeddable":true,"href":"https:\/\/www.europesays.com\/fr\/wp-json\/wp\/v2\/comments?post=402946"}],"version-history":[{"count":0,"href":"https:\/\/www.europesays.com\/fr\/wp-json\/wp\/v2\/posts\/402946\/revisions"}],"wp:featuredmedia":[{"embeddable":true,"href":"https:\/\/www.europesays.com\/fr\/wp-json\/wp\/v2\/media\/402947"}],"wp:attachment":[{"href":"https:\/\/www.europesays.com\/fr\/wp-json\/wp\/v2\/media?parent=402946"}],"wp:term":[{"taxonomy":"category","embeddable":true,"href":"https:\/\/www.europesays.com\/fr\/wp-json\/wp\/v2\/categories?post=402946"},{"taxonomy":"post_tag","embeddable":true,"href":"https:\/\/www.europesays.com\/fr\/wp-json\/wp\/v2\/tags?post=402946"}],"curies":[{"name":"wp","href":"https:\/\/api.w.org\/{rel}","templated":true}]}}