{"id":402958,"date":"2025-09-19T18:25:14","date_gmt":"2025-09-19T18:25:14","guid":{"rendered":"https:\/\/www.europesays.com\/fr\/402958\/"},"modified":"2025-09-19T18:25:14","modified_gmt":"2025-09-19T18:25:14","slug":"la-villa-des-coeurs-brises-saison-10-episode-31-du-19-septembre-2025-la-villa-des-coeurs-brises","status":"publish","type":"post","link":"https:\/\/www.europesays.com\/fr\/402958\/","title":{"rendered":"La Villa des C\u0153urs Bris\u00e9s &#8211; Saison 10 Episode 31 du 19 septembre 2025 &#8211; La Villa des C\u0153urs Bris\u00e9s"},"content":{"rendered":"<p id=\"descriptionPanel\" class=\"text-secondary mr-2 line-clamp-2 pr-2.5 overflow-visible\">En rentrant de leur date, M\u00e9lanie et Daniel d\u00e9cident de se jouer des C\u0153urs Bris\u00e9s en leur faisant croire qu&rsquo;ils ont officialis\u00e9 leur relation ! Plus s\u00e9rieusement, il y a un vrai feeling entre eux donc c&rsquo;est une affaire \u00e0 suivre. Lucie arrive \u00e0 la villa pour annoncer les prochains coach\u00e9s qui sont : Marwa, Maxence et Clarysse. C&rsquo;est Marwa qui part imm\u00e9diatement avec la Love Coach. Pendant ce temps -l\u00e0, les choses se d\u00e9gradent encore entre Ma\u00efssane et Emine. Ils ne trouvent aucune solution pour avancer. M\u00eame les conseils en communication de Lucie ne semblent pas fonctionner pour le couple. La Villa des C\u0153urs Bris\u00e9s Saison 10 Episode 31<br \/>En savoir plus sur <a class=\"text-white hover:text-blue-500\" href=\"https:\/\/www.tf1.fr\/dossier\/clarysse-pereira-29349590\" target=\"_blank\" rel=\"noopener\">Clarysse Pereira<\/a>, <a class=\"text-white hover:text-blue-500\" href=\"https:\/\/www.tf1.fr\/dossier\/gabriel-ayuso-04623479\" target=\"_blank\" rel=\"noopener\">Gabriel Ayuso<\/a>, <a class=\"text-white hover:text-blue-500\" href=\"https:\/\/www.tf1.fr\/dossier\/maissane-aghioul-61458410\" target=\"_blank\" rel=\"noopener\">Maissane Aghioul<\/a>, <a class=\"text-white hover:text-blue-500\" href=\"https:\/\/www.tf1.fr\/dossier\/giovanni-prat-47518092\" target=\"_blank\" rel=\"noopener\">Giovanni Prat<\/a>, <a class=\"text-white hover:text-blue-500\" href=\"https:\/\/www.tf1.fr\/dossier\/maeva-vienne-63139335\" target=\"_blank\" rel=\"noopener\">Ma\u00ebva Vienne<\/a>, <a class=\"text-white hover:text-blue-500\" href=\"https:\/\/www.tf1.fr\/dossier\/daniel-mkongo-85411245\" target=\"_blank\" rel=\"noopener\">Daniel Mkongo<\/a>, <a class=\"text-white hover:text-blue-500\" href=\"https:\/\/www.tf1.fr\/dossier\/melanie-bachelor-saison-3\" target=\"_blank\" rel=\"noopener\">M\u00e9lanie Amar<\/a>, <a class=\"text-white hover:text-blue-500\" href=\"https:\/\/www.tf1.fr\/dossier\/gian-marco-60016596\" target=\"_blank\" rel=\"noopener\">Gian Marco Onestini<\/a>, <a class=\"text-white hover:text-blue-500\" href=\"https:\/\/www.tf1.fr\/dossier\/lisa-marie-giocanti-18932665\" target=\"_blank\" rel=\"noopener\">Lisa-Marie Giocanti<\/a>, <a class=\"text-white hover:text-blue-500\" href=\"https:\/\/www.tf1.fr\/dossier\/maxence-secret-story-2024-00089350\" target=\"_blank\" rel=\"noopener\">Maxence Mellerowicz<\/a> ou <a class=\"text-white hover:text-blue-500\" href=\"https:\/\/www.tf1.fr\/dossier\/emine-emine-92117839\" target=\"_blank\" rel=\"noopener\">Emine Mkhini<\/a><\/p>\n<p>Afficher la version longue du r\u00e9sum\u00e9<a class=\"shrink-0\" href=\"https:\/\/www.tf1.fr\/tfx\/la-villa-des-coeurs-brises\" target=\"_blank\" rel=\"noopener\"><img decoding=\"async\" src=\"https:\/\/www.europesays.com\/fr\/wp-content\/uploads\/2025\/08\/program-card-portrait-1-la-villa-2025-75e2fc-899f4e-0@1x.jpg\" width=\"138\" height=\"184\" alt=\"\" loading=\"eager\" fetchpriority=\"auto\" class=\"rounded-3px aspect-[3\/4] h-24 w-auto\" aria-hidden=\"true\"\/><\/a><\/p>\n","protected":false},"excerpt":{"rendered":"En rentrant de leur date, M\u00e9lanie et Daniel d\u00e9cident de se jouer des C\u0153urs Bris\u00e9s en leur faisant&hellip;\n","protected":false},"author":2,"featured_media":402959,"comment_status":"","ping_status":"","sticky":false,"template":"","format":"standard","meta":{"footnotes":""},"categories":[1356],"tags":[58,59,1365,44370,44371,43632,1011,27,38731,44372,44373,44380,44384,44369,44381,44385,44377,44376,44382,44383,44378,44379,252,1364,44374,44375],"class_list":{"0":"post-402958","1":"post","2":"type-post","3":"status-publish","4":"format-standard","5":"has-post-thumbnail","7":"category-television","8":"tag-divertissement","9":"tag-entertainment","10":"tag-episode","11":"tag-episode-la-villa-des-coeurs-brises","12":"tag-episode-la-villa-des-coeurs-brises-tfx","13":"tag-episode-tfx","14":"tag-fr","15":"tag-france","16":"tag-la-villa-des-coeurs-brises","17":"tag-la-villa-des-coeurs-brises-episode","18":"tag-la-villa-des-coeurs-brises-episode-tfx","19":"tag-la-villa-des-coeurs-brises-streaming","20":"tag-la-villa-des-coeurs-brises-streaming-gratuit","21":"tag-la-villa-des-coeurs-brises-tfx","22":"tag-la-villa-des-coeurs-brises-tfx-streaming","23":"tag-la-villa-des-coeurs-brises-tfx-streaming-gratuit","24":"tag-la-villa-des-coeurs-brises-tfx-video","25":"tag-la-villa-des-coeurs-brises-video","26":"tag-streaming-gratuit-la-villa-des-coeurs-brises","27":"tag-streaming-gratuit-la-villa-des-coeurs-brises-tfx","28":"tag-streaming-la-villa-des-coeurs-brises","29":"tag-streaming-la-villa-des-coeurs-brises-tfx","30":"tag-television","31":"tag-tv","32":"tag-video-la-villa-des-coeurs-brises","33":"tag-video-la-villa-des-coeurs-brises-tfx"},"share_on_mastodon":{"url":"","error":"Validation failed: Text character limit of 500 exceeded"},"_links":{"self":[{"href":"https:\/\/www.europesays.com\/fr\/wp-json\/wp\/v2\/posts\/402958","targetHints":{"allow":["GET"]}}],"collection":[{"href":"https:\/\/www.europesays.com\/fr\/wp-json\/wp\/v2\/posts"}],"about":[{"href":"https:\/\/www.europesays.com\/fr\/wp-json\/wp\/v2\/types\/post"}],"author":[{"embeddable":true,"href":"https:\/\/www.europesays.com\/fr\/wp-json\/wp\/v2\/users\/2"}],"replies":[{"embeddable":true,"href":"https:\/\/www.europesays.com\/fr\/wp-json\/wp\/v2\/comments?post=402958"}],"version-history":[{"count":0,"href":"https:\/\/www.europesays.com\/fr\/wp-json\/wp\/v2\/posts\/402958\/revisions"}],"wp:featuredmedia":[{"embeddable":true,"href":"https:\/\/www.europesays.com\/fr\/wp-json\/wp\/v2\/media\/402959"}],"wp:attachment":[{"href":"https:\/\/www.europesays.com\/fr\/wp-json\/wp\/v2\/media?parent=402958"}],"wp:term":[{"taxonomy":"category","embeddable":true,"href":"https:\/\/www.europesays.com\/fr\/wp-json\/wp\/v2\/categories?post=402958"},{"taxonomy":"post_tag","embeddable":true,"href":"https:\/\/www.europesays.com\/fr\/wp-json\/wp\/v2\/tags?post=402958"}],"curies":[{"name":"wp","href":"https:\/\/api.w.org\/{rel}","templated":true}]}}