{"id":402960,"date":"2025-09-19T18:26:11","date_gmt":"2025-09-19T18:26:11","guid":{"rendered":"https:\/\/www.europesays.com\/fr\/402960\/"},"modified":"2025-09-19T18:26:11","modified_gmt":"2025-09-19T18:26:11","slug":"alizee-annonce-une-tournee-de-huit-dates-pour-2026","status":"publish","type":"post","link":"https:\/\/www.europesays.com\/fr\/402960\/","title":{"rendered":"Aliz\u00e9e annonce une tourn\u00e9e de huit dates pour\u00a02026"},"content":{"rendered":"<p>Aliz\u00e9e de retour au sommet. Vingt-cinq ans apr\u00e8s la sortie de son morceau \u00ab\u00a0Moi\u2026 Lolita\u00a0\u00bb, Aliz\u00e9e s\u2019est offert deux dates \u00e0 <a href=\"https:\/\/www.20minutes.fr\/dossier\/olympia\" class=\"c-link c-link--is-underlined\" target=\"_blank\" rel=\"noopener\">Olympia<\/a>, \u00e0 Paris, d\u00e9but septembre. Fort du succ\u00e8s de ce rendez-vous avec son public, la chanteuse de 41 ans a annonc\u00e9, jeudi par la voie d\u2019un communiqu\u00e9, le lancement d\u2019une tourn\u00e9e exceptionnelle en\u00a02026.<\/p>\n<p>Dans un communiqu\u00e9 intitul\u00e9 \u00ab\u00a025 ans d\u00e9j\u00e0\u00a0!\u00a0\u00bb, les \u00e9quipes d\u2019Aliz\u00e9e annoncent une mini-tourn\u00e9e de huit dates de concert en\u00a02016, du 5 au 26\u00a0septembre, \u00e0 la fois en France et en <a href=\"https:\/\/www.20minutes.fr\/dossier\/belgique\" class=\"c-link c-link--is-underlined\" target=\"_blank\" rel=\"noopener\">Belgique<\/a>. Cet \u00e9v\u00e9nement d\u00e9butera au sein de sa ville natale, <a href=\"https:\/\/www.20minutes.fr\/dossier\/ajaccio\" class=\"c-link c-link--is-underlined\" target=\"_blank\" rel=\"noopener\">Ajaccio<\/a> (le 5\u00a0septembre), avant de passer par <a href=\"https:\/\/www.20minutes.fr\/marseille\/\" class=\"c-link c-link--is-underlined\" target=\"_blank\" rel=\"noopener\">Marseille<\/a> (le 10), <a href=\"https:\/\/www.20minutes.fr\/montpellier\/\" class=\"c-link c-link--is-underlined\" target=\"_blank\" rel=\"noopener\">Montpellier<\/a> (le 11), <a href=\"https:\/\/www.20minutes.fr\/lyon\/\" class=\"c-link c-link--is-underlined\" target=\"_blank\" rel=\"noopener\">Lyon<\/a> (le 12), <a href=\"https:\/\/www.20minutes.fr\/bordeaux\/\" class=\"c-link c-link--is-underlined\" target=\"_blank\" rel=\"noopener\">Bordeaux<\/a> (le 18), Li\u00e8ge (le 24), <a href=\"https:\/\/www.20minutes.fr\/lille\/\" class=\"c-link c-link--is-underlined\" target=\"_blank\" rel=\"noopener\">Lille<\/a> (le 25) et <a href=\"https:\/\/www.20minutes.fr\/strasbourg\/\" class=\"c-link c-link--is-underlined\" target=\"_blank\" rel=\"noopener\">Strasbourg<\/a> (le 26).<\/p>\n<\/p>\n<p>Pour reprendre en ch\u0153ur les tubes de l\u2019artiste, de Moi\u2026 Lolita \u00e0 L\u2019Aliz\u00e9, de Gourmandises \u00e0 J\u2019en ai marre\u00a0! en passant par Parler tout bas, il ne faudra pas manquer l\u2019ouverture de la billetterie, vendredi 26\u00a0septembre 2025, \u00e0 10 heures.<\/p>\n<p>Une tourn\u00e9e avant un nouvel album\u00a0?<\/p>\n<p>Apr\u00e8s avoir \u00e9t\u00e9 lanc\u00e9e par <a href=\"https:\/\/www.20minutes.fr\/dossier\/mylene_farmer\" class=\"c-link c-link--is-underlined\" target=\"_blank\" rel=\"noopener\">Myl\u00e8ne Farmer<\/a> et Laurent Boutonnat au tout d\u00e9but des ann\u00e9es\u00a02000, la Lolita a, depuis, remport\u00e9 \u00ab\u00a0<a href=\"https:\/\/www.20minutes.fr\/arts-stars\/television\/danse_avec_les_stars\/\" class=\"c-link c-link--is-underlined\" target=\"_blank\" rel=\"noopener\">Danse avec les stars<\/a>\u00a0\u00bb sur <a href=\"https:\/\/www.20minutes.fr\/dossier\/tf1\" class=\"c-link c-link--is-underlined\" target=\"_blank\" rel=\"noopener\">TF1<\/a>, en\u00a02013, avec Gr\u00e9goire Lyonnet, son mari. Maman de deux filles (Annily et Maggy), Aliz\u00e9e a ouvert avec son compagnon un studio de <a href=\"https:\/\/www.20minutes.fr\/dossier\/danse\" class=\"c-link c-link--is-underlined\" target=\"_blank\" rel=\"noopener\">danse<\/a>, en <a href=\"https:\/\/www.20minutes.fr\/dossier\/corse\" class=\"c-link c-link--is-underlined\" target=\"_blank\" rel=\"noopener\">Corse<\/a>. Nombre de ses fans, eux, esp\u00e8rent depuis des ann\u00e9es un retour dans les bacs.<\/p>\n<p>Alors, un retour d\u2019Aliz\u00e9e en studio est-il \u00e0 pr\u00e9voir\u00a0? \u00ab\u00a0Ce n\u2019est pas pr\u00e9vu, a confi\u00e9 la chanteuse au <a href=\"https:\/\/www.leparisien.fr\/culture-loisirs\/musique\/apres-son-retour-gagnant-a-lolympia-la-chanteuse-alizee-annonce-une-tournee-des-septembre-2026-18-09-2025-H4ZOXELVUNGKPIWJ5OUNMA4TNY.php\" rel=\"nofollow noopener\" target=\"_blank\" class=\"c-link c-link--is-underlined\">Parisien<\/a>. Pas que je n\u2019en ai pas l\u2019envie, mais pas l\u2019opportunit\u00e9. Je suis interpr\u00e8te, je ne vais pas me mettre \u00e0 \u00e9crire ni \u00e0 composer. Mais, si on me propose quelque chose et que je me dis\u00a0: \u00a0\u00bbAh ouais, c\u2019est cool\u00a0!\u00a0\u00bb, pourquoi pas\u2026\u00a0\u00bb L\u2019ann\u00e9e\u00a02026 a tout pour \u00eatre celle du come-back d\u2019Aliz\u00e9e.<\/p>\n","protected":false},"excerpt":{"rendered":"Aliz\u00e9e de retour au sommet. Vingt-cinq ans apr\u00e8s la sortie de son morceau \u00ab\u00a0Moi\u2026 Lolita\u00a0\u00bb, Aliz\u00e9e s\u2019est offert&hellip;\n","protected":false},"author":2,"featured_media":402961,"comment_status":"","ping_status":"","sticky":false,"template":"","format":"standard","meta":{"footnotes":""},"categories":[1355],"tags":[5622,5551,1697,194,58,59,1011,27,1361,873,13995],"class_list":{"0":"post-402960","1":"post","2":"type-post","3":"status-publish","4":"format-standard","5":"has-post-thumbnail","7":"category-musique","8":"tag-ajaccio","9":"tag-chanson-francaise","10":"tag-concert","11":"tag-danse-avec-les-stars","12":"tag-divertissement","13":"tag-entertainment","14":"tag-fr","15":"tag-france","16":"tag-music","17":"tag-musique","18":"tag-mylene-farmer"},"share_on_mastodon":{"url":"https:\/\/pubeurope.com\/@fr\/115232373913588278","error":""},"_links":{"self":[{"href":"https:\/\/www.europesays.com\/fr\/wp-json\/wp\/v2\/posts\/402960","targetHints":{"allow":["GET"]}}],"collection":[{"href":"https:\/\/www.europesays.com\/fr\/wp-json\/wp\/v2\/posts"}],"about":[{"href":"https:\/\/www.europesays.com\/fr\/wp-json\/wp\/v2\/types\/post"}],"author":[{"embeddable":true,"href":"https:\/\/www.europesays.com\/fr\/wp-json\/wp\/v2\/users\/2"}],"replies":[{"embeddable":true,"href":"https:\/\/www.europesays.com\/fr\/wp-json\/wp\/v2\/comments?post=402960"}],"version-history":[{"count":0,"href":"https:\/\/www.europesays.com\/fr\/wp-json\/wp\/v2\/posts\/402960\/revisions"}],"wp:featuredmedia":[{"embeddable":true,"href":"https:\/\/www.europesays.com\/fr\/wp-json\/wp\/v2\/media\/402961"}],"wp:attachment":[{"href":"https:\/\/www.europesays.com\/fr\/wp-json\/wp\/v2\/media?parent=402960"}],"wp:term":[{"taxonomy":"category","embeddable":true,"href":"https:\/\/www.europesays.com\/fr\/wp-json\/wp\/v2\/categories?post=402960"},{"taxonomy":"post_tag","embeddable":true,"href":"https:\/\/www.europesays.com\/fr\/wp-json\/wp\/v2\/tags?post=402960"}],"curies":[{"name":"wp","href":"https:\/\/api.w.org\/{rel}","templated":true}]}}