{"id":402993,"date":"2025-09-19T18:44:09","date_gmt":"2025-09-19T18:44:09","guid":{"rendered":"https:\/\/www.europesays.com\/fr\/402993\/"},"modified":"2025-09-19T18:44:09","modified_gmt":"2025-09-19T18:44:09","slug":"rouen-reconstruction-ou-architecture-insolite-les-evenements-a-ne-pas-louper-pour-les-journees-du-patrimoine","status":"publish","type":"post","link":"https:\/\/www.europesays.com\/fr\/402993\/","title":{"rendered":"Rouen. Reconstruction ou architecture insolite, les \u00e9v\u00e9nements \u00e0 ne pas louper pour les journ\u00e9es du patrimoine"},"content":{"rendered":"<p>            Par<br \/>\n        <strong><br \/>\n            <a href=\"https:\/\/actu.fr\/auteur\/jessie-leclerc\" title=\"Consulter tous les articles de Jessie Leclerc\" target=\"_blank\" rel=\"noopener\">Jessie Leclerc<\/a><br \/>\n        <\/strong><\/p>\n<p>        Publi\u00e9 le<\/p>\n<p>            19 sept. 2025 \u00e0 19h08        <\/p>\n<p>Qui dit rentr\u00e9e de septembre dit <strong>journ\u00e9es du patrimoine\u2009!<\/strong> Et \u00e0 <a href=\"https:\/\/actu.fr\/normandie\/rouen_76540\" target=\"_blank\" rel=\"noopener\">Rouen<\/a> (Seine-Maritime), l\u2019accent est d\u2019ailleurs particuli\u00e8rement mis \u00e9galement sur le matrimoine. Du samedi 20\u00a0septembre au dimanche 21\u00a0septembre 2025, de (tr\u00e8s) nombreux \u00e9v\u00e9nements sont au programme dans la capitale normande.<\/p>\n<p>Un th\u00e8me\u2009: le patrimoine architectural<\/p>\n<p class=\" wall-content\">Des journ\u00e9es d\u2019autant plus importantes que \u00ab\u2009la culture et l\u2019\u00e9galit\u00e9 sont attaqu\u00e9es de partout. Y compris par la ministre de la Culture\u2009\u00bb, d\u00e9nonce <strong>Nicolas Mayer-Rossignol<\/strong>, le maire, en assumant le \u00ab\u2009message politique\u2009\u00bb qui peut \u00eatre v\u00e9hicul\u00e9 dans cette manifestation.<\/p>\n<p class=\" wall-content\">Cette ann\u00e9e, le th\u00e8me retenu est <strong>le patrimoine architectural<\/strong>. L\u2019accent sera donc mis sur toutes les architectures qu\u2019on peut retrouver dans la M\u00e9tropole. Avec des centaines de rendez-vous et presque plus de cinquante pour ce qui concerne la mise en valeur du matrimoine dans la m\u00e9tropole, <strong>le programme est dense<\/strong>. Et pour y voir plus clair, justement, voici notre s\u00e9lection des rendez-vous \u00e0 ne pas manquer cette ann\u00e9e.<\/p>\n<ul class=\" wall-content\">\n<li><strong>Une exposition sur la reconstruction de Rouen<\/strong><\/li>\n<\/ul>\n<p class=\" wall-content\">S\u2019il fallait en retenir qu\u2019une, \u00e7a serait peut-\u00eatre bien celle-l\u00e0. Pour les journ\u00e9es du patrimoine, l\u2019h\u00f4tel de ville de Rouen va pr\u00e9senter l\u2019exposition \u00ab\u2009La Reconstruction de Rouen\u2009: des innovations devenues patrimoine autour de la Seine\u2009\u00bb. Une plong\u00e9e dans la reconstruction (tardive \u2013 faut-il le rappeler) de la capitale normande apr\u00e8s la guerre.<\/p>\n<p><strong>Visite guid\u00e9e<\/strong>. Dimanche 21\u00a0septembre \u00e0 11h, 14h, 16h (dur\u00e9e une heure). Jauge limit\u00e9e, r\u00e9servation sur <a href=\"https:\/\/formulaires.demarches.rouen.fr\/evenement\/inscription-aux-visites-pour-les-journees-du-patrimoine-et-du-matrimoine-2025\/\" target=\"_blank\" rel=\"noopener\">rouen.fr<\/a><\/p>\n<ul class=\" wall-content\">\n<li><strong>L\u2019unique chapelle Saint-Julien<\/strong><\/li>\n<\/ul>\n<p class=\" wall-content\">Direction Petit-Quevilly et la chapelle Saint-Julien, construite au XIIe\u00a0si\u00e8cle. Il s\u2019agit du seul monument de l\u2019art roman de toute la m\u00e9tropole. Et son histoire est exceptionnelle. L\u00e9proserie pendant un temps, elle deviendra une grange \u00e0 foin avant d\u2019\u00eatre un lieu culturel aujourd\u2019hui.<\/p>\n<p>Votre r\u00e9gion, votre actu !<\/p>\n<p>Recevez chaque jour les infos qui comptent pour vous.<\/p>\n<p>\t<a href=\"https:\/\/actu.fr\/newsletter\" class=\"ac-btn ac-btn--corner ac-btn--medium ac-btn--blue800\" target=\"_blank\" rel=\"noopener\">S&rsquo;incrire<\/a><\/p>\n<p><strong>Visite libre.<\/strong> Samedi et dimanche, de 14h \u00e0 18h.<\/p>\n<ul class=\" wall-content\">\n<li><strong>Une dr\u00f4le de visite de l\u2019A\u00eetre Saint-Maclou<\/strong><\/li>\n<\/ul>\n<p class=\" wall-content\">Parce que les visites guid\u00e9es traditionnelles ne sont pas du go\u00fbt de tous, certain innovent, comme \u00e0 l\u2019A\u00eetre Saint-Maclou. L\u2019ancien ossuaire propose une visite d\u00e9cal\u00e9e anim\u00e9e par une conteuse et une guide conf\u00e9renci\u00e8re. Ici, elles redonnent vie aux d\u00e9cors macabres \u00e0 travers des r\u00e9cits sur la Peste. Une balade tout en frissons et d\u00e9couvertes.<\/p>\n<p><strong>Dimanche 21\u00a0septembre \u00e0 11h<\/strong>. Rendez-vous au niveau du portail ext\u00e9rieur, 186, rue<br \/>Martainville.<\/p>\n<ul class=\" wall-content\">\n<li><strong>Dans les sous-sols de la ville<\/strong><\/li>\n<\/ul>\n<p class=\" wall-content\">Saviez-vous qu\u2019il existe un lieu cach\u00e9 unique sous le Palais de Justice de Rouen\u2009? Il s\u2019agit de la Maison Sublime, plus ancien monument juif de France. \u00c9difi\u00e9e il y a pr\u00e8s de neuf si\u00e8cles, elle t\u00e9moigne de l\u2019importance de la communaut\u00e9 juive dans la ville, au Moyen-\u00c2ge. Red\u00e9couverte il y a 40\u00a0ans, elle se d\u00e9voile aujourd\u2019hui au public gr\u00e2ce \u00e0 des visites guid\u00e9es.<\/p>\n<p><strong>Samedi\u00a020 et dimanche 21<\/strong>\u00a0<strong>septembre<\/strong> \u00e0 10h15, 13h30 et 15h15. Se pr\u00e9senter 15 min avant, 36 rue aux Juifs. R\u00e9servation sur <a href=\"https:\/\/www.visitezlamaisonsublime.fr\/event\/visites-journees-europeennes-du-patrimoine\/\" target=\"_blank\" rel=\"noopener\">visitezlamaisonsublime.fr<\/a><\/p>\n<ul class=\" wall-content\">\n<li><strong>Patrimoine maritime\u2009: construire un petit bateau en bois<\/strong><\/li>\n<\/ul>\n<p class=\" wall-content\">Le mus\u00e9e maritime, fluvial et portuaire de Rouen ouvre grand ses portes pour les journ\u00e9es du patrimoine. Des visites guid\u00e9es pens\u00e9es pour l\u2019occasion donneront un aper\u00e7u synth\u00e9tique du contenu du mus\u00e9e et de l\u2019exposition temporaire Aviron et Impressionnisme. Cerise sur le g\u00e2teau, un atelier est propos\u00e9 aux familles pour apprendre les rudiments de la construction navale et fabriquer son petit bateau en bois.<\/p>\n<p><strong>Visites guid\u00e9es\u2009: <\/strong>Les 19, 20 et 21\u00a0septembre de 10h \u00e0 18h, gratuit.<strong> Atelier\u2009:<\/strong> samedi 20\u00a0septembre de 10h \u00e0 16h, 2\u00a0\u20ac de 10\u00a0ans \u00e0 16\u00a0ans, 4\u00a0\u20ac pour les plus de 16\u00a0ans.<\/p>\n<p class=\" wall-content\"><strong>Avec Thomas Rideau<\/strong><\/p>\n<p>Suivez l\u2019actualit\u00e9 de Rouen <a href=\"https:\/\/www.whatsapp.com\/channel\/0029VaKfnf99hXF2ddApFB1D\" target=\"_blank\" rel=\"noopener\">sur notre cha\u00eene WhatsApp<\/a> et <a href=\"https:\/\/www.tiktok.com\/@76actu.fr?lang=fr\" target=\"_blank\" rel=\"noopener\">sur notre compte TikTok<\/a><\/p>\n<p class=\" wall-content\">Personnalisez votre actualit\u00e9 en ajoutant vos villes et m\u00e9dias en favori avec <a href=\"https:\/\/moncompte.actu.fr\" title=\"D\u00e9couvez Mon Actu\" rel=\"nofollow noopener\" data-trk=\"{&quot;cta&quot;:{&quot;action&quot;:&quot;https:\\\/\\\/moncompte.actu.fr&quot;,&quot;category&quot;:&quot;mon compte&quot;,&quot;from&quot;:&quot;article footer&quot;,&quot;name&quot;:&quot;Mon actu&quot;,&quot;type&quot;:&quot;cta&quot;}}\" target=\"_blank\">Mon Actu<\/a>.<\/p>\n<p>                    <script async src=\"\/\/www.tiktok.com\/embed.js\"><\/script><\/p>\n","protected":false},"excerpt":{"rendered":"Par Jessie Leclerc Publi\u00e9 le 19 sept. 2025 \u00e0 19h08 Qui dit rentr\u00e9e de septembre dit journ\u00e9es du&hellip;\n","protected":false},"author":2,"featured_media":402994,"comment_status":"","ping_status":"","sticky":false,"template":"","format":"standard","meta":{"footnotes":""},"categories":[9587],"tags":[1111,11,9086,1777,674,1011,27,47275,1652,12,5161,2551,25,9590],"class_list":{"0":"post-402993","1":"post","2":"type-post","3":"status-publish","4":"format-standard","5":"has-post-thumbnail","7":"category-rouen","8":"tag-actu","9":"tag-actualites","10":"tag-bon-plan-a-rouen","11":"tag-eu","12":"tag-europe","13":"tag-fr","14":"tag-france","15":"tag-journees-europeennes-du-patrimoine","16":"tag-loisirs-culture","17":"tag-news","18":"tag-normandie","19":"tag-patrimoine","20":"tag-republique-francaise","21":"tag-rouen"},"share_on_mastodon":{"url":"https:\/\/pubeurope.com\/@fr\/115232444580513717","error":""},"_links":{"self":[{"href":"https:\/\/www.europesays.com\/fr\/wp-json\/wp\/v2\/posts\/402993","targetHints":{"allow":["GET"]}}],"collection":[{"href":"https:\/\/www.europesays.com\/fr\/wp-json\/wp\/v2\/posts"}],"about":[{"href":"https:\/\/www.europesays.com\/fr\/wp-json\/wp\/v2\/types\/post"}],"author":[{"embeddable":true,"href":"https:\/\/www.europesays.com\/fr\/wp-json\/wp\/v2\/users\/2"}],"replies":[{"embeddable":true,"href":"https:\/\/www.europesays.com\/fr\/wp-json\/wp\/v2\/comments?post=402993"}],"version-history":[{"count":0,"href":"https:\/\/www.europesays.com\/fr\/wp-json\/wp\/v2\/posts\/402993\/revisions"}],"wp:featuredmedia":[{"embeddable":true,"href":"https:\/\/www.europesays.com\/fr\/wp-json\/wp\/v2\/media\/402994"}],"wp:attachment":[{"href":"https:\/\/www.europesays.com\/fr\/wp-json\/wp\/v2\/media?parent=402993"}],"wp:term":[{"taxonomy":"category","embeddable":true,"href":"https:\/\/www.europesays.com\/fr\/wp-json\/wp\/v2\/categories?post=402993"},{"taxonomy":"post_tag","embeddable":true,"href":"https:\/\/www.europesays.com\/fr\/wp-json\/wp\/v2\/tags?post=402993"}],"curies":[{"name":"wp","href":"https:\/\/api.w.org\/{rel}","templated":true}]}}