{"id":40301,"date":"2025-04-21T01:33:11","date_gmt":"2025-04-21T01:33:11","guid":{"rendered":"https:\/\/www.europesays.com\/fr\/40301\/"},"modified":"2025-04-21T01:33:11","modified_gmt":"2025-04-21T01:33:11","slug":"rodeo-urbain-devant-des-dizaines-de-spectateurs-pres-de-rouen-deux-hommes-arretes","status":"publish","type":"post","link":"https:\/\/www.europesays.com\/fr\/40301\/","title":{"rendered":"Rod\u00e9o urbain devant des dizaines de spectateurs pr\u00e8s de Rouen : deux hommes arr\u00eat\u00e9s"},"content":{"rendered":"<p>            Par<br \/>\n        <strong><br \/>\n            <a href=\"https:\/\/actu.fr\/auteur\/vanessa-leroy\" title=\"Consulter tous les articles de Vanessa Leroy\" target=\"_blank\" rel=\"noopener\">Vanessa Leroy<\/a><br \/>\n        <\/strong><\/p>\n<p>        Publi\u00e9 le<\/p>\n<p>            20 avr. 2025 \u00e0 11h57        <\/p>\n<p>Il est 23h55 <strong>vendredi 18 avril 2025<\/strong> quand les policiers interviennent boulevard Cordonnier \u00e0 <a href=\"https:\/\/actu.fr\/normandie\/petit-couronne_76497\" target=\"_blank\" rel=\"noopener\">Petit-Couronne (Seine-Maritime)<\/a>.<\/p>\n<p class=\" wall-content\">Alors que les riverains aimeraient pouvoir dormir en paix, certains pr\u00e9f\u00e8rent s\u2019adonner \u00e0 <strong>un rod\u00e9o en voiture<\/strong> devant une foule compos\u00e9e de plusieurs dizaines de personnes expos\u00e9es au danger de ces courses urbaines.<\/p>\n<p class=\" wall-content\">Ag\u00e9s de 25 et 26 ans, les <strong>deux hommes ont \u00e9t\u00e9 interpell\u00e9s<\/strong> par les forces de l\u2019ordre. \u00ab\u00a0Ils ont \u00e9t\u00e9 plac\u00e9s en garde \u00e0 vue et seront convoqu\u00e9s ult\u00e9rieurement devant le tribunal judiciaire de Rouen, indique une source polici\u00e8re. <strong>Leurs v\u00e9hicules ont \u00e9t\u00e9 saisis<\/strong> jusqu\u2019\u00e0 la date de l\u2019audience.\u00a0\u00bb C\u2019est \u00e0 dire jusqu\u2019en octobre.<\/p>\n<p class=\" wall-content\">\n<p>Des rod\u00e9os urbains r\u00e9currents<\/p>\n<p class=\" wall-content\">Et de rappeler <strong>les risques encourus pour les auteurs de ce type de d\u00e9lit<\/strong> qui est passible d\u2019un an d\u2019emprisonnement et d\u2019une amende de 15 000 euros.<\/p>\n<p class=\" wall-content\">D\u00e9j\u00e0, <a href=\"https:\/\/actu.fr\/normandie\/saint-pierre-les-elbeuf_76640\/soiree-agitee-pres-de-rouen-avec-des-rassemblements-sauvages-de-voitures-et-des-rodeos-urbains_62503257.html\" target=\"_blank\" rel=\"noopener\">le 11 avril 2025, les policiers avaient d\u00fb intervenir<\/a> \u00e0 Saint-Pierre-l\u00e8s-Elbeuf et Saint-Aubin-l\u00e8s-Elbeuf pour des rassemblements sauvages.<\/p>\n<p>Vid\u00e9os : en ce moment sur Actu<\/p>\n<p class=\" wall-content\">Le 15 mars dernier, au Havre, <a href=\"https:\/\/actu.fr\/normandie\/le-havre_76351\/rodeos-urbains-au-havre-la-police-traque-les-delinquants-a-l-aide-d-un-drone_62384193.html\" target=\"_blank\" rel=\"noopener\">les policiers avaient arr\u00eat\u00e9 trois auteurs de rod\u00e9os urbains<\/a> dans la m\u00eame journ\u00e9e.<\/p>\n<p>Suivez l\u2019actualit\u00e9 de Rouen sur notre cha\u00eene WhatsApp et sur notre compte TikTok<\/p>\n<p class=\" wall-content\">Suivez toute l\u2019actualit\u00e9 de vos villes et m\u00e9dias favoris en vous inscrivant \u00e0 <a href=\"https:\/\/moncompte.actu.fr\" title=\"D\u00e9couvez Mon Actu\" rel=\"nofollow noopener\" data-trk=\"{&quot;cta&quot;:{&quot;action&quot;:&quot;https:\\\/\\\/moncompte.actu.fr&quot;,&quot;category&quot;:&quot;mon compte&quot;,&quot;from&quot;:&quot;article footer&quot;,&quot;name&quot;:&quot;Mon actu&quot;,&quot;type&quot;:&quot;cta&quot;}}\" target=\"_blank\">Mon Actu<\/a>.<\/p>\n","protected":false},"excerpt":{"rendered":"Par Vanessa Leroy Publi\u00e9 le 20 avr. 2025 \u00e0 11h57 Il est 23h55 vendredi 18 avril 2025 quand&hellip;\n","protected":false},"author":2,"featured_media":40302,"comment_status":"","ping_status":"","sticky":false,"template":"","format":"standard","meta":{"footnotes":""},"categories":[9587],"tags":[1111,11,1777,674,118,1011,27,12,5161,1072,25,5575,9590],"class_list":{"0":"post-40301","1":"post","2":"type-post","3":"status-publish","4":"format-standard","5":"has-post-thumbnail","7":"category-rouen","8":"tag-actu","9":"tag-actualites","10":"tag-eu","11":"tag-europe","12":"tag-faits-divers","13":"tag-fr","14":"tag-france","15":"tag-news","16":"tag-normandie","17":"tag-police","18":"tag-republique-francaise","19":"tag-rodeos-urbains","20":"tag-rouen"},"share_on_mastodon":{"url":"https:\/\/pubeurope.com\/@fr\/114373381636625417","error":""},"_links":{"self":[{"href":"https:\/\/www.europesays.com\/fr\/wp-json\/wp\/v2\/posts\/40301","targetHints":{"allow":["GET"]}}],"collection":[{"href":"https:\/\/www.europesays.com\/fr\/wp-json\/wp\/v2\/posts"}],"about":[{"href":"https:\/\/www.europesays.com\/fr\/wp-json\/wp\/v2\/types\/post"}],"author":[{"embeddable":true,"href":"https:\/\/www.europesays.com\/fr\/wp-json\/wp\/v2\/users\/2"}],"replies":[{"embeddable":true,"href":"https:\/\/www.europesays.com\/fr\/wp-json\/wp\/v2\/comments?post=40301"}],"version-history":[{"count":0,"href":"https:\/\/www.europesays.com\/fr\/wp-json\/wp\/v2\/posts\/40301\/revisions"}],"wp:featuredmedia":[{"embeddable":true,"href":"https:\/\/www.europesays.com\/fr\/wp-json\/wp\/v2\/media\/40302"}],"wp:attachment":[{"href":"https:\/\/www.europesays.com\/fr\/wp-json\/wp\/v2\/media?parent=40301"}],"wp:term":[{"taxonomy":"category","embeddable":true,"href":"https:\/\/www.europesays.com\/fr\/wp-json\/wp\/v2\/categories?post=40301"},{"taxonomy":"post_tag","embeddable":true,"href":"https:\/\/www.europesays.com\/fr\/wp-json\/wp\/v2\/tags?post=40301"}],"curies":[{"name":"wp","href":"https:\/\/api.w.org\/{rel}","templated":true}]}}