{"id":403011,"date":"2025-09-19T18:54:16","date_gmt":"2025-09-19T18:54:16","guid":{"rendered":"https:\/\/www.europesays.com\/fr\/403011\/"},"modified":"2025-09-19T18:54:16","modified_gmt":"2025-09-19T18:54:16","slug":"jacuzzi-terrain-de-basket-quel-est-cet-impressionnant-yacht-amarre-devant-le-port-de-saint-laurent-du-var","status":"publish","type":"post","link":"https:\/\/www.europesays.com\/fr\/403011\/","title":{"rendered":"Jacuzzi, terrain de basket&#8230; Quel est cet impressionnant yacht amarr\u00e9 devant le port de Saint-Laurent-du-Var?"},"content":{"rendered":"<p>Si vous avez r\u00e9cemment emprunt\u00e9 la promenade entre<strong> Saint-Laurent-du-Var et Cagnes-sur-Mer<\/strong> vous avez s\u00fbrement rep\u00e9r\u00e9 ce navire au large.\u00a0<\/p>\n<p>Avec ses proportions impressionnantes et son \u00e9tonnante cage sur le pont sup\u00e9rieur, cet imposant<strong> yacht de 67 m\u00e8tres<\/strong> a attis\u00e9 la curiosit\u00e9 des promeneurs depuis plusieurs jours.\u00a0<\/p>\n<p><strong>Panier de basket et jacuzzi\u00a0<\/strong><\/p>\n<p>Fait pour accueillir pas moins de<strong> 23 invit\u00e9s \u00e0 son bord,<\/strong> ce bateau pr\u00e9nomm\u00e9 Maria a tout pour divertir ses voyageurs. Vu de loin, un d\u00e9tail ne passe pas inapper\u00e7u qui n&rsquo;est autre que le<strong> grand filet qui entoure l&rsquo;une des terrasses<\/strong>.\u00a0Il s&rsquo;agit d&rsquo;un espace pour pouvoir <strong>jouer au basketball.<\/strong> Mais cet espace n&rsquo;est pas la seule activit\u00e9 propos\u00e9e.\u00a0<\/p>\n<\/p>\n<p>Le MARIA est \u00e9quip\u00e9 des derni\u00e8res technologies, garantissant une conduite douce et agr\u00e9able pour tous \u00e0 bord. Il ne faut pas moins de <strong>18 membres d&rsquo;\u00e9quipage pour faire fonctionner le navire.\u00a0<\/strong><\/p>\n<p>\u00c0 l&rsquo;ext\u00e9rieur, une <strong>petite piscine<\/strong> et des <strong>jacuzzis<\/strong> sont \u00e0 disposition avec des bains de soleil un peu partout pour pouvoir profiter pleinement du soleil une fois en mer.\u00a0<\/p>\n<p>On retrouve \u00e9galement <strong>trois grandes terrasses, un salon tout confort,<\/strong> plusieurs <strong>suites luxueuses<\/strong> avec vue sur la mer \u00e9videmment, un bureau mais \u00e9galement une <strong>cuisine de professionnel<\/strong>, de quoi accueillir une petite brigade pour r\u00e9galer les invit\u00e9s \u00e0 bord.\u00a0<\/p>\n<p>                                <strong>Le propri\u00e9taire serait europ\u00e9en\u00a0<\/strong><\/p>\n<p>\u00a0L&rsquo;int\u00e9rieur est con\u00e7u dans un souci de luxe et de confort, selon le site sp\u00e9cialis\u00e9 <a href=\"https:\/\/www.superyachtfan.com\/fr\/yacht\/maria\/\" target=\"_blank\" rel=\"noopener nofollow\">SuperYacht.\u00a0<\/a><\/p>\n<p>Le <strong>yacht MARIA<\/strong> est un luxueux yacht \u00e0 moteur construit par Amels en <strong>2007<\/strong> et con\u00e7u par T\u00e9rence Disdale.<\/p>\n<p>Le nom de l&rsquo;actuel propri\u00e9taire n&rsquo;est pas connu, mais selon plusieurs sites, l&rsquo;information concordante est qu&rsquo;il <strong>appartiendrait \u00e0 un millionaire europ\u00e9en.\u00a0<\/strong><\/p>\n<p>La destination du bateau n&rsquo;est pour l&rsquo;instant pas connue, mais il semble profiter du beau temps de la C\u00f4te d&rsquo;Azur.\u00a0<\/p>\n","protected":false},"excerpt":{"rendered":"Si vous avez r\u00e9cemment emprunt\u00e9 la promenade entre Saint-Laurent-du-Var et Cagnes-sur-Mer vous avez s\u00fbrement rep\u00e9r\u00e9 ce navire au&hellip;\n","protected":false},"author":2,"featured_media":403012,"comment_status":"","ping_status":"","sticky":false,"template":"","format":"standard","meta":{"footnotes":""},"categories":[2819],"tags":[1111,11,1777,674,1011,27,1757,12,2401,882,25],"class_list":{"0":"post-403011","1":"post","2":"type-post","3":"status-publish","4":"format-standard","5":"has-post-thumbnail","7":"category-nice","8":"tag-actu","9":"tag-actualites","10":"tag-eu","11":"tag-europe","12":"tag-fr","13":"tag-france","14":"tag-insolite","15":"tag-news","16":"tag-nice","17":"tag-provence-alpes-cote-dazur","18":"tag-republique-francaise"},"share_on_mastodon":{"url":"https:\/\/pubeurope.com\/@fr\/115232483815244756","error":""},"_links":{"self":[{"href":"https:\/\/www.europesays.com\/fr\/wp-json\/wp\/v2\/posts\/403011","targetHints":{"allow":["GET"]}}],"collection":[{"href":"https:\/\/www.europesays.com\/fr\/wp-json\/wp\/v2\/posts"}],"about":[{"href":"https:\/\/www.europesays.com\/fr\/wp-json\/wp\/v2\/types\/post"}],"author":[{"embeddable":true,"href":"https:\/\/www.europesays.com\/fr\/wp-json\/wp\/v2\/users\/2"}],"replies":[{"embeddable":true,"href":"https:\/\/www.europesays.com\/fr\/wp-json\/wp\/v2\/comments?post=403011"}],"version-history":[{"count":0,"href":"https:\/\/www.europesays.com\/fr\/wp-json\/wp\/v2\/posts\/403011\/revisions"}],"wp:featuredmedia":[{"embeddable":true,"href":"https:\/\/www.europesays.com\/fr\/wp-json\/wp\/v2\/media\/403012"}],"wp:attachment":[{"href":"https:\/\/www.europesays.com\/fr\/wp-json\/wp\/v2\/media?parent=403011"}],"wp:term":[{"taxonomy":"category","embeddable":true,"href":"https:\/\/www.europesays.com\/fr\/wp-json\/wp\/v2\/categories?post=403011"},{"taxonomy":"post_tag","embeddable":true,"href":"https:\/\/www.europesays.com\/fr\/wp-json\/wp\/v2\/tags?post=403011"}],"curies":[{"name":"wp","href":"https:\/\/api.w.org\/{rel}","templated":true}]}}