{"id":403028,"date":"2025-09-19T19:03:10","date_gmt":"2025-09-19T19:03:10","guid":{"rendered":"https:\/\/www.europesays.com\/fr\/403028\/"},"modified":"2025-09-19T19:03:10","modified_gmt":"2025-09-19T19:03:10","slug":"a-marseille-des-agents-de-la-metropole-rackettaient-les-usagers-dune-dechetterie","status":"publish","type":"post","link":"https:\/\/www.europesays.com\/fr\/403028\/","title":{"rendered":"\u00c0 Marseille, des agents de la M\u00e9tropole rackettaient les usagers d\u2019une d\u00e9chetterie"},"content":{"rendered":"<p>L<a href=\"https:\/\/www.laprovence.com\/article\/edition-marseille\/5891785\/soupcon-dembrouille-dans-une-dechetterie-marseillaise.html\" target=\"_blank\" rel=\"noopener\">\u2019embrouille \u00ab\u00a0\u00e0 la marseillaise\u00a0\u00bb avait \u00e9t\u00e9 r\u00e9v\u00e9l\u00e9e en f\u00e9vrier\u00a02020 dans les colonnes de la Provence<\/a>. Plusieurs ann\u00e9es d\u2019investigations plus tard, conclues par la mise en examen de cinq agents de la M\u00e9tropole, elle s\u2019est traduite par une audience dite de fixation le 8\u00a0septembre dernier devant le tribunal correctionnel, le proc\u00e8s a finalement \u00e9t\u00e9 fix\u00e9 au 12\u00a0janvier\u00a02026.<\/p>\n<p>Une certitude\u00a0: les d\u00e9bats \u00e0 venir jetteront une lumi\u00e8re crue sur les pratiques d\u00e9voy\u00e9es qui ont eu cours pendant des ann\u00e9es dans au moins une d\u00e9chetterie, entre racket des usagers, bakchichs en \u00e9change de passe-droits, et \u00ab\u00a0chiffonnage\u00a0\u00bb syst\u00e9matique\u2026<\/p>\n<p>L\u2019ordonnance de renvoi que nous avons pu consulter d\u00e9crit de mani\u00e8re accablante un syst\u00e8me bien rod\u00e9 de corruption et de vols mis en place au sein du site Bonnefoy, dans les quartiers Est de Marseille, par des fonctionnaires en roue libre, agissant quasiment au vu et au su de tous.<\/p>\n<p>Jusqu\u2019au grain de sable qui grippe la m\u00e9canique. Il est d\u00e9pos\u00e9 le 6\u00a0mars\u00a02019. Ce jour-l\u00e0, un client de la d\u00e9chetterie se pr\u00e9sente dans l\u2019intention de d\u00e9charger plusieurs sacs de gravats. Mais \u00e0 son grand d\u00e9sarroi, un agent d\u2019accueil lui refuse l\u2019acc\u00e8s au motif qu\u2019il a une trop grande quantit\u00e9 &#8230;<\/p>\n","protected":false},"excerpt":{"rendered":"L\u2019embrouille \u00ab\u00a0\u00e0 la marseillaise\u00a0\u00bb avait \u00e9t\u00e9 r\u00e9v\u00e9l\u00e9e en f\u00e9vrier\u00a02020 dans les colonnes de la Provence. Plusieurs ann\u00e9es d\u2019investigations&hellip;\n","protected":false},"author":2,"featured_media":403029,"comment_status":"","ping_status":"","sticky":false,"template":"","format":"standard","meta":{"footnotes":""},"categories":[2814],"tags":[17,18305,1111,11,6891,1102,16455,154,2834,1777,674,274,1011,27,884,12,5912,882,25],"class_list":{"0":"post-403028","1":"post","2":"type-post","3":"status-publish","4":"format-standard","5":"has-post-thumbnail","7":"category-marseille","8":"tag-17","9":"tag-20e","10":"tag-actu","11":"tag-actualites","12":"tag-agents","13":"tag-breakingnews","14":"tag-depot","15":"tag-des","16":"tag-entre","17":"tag-eu","18":"tag-europe","19":"tag-faits-divers-justice","20":"tag-fr","21":"tag-france","22":"tag-marseille","23":"tag-news","24":"tag-par","25":"tag-provence-alpes-cote-dazur","26":"tag-republique-francaise"},"share_on_mastodon":{"url":"https:\/\/pubeurope.com\/@fr\/115232519245204819","error":""},"_links":{"self":[{"href":"https:\/\/www.europesays.com\/fr\/wp-json\/wp\/v2\/posts\/403028","targetHints":{"allow":["GET"]}}],"collection":[{"href":"https:\/\/www.europesays.com\/fr\/wp-json\/wp\/v2\/posts"}],"about":[{"href":"https:\/\/www.europesays.com\/fr\/wp-json\/wp\/v2\/types\/post"}],"author":[{"embeddable":true,"href":"https:\/\/www.europesays.com\/fr\/wp-json\/wp\/v2\/users\/2"}],"replies":[{"embeddable":true,"href":"https:\/\/www.europesays.com\/fr\/wp-json\/wp\/v2\/comments?post=403028"}],"version-history":[{"count":0,"href":"https:\/\/www.europesays.com\/fr\/wp-json\/wp\/v2\/posts\/403028\/revisions"}],"wp:featuredmedia":[{"embeddable":true,"href":"https:\/\/www.europesays.com\/fr\/wp-json\/wp\/v2\/media\/403029"}],"wp:attachment":[{"href":"https:\/\/www.europesays.com\/fr\/wp-json\/wp\/v2\/media?parent=403028"}],"wp:term":[{"taxonomy":"category","embeddable":true,"href":"https:\/\/www.europesays.com\/fr\/wp-json\/wp\/v2\/categories?post=403028"},{"taxonomy":"post_tag","embeddable":true,"href":"https:\/\/www.europesays.com\/fr\/wp-json\/wp\/v2\/tags?post=403028"}],"curies":[{"name":"wp","href":"https:\/\/api.w.org\/{rel}","templated":true}]}}