{"id":403030,"date":"2025-09-19T19:04:15","date_gmt":"2025-09-19T19:04:15","guid":{"rendered":"https:\/\/www.europesays.com\/fr\/403030\/"},"modified":"2025-09-19T19:04:15","modified_gmt":"2025-09-19T19:04:15","slug":"a-marseille-une-enquete-ouverte-apres-la-video-dune-femme-violentee-par-la-police-le-18-septembre","status":"publish","type":"post","link":"https:\/\/www.europesays.com\/fr\/403030\/","title":{"rendered":"\u00c0 Marseille, une enqu\u00eate ouverte apr\u00e8s la vid\u00e9o d\u2019une femme violent\u00e9e par la police le 18\u00a0septembre"},"content":{"rendered":"<p>        <img decoding=\"async\" loading=\"lazy\" src=\"https:\/\/www.europesays.com\/fr\/wp-content\/uploads\/2025\/09\/61217eb_upload-1-ydsuibivk05s-afp-20250919-766m7cr-v1-highres-francepoliticssocialprotestjusticepoli.jpeg\"  width=\"728\" height=\"410\" alt=\"Sur des images capt\u00e9es par l\u2019Agence France-Presse, une manifestante avait \u00e9t\u00e9 interpell\u00e9e violemment par des policiers jeudi 18\u00a0septembre \u00e0 Marseille. \"\/>  <\/p>\n<p>VIKEN KANTARCI \/ AFP<\/p>\n<p>Sur des images capt\u00e9es par l\u2019Agence France-Presse, une manifestante avait \u00e9t\u00e9 interpell\u00e9e violemment par des policiers jeudi 18\u00a0septembre \u00e0 Marseille. <\/p>\n<p class=\"asset asset-text\">JUSTICE &#8211; La mobilisation du 18\u00a0septembre a laiss\u00e9 des traces. Aux premi\u00e8res de la journ\u00e9e de gr\u00e8ve organis\u00e9e jeudi en France, <a href=\"https:\/\/www.huffingtonpost.fr\/faits-divers\/video\/en-seine-saint-denis-cette-video-d-un-policier-qui-violente-et-crache-sur-un-jeune-suscite-la-colere_254482.html\" target=\"_blank\" rel=\"noopener\">une vid\u00e9o virale relay\u00e9e sur les r\u00e9seaux sociaux<\/a> montrait une jeune femme violent\u00e9e par des policiers \u00e0 <a href=\"https:\/\/www.huffingtonpost.fr\/politique\/article\/benoit-payan-devoile-les-menaces-de-mort-recues-a-marseille-pour-avoir-mange-un-couscous_254558.html\" target=\"_blank\" rel=\"noopener\">Marseille<\/a>. Des images violentes qui provoquent l\u2019ouverture d\u2019une enqu\u00eate.<\/p>\n<p class=\"asset asset-text\">C\u2019est le parquet de Marseille qui a annonc\u00e9 ce vendredi 19\u00a0septembre avoir ouvert une enqu\u00eate apr\u00e8s la diffusion d\u2019images tourn\u00e9es par l\u2019AFPTV montrant cette jeune femme jet\u00e9e \u00e0 terre par des policiers. \u00ab\u00a0Une enqu\u00eate a \u00e9t\u00e9 ouverte du chef de violences ayant entra\u00een\u00e9 une incapacit\u00e9 totale de travail inf\u00e9rieure \u00e0 8 jours, commis par une personne d\u00e9positaire de l\u2019autorit\u00e9 publique et en r\u00e9union\u00a0\u00bb, a-t-on appris aupr\u00e8s du parquet.<\/p>\n<p class=\"asset asset-text\">Mais les investigations en lien avec cette vid\u00e9o ne s\u2019arr\u00eatent pas l\u00e0. En parall\u00e8le, une autre enqu\u00eate, interne \u00e0 la police, a \u00e9galement \u00e9t\u00e9 ouverte \u00ab\u00a0pour d\u00e9terminer les circonstances de cette intervention\u00a0\u00bb, a annonc\u00e9 \u00e0 l\u2019AFP la direction interd\u00e9partementale de la police nationale (DIPN).<\/p>\n<p class=\"asset asset-text\">Diffus\u00e9es par de nombreux m\u00e9dias fran\u00e7ais, et qualifi\u00e9es de <a href=\"https:\/\/www.huffingtonpost.fr\/france\/article\/greve-du-18-septembre-voici-les-chiffres-a-retenir-sur-la-journee-de-manifestation-partout-en-france_254997.html\" target=\"_blank\" rel=\"noopener\">\u00ab\u00a0violences polici\u00e8res\u00a0\u00bb<\/a> par des responsables politiques, ces images ont \u00e9t\u00e9 vues plusieurs dizaines de millions de fois et partag\u00e9es des dizaines de milliers de fois sur les r\u00e9seaux sociaux, selon un comptage effectu\u00e9 par l\u2019AFP ce vendredi.<\/p>\n<p> La lecture de ce contenu est susceptible d\u2019entra\u00eener un d\u00e9p\u00f4t de cookies de la part de l\u2019op\u00e9rateur tiers qui l\u2019h\u00e9berge. Compte-tenu des choix que vous avez exprim\u00e9s en mati\u00e8re de d\u00e9p\u00f4t de cookies, nous avons bloqu\u00e9 l\u2019affichage de ce contenu. Si vous souhaitez y acc\u00e9der, vous devez accepter la cat\u00e9gorie de cookies \u201cContenus tiers\u201d en cliquant sur le bouton ci-dessous. <\/p>\n<p> Lire la Vid\u00e9o              <\/p>\n<p class=\"asset asset-text\">Sur les images disponibles ci-dessus, un policier commence par donner un coup de pied dans les fesses d\u2019une manifestante en train de se relever. Il lui lance alors \u00ab\u00a0casse-toi\u00a0\u00bb. Bien que celle-ci r\u00e9ponde, visiblement secou\u00e9e, \u00ab\u00a0oui oui, je me casse\u00a0\u00bb, un autre la pousse et elle retombe au sol. Avant de partir, l\u2019air apeur\u00e9, en disant \u00ab\u00a0pardon, pardon\u00a0\u00bb. En revanche, le journaliste reporter d\u2019images de l\u2019AFP qui a capt\u00e9 la s\u00e9quence assure qu\u2019avant l\u2019incident, la jeune femme a tr\u00e9buch\u00e9 et est tomb\u00e9e toute seule sur la chauss\u00e9e.<\/p>\n<p>    \u00ab\u00a0Honteuse agression gratuite\u00a0\u00bb    <\/p>\n<p class=\"asset asset-text\">La sc\u00e8ne avait \u00e9t\u00e9 film\u00e9e vers 7\u00a0heures du matin jeudi \u00e0 Marseille, dans le quartier de la Joliette, o\u00f9 des petits groupes de manifestants qui tentaient de se rassembler ont \u00e9t\u00e9 rapidement dispers\u00e9s. Lors de l\u2019intervention des forces de l\u2019ordre, une quarantaine de personnes s\u2019\u00e9taient mises \u00e0 courir, poursuivies par des policiers en civil ou en uniforme et casqu\u00e9s au milieu de tirs de gaz lacrymog\u00e8nes. Des appels avaient \u00e9t\u00e9 lanc\u00e9s sur les r\u00e9seaux sociaux pour bloquer dans ce quartier le si\u00e8ge de l\u2019armateur CMA-CGM, propri\u00e9t\u00e9 du <a href=\"https:\/\/www.huffingtonpost.fr\/politique\/article\/macron-a-marseille-la-mise-a-pied-d-aurelien-viers-de-la-provence-relance-le-debat-sur-l-independance-des-medias_231652.html\" target=\"_blank\" rel=\"noopener\">milliardaire Rodolphe Saad\u00e9<\/a>.<\/p>\n<p class=\"asset asset-text\">La pr\u00e9fecture de police des Bouches-du-Rh\u00f4ne, contact\u00e9e jeudi par l\u2019AFP, avait fait \u00e9tat de la pr\u00e9sence de 200 manifestants \u00ab\u00a0hostiles\u00a0\u00bb pr\u00e8s du centre commercial des Terrasses du port, dans le m\u00eame quartier, ajoutant qu\u2019une centaine de personnes avaient \u00e9t\u00e9 contr\u00f4l\u00e9es et 22 interpell\u00e9es. \u00ab\u00a0Il y a bien eu des demandes d\u2019\u00e9vacuation et de sommation. Au regard de cette vid\u00e9o rien ne contrevient \u00e0 la doctrine du maintien de l\u2019ordre\u00a0\u00bb, expliquait une source polici\u00e8re \u00e0 l\u2019AFP jeudi.<\/p>\n<p class=\"asset asset-text\">Malgr\u00e9 ces explications, l\u2019intervention polici\u00e8re a suscit\u00e9 l\u2019indignation de nombreux internautes et personnalit\u00e9s politiques comme le d\u00e9put\u00e9 de Marseille insoumis Manuel Bompard\u00a0qui a d\u00e9nonc\u00e9 sur X une \u00ab\u00a0honteuse agression gratuite\u00a0\u00bb. La leader \u00e9cologiste Marine Tondelier a elle jug\u00e9 que \u00ab\u00a0ces violences polici\u00e8res sont graves. On ne peut pas brutaliser ainsi impun\u00e9ment une manifestante\u00a0\u00bb.<\/p>\n","protected":false},"excerpt":{"rendered":"VIKEN KANTARCI \/ AFP Sur des images capt\u00e9es par l\u2019Agence France-Presse, une manifestante avait \u00e9t\u00e9 interpell\u00e9e violemment par&hellip;\n","protected":false},"author":2,"featured_media":403031,"comment_status":"","ping_status":"","sticky":false,"template":"","format":"standard","meta":{"footnotes":""},"categories":[2814],"tags":[1111,11,1067,1777,674,1011,27,6151,303,2088,884,12,1072,882,25,7374],"class_list":{"0":"post-403030","1":"post","2":"type-post","3":"status-publish","4":"format-standard","5":"has-post-thumbnail","7":"category-marseille","8":"tag-actu","9":"tag-actualites","10":"tag-enquete","11":"tag-eu","12":"tag-europe","13":"tag-fr","14":"tag-france","15":"tag-greve","16":"tag-justice","17":"tag-manifestation","18":"tag-marseille","19":"tag-news","20":"tag-police","21":"tag-provence-alpes-cote-dazur","22":"tag-republique-francaise","23":"tag-violences-policieres"},"share_on_mastodon":{"url":"https:\/\/pubeurope.com\/@fr\/115232523830499931","error":""},"_links":{"self":[{"href":"https:\/\/www.europesays.com\/fr\/wp-json\/wp\/v2\/posts\/403030","targetHints":{"allow":["GET"]}}],"collection":[{"href":"https:\/\/www.europesays.com\/fr\/wp-json\/wp\/v2\/posts"}],"about":[{"href":"https:\/\/www.europesays.com\/fr\/wp-json\/wp\/v2\/types\/post"}],"author":[{"embeddable":true,"href":"https:\/\/www.europesays.com\/fr\/wp-json\/wp\/v2\/users\/2"}],"replies":[{"embeddable":true,"href":"https:\/\/www.europesays.com\/fr\/wp-json\/wp\/v2\/comments?post=403030"}],"version-history":[{"count":0,"href":"https:\/\/www.europesays.com\/fr\/wp-json\/wp\/v2\/posts\/403030\/revisions"}],"wp:featuredmedia":[{"embeddable":true,"href":"https:\/\/www.europesays.com\/fr\/wp-json\/wp\/v2\/media\/403031"}],"wp:attachment":[{"href":"https:\/\/www.europesays.com\/fr\/wp-json\/wp\/v2\/media?parent=403030"}],"wp:term":[{"taxonomy":"category","embeddable":true,"href":"https:\/\/www.europesays.com\/fr\/wp-json\/wp\/v2\/categories?post=403030"},{"taxonomy":"post_tag","embeddable":true,"href":"https:\/\/www.europesays.com\/fr\/wp-json\/wp\/v2\/tags?post=403030"}],"curies":[{"name":"wp","href":"https:\/\/api.w.org\/{rel}","templated":true}]}}