{"id":403032,"date":"2025-09-19T19:05:12","date_gmt":"2025-09-19T19:05:12","guid":{"rendered":"https:\/\/www.europesays.com\/fr\/403032\/"},"modified":"2025-09-19T19:05:12","modified_gmt":"2025-09-19T19:05:12","slug":"trois-adjoints-pousses-vers-la-sortie-par-doucet","status":"publish","type":"post","link":"https:\/\/www.europesays.com\/fr\/403032\/","title":{"rendered":"trois adjoints pouss\u00e9s vers la sortie par Doucet\u00a0?"},"content":{"rendered":"<p>\u00c0 six mois du terme de son mandat, le candidat maire <a href=\"https:\/\/www.leprogres.fr\/p\/gregory-doucet\" target=\"_blank\" rel=\"nofollow noopener\">Gr\u00e9gory Doucet<\/a> (Les \u00c9cologistes) peaufine le casting de son \u00e9quipe pour 2026. Le premier magistrat lyonnais aurait pris la d\u00e9cision, en cas de r\u00e9\u00e9lection en mars prochain, de ne pas reconduire trois de ses adjoints dans leur d\u00e9l\u00e9gation.<\/p>\n<p>Selon les informations de nos confr\u00e8res de <a href=\"https:\/\/tribunedelyon.fr\/politique\/gregory-doucet-ecarte-trois-adjoints-2026-mohamed-chihi\/\" target=\"_blank\" rel=\"nofollow noopener\">Tribune de Lyon<\/a>, Mohamed Chihi (S\u00e9curit\u00e9), C\u00e9line de Laurens (Sant\u00e9) et Chlo\u00eb Vidal (D\u00e9mocratie locale) seront \u00e9cart\u00e9s.<\/p>\n<p>  Chihi se voyait continuer<\/p>\n<p>\u00ab\u00a0Je suis fier des r\u00e9sultats obtenus, ce mandat est un honneur. J\u2019y ai mis toute mon \u00e9nergie, et je vais continuer \u00e0 le faire\u00a0\u00bb, d\u00e9clarait pourtant en mars le premier cit\u00e9, <a href=\"https:\/\/www.leprogres.fr\/faits-divers-justice\/2025\/03\/30\/mohamed-chihi-la-baisse-des-effectifs-de-police-municipale-avait-commence-avant-nous\" target=\"_blank\" rel=\"nofollow noopener\">interrog\u00e9 par Le Progr\u00e8s quant \u00e0 sa volont\u00e9 de rempiler ou non en 2026.<\/a> Je souhaite continuer \u00e0 servir dans le cadre de l\u2019\u00e9cologie politique, et d\u2019une approche humaniste. Je contribuerai, en m\u2019engageant au c\u00f4t\u00e9 de Gr\u00e9gory Doucet, afin de poursuivre ce que nous avons initi\u00e9.\u00a0\u00bb<\/p>\n<p>Contact\u00e9 \u00e0 nouveau ce vendredi 19\u00a0septembre, l\u2019\u00e9lu a indiqu\u00e9 au Progr\u00e8s ne pas vouloir faire de commentaires \u00ab\u00a0pour le moment\u00a0\u00bb.<\/p>\n<p>Toujours selon nos confr\u00e8res, quatre autres adjoints, membres de l\u2019ex\u00e9cutif actuel, ne solliciteront pas une nouvelle \u00e9charpe tricolore\u00a0: cette fois en raison de choix ou d\u2019obligations personnelles. Il s\u2019agit de Camille Augey (\u00c9conomie durable), Bertrand Maes (Administration g\u00e9n\u00e9rale), Sonia Zdorovtzoff (Relations internationales) et Jean-Luc Girault (Politique de la ville).<\/p>\n","protected":false},"excerpt":{"rendered":"\u00c0 six mois du terme de son mandat, le candidat maire Gr\u00e9gory Doucet (Les \u00c9cologistes) peaufine le casting&hellip;\n","protected":false},"author":2,"featured_media":403033,"comment_status":"","ping_status":"","sticky":false,"template":"","format":"standard","meta":{"footnotes":""},"categories":[1889],"tags":[1111,11,2430,2757,4188,1777,674,107,1011,27,2428,2756,12,316,25,2429],"class_list":{"0":"post-403032","1":"post","2":"type-post","3":"status-publish","4":"format-standard","5":"has-post-thumbnail","7":"category-lyon","8":"tag-actu","9":"tag-actualites","10":"tag-auvergne-rhone-alpes","11":"tag-edition-lyon-villeurbanne","12":"tag-elections-municipales","13":"tag-eu","14":"tag-europe","15":"tag-fil-info","16":"tag-fr","17":"tag-france","18":"tag-lyon","19":"tag-lyon-bassin","20":"tag-news","21":"tag-politique","22":"tag-republique-francaise","23":"tag-rhone"},"share_on_mastodon":{"url":"https:\/\/pubeurope.com\/@fr\/115232527037907788","error":""},"_links":{"self":[{"href":"https:\/\/www.europesays.com\/fr\/wp-json\/wp\/v2\/posts\/403032","targetHints":{"allow":["GET"]}}],"collection":[{"href":"https:\/\/www.europesays.com\/fr\/wp-json\/wp\/v2\/posts"}],"about":[{"href":"https:\/\/www.europesays.com\/fr\/wp-json\/wp\/v2\/types\/post"}],"author":[{"embeddable":true,"href":"https:\/\/www.europesays.com\/fr\/wp-json\/wp\/v2\/users\/2"}],"replies":[{"embeddable":true,"href":"https:\/\/www.europesays.com\/fr\/wp-json\/wp\/v2\/comments?post=403032"}],"version-history":[{"count":0,"href":"https:\/\/www.europesays.com\/fr\/wp-json\/wp\/v2\/posts\/403032\/revisions"}],"wp:featuredmedia":[{"embeddable":true,"href":"https:\/\/www.europesays.com\/fr\/wp-json\/wp\/v2\/media\/403033"}],"wp:attachment":[{"href":"https:\/\/www.europesays.com\/fr\/wp-json\/wp\/v2\/media?parent=403032"}],"wp:term":[{"taxonomy":"category","embeddable":true,"href":"https:\/\/www.europesays.com\/fr\/wp-json\/wp\/v2\/categories?post=403032"},{"taxonomy":"post_tag","embeddable":true,"href":"https:\/\/www.europesays.com\/fr\/wp-json\/wp\/v2\/tags?post=403032"}],"curies":[{"name":"wp","href":"https:\/\/api.w.org\/{rel}","templated":true}]}}