{"id":403034,"date":"2025-09-19T19:06:43","date_gmt":"2025-09-19T19:06:43","guid":{"rendered":"https:\/\/www.europesays.com\/fr\/403034\/"},"modified":"2025-09-19T19:06:43","modified_gmt":"2025-09-19T19:06:43","slug":"la-societe-des-journalistes-de-france-televisions-pointe-les-forces-de-lordre","status":"publish","type":"post","link":"https:\/\/www.europesays.com\/fr\/403034\/","title":{"rendered":"la Soci\u00e9t\u00e9 des journalistes de France t\u00e9l\u00e9visions pointe les forces de l\u2019ordre"},"content":{"rendered":"<p>Si la manifestation, qui a r\u00e9uni entre 14 000 et 20 000 personnes jeudi \u00e0 Lyon, s\u2019est d\u00e9roul\u00e9e globalement dans le calme, une situation de tensions a eu lieu au niveau de Saxe-Gambetta. Vers 12 h 30, des manifestants radicaux, plac\u00e9s devant le cort\u00e8ge de l\u2019intersyndicale, ont tir\u00e9 des mortiers d\u2019artifice en direction des forces de l\u2019ordre. Ces derni\u00e8res ont alors r\u00e9pliqu\u00e9 avec des lacrymog\u00e8nes et selon des t\u00e9moins, des grenades de d\u00e9sencerclement.<\/p>\n<p>Si nous \u00e9tions \u00e0 quelques m\u00e8tres de notre confr\u00e8re jeudi, nous n\u2019avons pas pu voir quelle \u00e9tait la cause exacte de sa blessure. La SDJ de France t\u00e9l\u00e9visions indique dans un communiqu\u00e9 qu\u2019il a re\u00e7u un projectile sur son sac \u00e0 dos. \u00ab L\u2019engin a explos\u00e9, d\u00e9chirant le sac et sa chemise entra\u00eenant des br\u00fblures au dos et des acouph\u00e8nes. \u00c9tant donn\u00e9 la trajectoire du projectile, il para\u00eet \u00e9vident qu\u2019il provient des forces de l\u2019ordre. Sans pr\u00e9sumer l\u2019intention du geste, il est inacceptable que des journalistes soient victimes d\u2019un tir de grenade, dans l\u2019exercice de leur m\u00e9tier \u00bb, insiste la SDJ de France t\u00e9l\u00e9.<\/p>\n<p>  \u00ab Pas encore d\u2019\u00e9l\u00e9ments \u00bb sur l\u2019origine du tir<\/p>\n<p>La pr\u00e9fecture du Rh\u00f4ne assure ce vendredi qu\u2019elle n\u2019a \u00ab pas encore d\u2019\u00e9l\u00e9ments permettant d\u2019identifier l\u2019origine du tir \u00bb et rappelle que \u00ab le journaliste a \u00e9t\u00e9 pris en charge par les secouristes des CRS avant l\u2019arriv\u00e9e des pompiers. \u00bb En ce qui concerne le contexte, elle \u00e9voque \u00ab une s\u00e9quence violente \u00bb : \u00ab les policiers faisaient l\u2019objet de tirs de mortier et de jets de projectiles \u00bb et \u00ab les individus violents commen\u00e7aient \u00e0 attaquer une banque. \u00bb C\u2019est aussi \u00e0 ce moment, selon la pr\u00e9fecture, qu\u2019un policier a \u00e9t\u00e9 bless\u00e9 \u00e0 la dent par un jet de projectile.<\/p>\n","protected":false},"excerpt":{"rendered":"Si la manifestation, qui a r\u00e9uni entre 14 000 et 20 000 personnes jeudi \u00e0 Lyon, s\u2019est d\u00e9roul\u00e9e&hellip;\n","protected":false},"author":2,"featured_media":403035,"comment_status":"","ping_status":"","sticky":false,"template":"","format":"standard","meta":{"footnotes":""},"categories":[1889],"tags":[1111,11,2430,9671,271,272,2757,1777,674,274,107,1011,27,2428,12,25,2429],"class_list":{"0":"post-403034","1":"post","2":"type-post","3":"status-publish","4":"format-standard","5":"has-post-thumbnail","7":"category-lyon","8":"tag-actu","9":"tag-actualites","10":"tag-auvergne-rhone-alpes","11":"tag-conflit-social","12":"tag-crime","13":"tag-delit-et-contravention","14":"tag-edition-lyon-villeurbanne","15":"tag-eu","16":"tag-europe","17":"tag-faits-divers-justice","18":"tag-fil-info","19":"tag-fr","20":"tag-france","21":"tag-lyon","22":"tag-news","23":"tag-republique-francaise","24":"tag-rhone"},"share_on_mastodon":{"url":"https:\/\/pubeurope.com\/@fr\/115232530979689286","error":""},"_links":{"self":[{"href":"https:\/\/www.europesays.com\/fr\/wp-json\/wp\/v2\/posts\/403034","targetHints":{"allow":["GET"]}}],"collection":[{"href":"https:\/\/www.europesays.com\/fr\/wp-json\/wp\/v2\/posts"}],"about":[{"href":"https:\/\/www.europesays.com\/fr\/wp-json\/wp\/v2\/types\/post"}],"author":[{"embeddable":true,"href":"https:\/\/www.europesays.com\/fr\/wp-json\/wp\/v2\/users\/2"}],"replies":[{"embeddable":true,"href":"https:\/\/www.europesays.com\/fr\/wp-json\/wp\/v2\/comments?post=403034"}],"version-history":[{"count":0,"href":"https:\/\/www.europesays.com\/fr\/wp-json\/wp\/v2\/posts\/403034\/revisions"}],"wp:featuredmedia":[{"embeddable":true,"href":"https:\/\/www.europesays.com\/fr\/wp-json\/wp\/v2\/media\/403035"}],"wp:attachment":[{"href":"https:\/\/www.europesays.com\/fr\/wp-json\/wp\/v2\/media?parent=403034"}],"wp:term":[{"taxonomy":"category","embeddable":true,"href":"https:\/\/www.europesays.com\/fr\/wp-json\/wp\/v2\/categories?post=403034"},{"taxonomy":"post_tag","embeddable":true,"href":"https:\/\/www.europesays.com\/fr\/wp-json\/wp\/v2\/tags?post=403034"}],"curies":[{"name":"wp","href":"https:\/\/api.w.org\/{rel}","templated":true}]}}