{"id":403055,"date":"2025-09-19T19:19:11","date_gmt":"2025-09-19T19:19:11","guid":{"rendered":"https:\/\/www.europesays.com\/fr\/403055\/"},"modified":"2025-09-19T19:19:11","modified_gmt":"2025-09-19T19:19:11","slug":"dans-les-airs-destonie-la-russie-continue-la-guerre-des-nerfs-avec-leurope-liberation","status":"publish","type":"post","link":"https:\/\/www.europesays.com\/fr\/403055\/","title":{"rendered":"Dans les airs d\u2019Estonie, la Russie continue la guerre des nerfs avec l\u2019Europe \u2013 Lib\u00e9ration"},"content":{"rendered":"<p class=\"sc-cPiKLX AiZTS text-element\">La confrontation avec la Russie vient-elle de monter d\u2019un cran ? Moscou continue de montrer les muscles et de narguer l\u2019Europe. <a href=\"https:\/\/www.liberation.fr\/international\/europe\/une-audace-sans-precedent-lestonie-denonce-une-violation-sans-precedent-de-son-espace-aerien-par-trois-avions-de-combat-russes-20250919_HLAICE2JQZH3JAGK6QYU2AMO4U\/\" target=\"_blank\" rel=\"noreferrer noopener\" title=\"https:\/\/www.liberation.fr\/international\/europe\/une-audace-sans-precedent-lestonie-denonce-une-violation-sans-precedent-de-son-espace-aerien-par-trois-avions-de-combat-russes-20250919_HLAICE2JQZH3JAGK6QYU2AMO4U\/\">Trois de ses MiG-31 sont entr\u00e9s ce vendredi dans l\u2019espace a\u00e9rien de l\u2019Estonie,<\/a> un pays membre de l\u2019Otan et de l\u2019Union europ\u00e9enne, et y sont rest\u00e9s douze minutes au total. Une petite \u00e9ternit\u00e9. Un acte qui n\u2019est pas in\u00e9dit, car \u00abla Russie a d\u00e9j\u00e0 viol\u00e9 l\u2019espace a\u00e9rien estonien \u00e0 quatre reprises cette ann\u00e9e\u00bb, mais \u00abd\u2019une audace sans pr\u00e9c\u00e9dent\u00bb, a d\u00e9cri\u00e9 Tallinn en convoquant le charg\u00e9 d\u2019affaires de l\u2019ambassade de Russie, quelques jours \u00e0 peine apr\u00e8s <a href=\"https:\/\/www.liberation.fr\/international\/europe\/incursion-de-drones-en-pologne-la-defense-antiaerienne-est-une-question-fondamentale-pour-leurope-20250917_RNYYLNO2BZCSFGMNQI2VJJ5XWU\/\" target=\"_blank\" rel=\"noreferrer noopener\" title=\"https:\/\/www.liberation.fr\/international\/europe\/incursion-de-drones-en-pologne-la-defense-antiaerienne-est-une-question-fondamentale-pour-leurope-20250917_RNYYLNO2BZCSFGMNQI2VJJ5XWU\/\">les incursions  <\/a><\/p>\n","protected":false},"excerpt":{"rendered":"La confrontation avec la Russie vient-elle de monter d\u2019un cran ? Moscou continue de montrer les muscles et&hellip;\n","protected":false},"author":2,"featured_media":403056,"comment_status":"","ping_status":"","sticky":false,"template":"","format":"standard","meta":{"footnotes":""},"categories":[1586],"tags":[11,1909,1777,674,1011,27,5229,12,136,25,132,297],"class_list":{"0":"post-403055","1":"post","2":"type-post","3":"status-publish","4":"format-standard","5":"has-post-thumbnail","7":"category-europe","8":"tag-actualites","9":"tag-estonie","10":"tag-eu","11":"tag-europe","12":"tag-fr","13":"tag-france","14":"tag-kaja-kallas","15":"tag-news","16":"tag-otan","17":"tag-republique-francaise","18":"tag-russie","19":"tag-ukraine-la-crise"},"share_on_mastodon":{"url":"https:\/\/pubeurope.com\/@fr\/115232582168992005","error":""},"_links":{"self":[{"href":"https:\/\/www.europesays.com\/fr\/wp-json\/wp\/v2\/posts\/403055","targetHints":{"allow":["GET"]}}],"collection":[{"href":"https:\/\/www.europesays.com\/fr\/wp-json\/wp\/v2\/posts"}],"about":[{"href":"https:\/\/www.europesays.com\/fr\/wp-json\/wp\/v2\/types\/post"}],"author":[{"embeddable":true,"href":"https:\/\/www.europesays.com\/fr\/wp-json\/wp\/v2\/users\/2"}],"replies":[{"embeddable":true,"href":"https:\/\/www.europesays.com\/fr\/wp-json\/wp\/v2\/comments?post=403055"}],"version-history":[{"count":0,"href":"https:\/\/www.europesays.com\/fr\/wp-json\/wp\/v2\/posts\/403055\/revisions"}],"wp:featuredmedia":[{"embeddable":true,"href":"https:\/\/www.europesays.com\/fr\/wp-json\/wp\/v2\/media\/403056"}],"wp:attachment":[{"href":"https:\/\/www.europesays.com\/fr\/wp-json\/wp\/v2\/media?parent=403055"}],"wp:term":[{"taxonomy":"category","embeddable":true,"href":"https:\/\/www.europesays.com\/fr\/wp-json\/wp\/v2\/categories?post=403055"},{"taxonomy":"post_tag","embeddable":true,"href":"https:\/\/www.europesays.com\/fr\/wp-json\/wp\/v2\/tags?post=403055"}],"curies":[{"name":"wp","href":"https:\/\/api.w.org\/{rel}","templated":true}]}}