{"id":403068,"date":"2025-09-19T19:29:12","date_gmt":"2025-09-19T19:29:12","guid":{"rendered":"https:\/\/www.europesays.com\/fr\/403068\/"},"modified":"2025-09-19T19:29:12","modified_gmt":"2025-09-19T19:29:12","slug":"parlons-motogp-le-championnat-motoe-va-disparaitre-et-ca-cache-peut-etre-quelque-chose-dinquietant","status":"publish","type":"post","link":"https:\/\/www.europesays.com\/fr\/403068\/","title":{"rendered":"Parlons MotoGP\u00a0: Le championnat MotoE va dispara\u00eetre, et \u00e7a cache peut-\u00eatre quelque chose d\u2019inqui\u00e9tant"},"content":{"rendered":"<p><strong>Vous avez sans doute vu passer la nouvelle lors du Grand<br \/>\nPrix de Misano\u00a0: le championnat MotoE (la cat\u00e9gorie<br \/>\n\u00e9lectrique), va \u00eatre mis en pause \u00e0 la fin de la saison 2025. M\u00eame<br \/>\nsi je n\u2019ai jamais trait\u00e9 cette discipline dans mes articles, il me<br \/>\nparaissait important de revenir dessus car cela pourrait pr\u00e9sager<br \/>\nde plus inqui\u00e9tantes mesures.<\/strong><\/p>\n<p>\u00a0<\/p>\n<p>MotoE, et tout le reste ; l\u2019id\u00e9e du si\u00e8cle qui ne convainc<br \/>\npersonne<\/p>\n<p>\u00a0<\/p>\n<p>On ne va pas se mentir\u00a0: si vous lisez cette rubrique, je<br \/>\ndoute que vous soyez fortement int\u00e9ress\u00e9s par ce championnat. Mais<br \/>\navant de parler de piste et de r\u00e9sultats, je voulais revenir sur un<br \/>\npoint important\u00a0: Si cet arr\u00eat prouve bien une chose, c\u2019est<br \/>\nque l\u2019\u00e9lectrification des v\u00e9hicules n\u2019arrive pas \u00e0 plaire \u00e0 la<br \/>\nmasse populaire. Et il faut reconna\u00eetre que sur le coup, la DORNA a<br \/>\nparfaitement compris ce ph\u00e9nom\u00e8ne et arr\u00eate avant qu\u2019il ne soit<br \/>\ntrop tard. Lorsque la Formule 1 est pass\u00e9 \u00e0 l\u2019hybride en 2014, on<br \/>\npensait qu\u2019il s\u2019agissait d\u2019un pas vers le futur, suivi par la<br \/>\nFormula E la m\u00eame ann\u00e9e. <strong>Dix ans plus tard, la Formula E ne<br \/>\ntrouve pas de public stable, gal\u00e8re toujours \u00e0 imposer sa vision<br \/>\ndans le monde des sports m\u00e9caniques<\/strong>, malgr\u00e9 ce que leur<br \/>\n\u00e9quipe de communication aimerait nous faire croire. M\u00eame bilan pour<br \/>\nle MotoE, qui, finalement, n\u2019a jamais attir\u00e9 de public, alors que<br \/>\nles carburants renouvelables \u2013 et bient\u00f4t synth\u00e9tiques \u2013 pourraient<br \/>\nbien repr\u00e9senter l\u2019avenir tout en conservant l\u2019\u00e2me des sports<br \/>\nm\u00e9caniques. <strong>D\u2019ailleurs, en 2027, l\u2019essence utilis\u00e9e par les<br \/>\nMotoGP sera 100\u00a0% non fossile.<\/strong><\/p>\n<p>\u00a0<\/p>\n<p><img loading=\"lazy\" decoding=\"async\" aria-describedby=\"caption-attachment-1331128\" class=\"wp-image-1331128 size-full\" src=\"https:\/\/www.europesays.com\/fr\/wp-content\/uploads\/2025\/09\/MotoE-2.jpg\" alt=\"MotoE\" width=\"800\" height=\"533\"  \/><\/p>\n<p id=\"caption-attachment-1331128\" class=\"wp-caption-text\">\nApparemment, les courses ne sont pas mal. Photo : Michelin<br \/>\nMotorsport<\/p>\n<p>\u00a0<\/p>\n<p>C\u2019\u00e9tait le premier point que je voulais souligner\u00a0: on peut<br \/>\nf\u00e9liciter les plus hautes instances motocyclistes pour avoir rep\u00e9r\u00e9<br \/>\ncette faille, et l\u2019arr\u00eater avant que l\u2019\u00e9poque ne l\u2019impose. C\u2019\u00e9tait<br \/>\nd\u2019ailleurs le mot de Carmelo Ezpeleta\u00a0:<br \/>\n<strong>\u00ab\u00a0M\u00eame si nous cherchons constamment \u00e0 nous<br \/>\nr\u00e9inventer, sur la piste comme en dehors, nous devons \u00e9galement<br \/>\n\u00eatre \u00e0 l\u2019\u00e9coute de nos fans et du nouveau public que nous cherchons<br \/>\n\u00e0 toucher tout en observant l\u2019\u00e9volution du<br \/>\nmarch\u00e9\u00a0\u00bb<\/strong>. Je trouve cette d\u00e9marche honorable,<br \/>\net, au moins, cette \u00e8re se termine de mani\u00e8re digne. J\u2019esp\u00e8re que<br \/>\ncela pourra convaincre de grands constructeurs automobiles, qui,<br \/>\nvingt-cinq ans apr\u00e8s la premi\u00e8re Toyota Prius, <strong>nous forcent<br \/>\n\u00e0 aimer des voitures hybrides et \u00e9lectriques aussi inint\u00e9ressantes<br \/>\nles unes que les autres<\/strong>. Je digresse.<\/p>\n<p>\u00a0<\/p>\n<p>La mort d\u2019un championnat<\/p>\n<p>\u00a0<\/p>\n<p>Vous l\u2019aurez compris, cette suspension de programme ne me touche<br \/>\ngu\u00e8re, tout comme vous, j\u2019imagine. Cependant, l\u2019histoire nous<br \/>\napprend qu\u2019il ne faut jamais se r\u00e9jouir de l\u2019arr\u00eat d\u2019une<br \/>\ndiscipline, car cela ne pr\u00e9sage rien de bon. Les \u00e9quipes pr\u00e9sentes<br \/>\nen MotoE, qui sont les m\u00eames que celles sur les grilles des trois<br \/>\ncat\u00e9gories principales, perdront ainsi d\u2019importants sponsors, qui,<br \/>\neux, misaient sur cette image verte. <strong>De plus, certaines<br \/>\npersonnes vont peut-\u00eatre se retrouver sur le carreau, comme le<br \/>\ndisait Nadia Padovani, boss de Gresini Racing.<\/strong><\/p>\n<p>Il ne faut pas oublier que c\u2019\u00e9tait le point de chute de tr\u00e8s<br \/>\nbons pilotes, qui m\u00e9ritaient de courir sur les circuits du mondial,<br \/>\nmais qui n\u2019avaient plus d\u2019opportunit\u00e9s en Moto2 ou en MotoGP. Je<br \/>\npense ici \u00e0 Bradley Smith, Dominique Aegarter, Jordi Torres\u2026 et<br \/>\nd\u2019autres, qui ont commenc\u00e9 par le MotoE, comme <strong>Fermin<br \/>\nAldeguer (!)<\/strong> Pour eux, et les prochains, c\u2019est<br \/>\ndommage.<\/p>\n<p>\u00a0<\/p>\n<p><img loading=\"lazy\" decoding=\"async\" aria-describedby=\"caption-attachment-1331130\" class=\"wp-image-1331130 size-full\" src=\"https:\/\/www.europesays.com\/fr\/wp-content\/uploads\/2025\/09\/MotoE-1.jpg\" alt=\"MotoE\" width=\"799\" height=\"533\"  \/><\/p>\n<p id=\"caption-attachment-1331130\" class=\"wp-caption-text\">\nL\u2019\u00e9cosyst\u00e8me MotoGP est intrins\u00e8quement tr\u00e8s diff\u00e9rent de<br \/>\nl\u2019\u00e9cosyst\u00e8me Formule 1. Photo : Michelin Motorsport<\/p>\n<p>\u00a0<\/p>\n<p>Rester sur nos gardes<\/p>\n<p>\u00a0<\/p>\n<p><strong>Venons-en \u00e0 ce que j\u2019\u00e9voquais dans le chapeau de cet<br \/>\narticle<\/strong>. En fait, cette d\u00e9cision ne me surprend pas<br \/>\nvraiment, mais les arguments invoqu\u00e9s pour la l\u00e9gitimer, eux,<br \/>\nm\u2019alarment. Reprenons un instant les paroles d\u2019Ezpeleta\u00a0:<br \/>\n\u00ab\u00a0Nous devons \u00e9galement \u00eatre \u00e0 l\u2019\u00e9coute de nos fans et du<br \/>\nnouveau public\u00a0\u00bb, disait-il. C\u2019est sans doute une co\u00efncidence,<br \/>\n<strong><a href=\"https:\/\/www.paddock-gp.com\/motogp-alerte-les-premieres-mesures-de-lere-liberty-media-inquietent-deja\/\" target=\"_blank\" rel=\"noopener nofollow\">mais l\u2019arr\u00eat du MotoE\u00a0arrive en<br \/>\nm\u00eame temps que les premi\u00e8res d\u00e9cisions de Liberty<br \/>\nMedia<\/a><\/strong>, que nous \u00e9tudierons plus tard dans la semaine,<br \/>\ncar il y a beaucoup \u00e0 dire. <strong>Et si, demain, les<br \/>\n\u00ab\u00a0nouveaux fans\u00a0\u00bb se d\u00e9sint\u00e9ressaient du Moto2 et du<br \/>\nMoto3\u00a0?<\/strong> Faudrait-il supprimer ces cat\u00e9gories o\u00f9<br \/>\nr\u00e8gnent sans partage quelques constructeurs\u00a0? Faudrait-il les<br \/>\nrel\u00e9guer au rang de cat\u00e9gories de promotions, qui ne disputeraient<br \/>\npas les m\u00eames manches que les MotoGP\u00a0? Je me souviens d\u2019une<br \/>\n\u00e9poque o\u00f9, \u00e0 Laguna Seca, seules courraient les MotoGP dans le<br \/>\nweek-end. Aujourd\u2019hui, \u00e7a serait impensable, car DORNA a tout fait<br \/>\npour inclure au maximum les petites cat\u00e9gories dans le grand<br \/>\nshow <a href=\"https:\/\/www.motogp.com\/fr\/\" target=\"_blank\" rel=\"noopener nofollow\">MotoGP<\/a>. Mais demain, avec la s\u00e9paration<br \/>\nannonc\u00e9es des paddocks et la cr\u00e9ation d\u2019espaces VIP, n\u2019est-il pas \u00e0<br \/>\ncraindre que Liberty Media mette uniquement l\u2019accent sur la<br \/>\ncat\u00e9gorie reine, en invisibilisant ainsi les deux autres<br \/>\nclasses\u00a0? <strong>Actuellement, de nombreux directeurs<br \/>\nd\u2019\u00e9quipes redoutent ces mesures.<\/strong><\/p>\n<p>Cela m\u2019inqui\u00e8te beaucoup, et m\u00eame si la refonte du Moto3 devrait<br \/>\nprendre forme en 2028, rien ne nous garantit une bonne exposition.<br \/>\nContrairement aux monoplaces, les cat\u00e9gories inf\u00e9rieures ont<br \/>\ntoujours fait partie int\u00e9grante des Grands Prix motos, c\u2019est pour<br \/>\ncela qu\u2019on compte les titres acquis dans ces cylindr\u00e9es lorsqu\u2019on<br \/>\n\u00e9voque les palmar\u00e8s de nos plus grands champions. Mais le Moto2 ne<br \/>\npourrait-il pas devenir la Formule 2, s\u00e9rie pay to win<br \/>\nuniquement ax\u00e9e sur le d\u00e9veloppement de nouveaux talents et peu<br \/>\nexpos\u00e9e m\u00e9diatiquement\u00a0? <strong>Personnellement, c\u2019est ma<br \/>\ncrainte.<\/strong><\/p>\n<p>Restons donc vigilants quant \u00e0 ces grandes mesures, et ne nous<br \/>\nr\u00e9jouissons pas trop vite de la disparition d\u2019une s\u00e9rie qui,<br \/>\ncertes, ne nous a jamais int\u00e9ress\u00e9s, <strong>mais qui avait le<br \/>\nm\u00e9rite d\u2019exister comme le Moto2 et le Moto3<\/strong>.<\/p>\n<p>Je suis curieux de savoir ce que vous pensez de tout \u00e7a.<br \/>\n<strong>Dites-le-moi en commentaires\u00a0!<\/strong><\/p>\n<p>Pour rappel, cet article ne refl\u00e8te que la pens\u00e9e de son auteur,<br \/>\net pas de l\u2019enti\u00e8ret\u00e9 de la r\u00e9daction.<\/p>\n<p>\u00a0<\/p>\n<p><img loading=\"lazy\" decoding=\"async\" class=\"aligncenter size-full wp-image-1083609\" src=\"https:\/\/www.europesays.com\/fr\/wp-content\/uploads\/2025\/09\/motoe.jpg\" alt=\"\" width=\"800\" height=\"534\"  \/><\/p>\n<p>\u00a0<\/p>\n<p>Photo de couverture : Michelin Motorsport<\/p>\n","protected":false},"excerpt":{"rendered":"Vous avez sans doute vu passer la nouvelle lors du Grand Prix de Misano\u00a0: le championnat MotoE (la&hellip;\n","protected":false},"author":2,"featured_media":403069,"comment_status":"","ping_status":"","sticky":false,"template":"","format":"standard","meta":{"footnotes":""},"categories":[1413],"tags":[1011,27,1457,1456,60],"class_list":{"0":"post-403068","1":"post","2":"type-post","3":"status-publish","4":"format-standard","5":"has-post-thumbnail","7":"category-moto","8":"tag-fr","9":"tag-france","10":"tag-moto","11":"tag-motocycle","12":"tag-sports"},"share_on_mastodon":{"url":"https:\/\/pubeurope.com\/@fr\/115232621525913009","error":""},"_links":{"self":[{"href":"https:\/\/www.europesays.com\/fr\/wp-json\/wp\/v2\/posts\/403068","targetHints":{"allow":["GET"]}}],"collection":[{"href":"https:\/\/www.europesays.com\/fr\/wp-json\/wp\/v2\/posts"}],"about":[{"href":"https:\/\/www.europesays.com\/fr\/wp-json\/wp\/v2\/types\/post"}],"author":[{"embeddable":true,"href":"https:\/\/www.europesays.com\/fr\/wp-json\/wp\/v2\/users\/2"}],"replies":[{"embeddable":true,"href":"https:\/\/www.europesays.com\/fr\/wp-json\/wp\/v2\/comments?post=403068"}],"version-history":[{"count":0,"href":"https:\/\/www.europesays.com\/fr\/wp-json\/wp\/v2\/posts\/403068\/revisions"}],"wp:featuredmedia":[{"embeddable":true,"href":"https:\/\/www.europesays.com\/fr\/wp-json\/wp\/v2\/media\/403069"}],"wp:attachment":[{"href":"https:\/\/www.europesays.com\/fr\/wp-json\/wp\/v2\/media?parent=403068"}],"wp:term":[{"taxonomy":"category","embeddable":true,"href":"https:\/\/www.europesays.com\/fr\/wp-json\/wp\/v2\/categories?post=403068"},{"taxonomy":"post_tag","embeddable":true,"href":"https:\/\/www.europesays.com\/fr\/wp-json\/wp\/v2\/tags?post=403068"}],"curies":[{"name":"wp","href":"https:\/\/api.w.org\/{rel}","templated":true}]}}